{"id":169829,"date":"2014-04-09T00:05:36","date_gmt":"2014-04-09T05:05:36","guid":{"rendered":"http:\/\/www.diarioimagen.net\/?p=169829"},"modified":"2014-04-09T03:26:05","modified_gmt":"2014-04-09T08:26:05","slug":"rio-sonoro","status":"publish","type":"post","link":"https:\/\/www.diarioimagen.net\/?p=169829","title":{"rendered":"R\u00edo sonoro"},"content":{"rendered":"<h2>De frente y de perfil<\/h2>\n<h5>Ram\u00f3n Zurita Sahag\u00fan<\/h5>\n<p><span><br \/>\nDice el viejo refr\u00e1n que cuando el r\u00edo suena, es porque lleva agua, referencia que puede aplicarse en el caso de los comentarios y se\u00f1alamientos que en voz alta se hacen sobre algunos pol\u00edticos. La contundencia con la que el procurador general de la Rep\u00fablica, Jes\u00fas Murillo Karam, habl\u00f3 sobre las evidencias de las reuniones que Jes\u00fas Reyna Garc\u00eda sostuvo con Servando G\u00f3mez (\u201cLa Tuta\u201d), nos remontan a los se\u00f1alamientos que con anterioridad se hicieron sobre el mismo tema.<\/span><\/p>\n<p>Fueron variadas las voces que hablaron sobre esas eventuales reuniones, sin que nadie atendiera esas denuncias, que si bien no fueron presentadas ante la autoridad son las mismas que ahora pesan como presunci\u00f3n de culpabilidad del hoy arraigado.<\/p>\n<p>Claro que la diferencia es que el propio titular de la PGR asegur\u00f3 que cuentan con esas evidencias. Sin embargo, tocando solamente el caso de Michoac\u00e1n, hay otros se\u00f1alamientos que desde hace alg\u00fan tiempo se vienen haciendo sobre otros personajes, supuestamente, vinculados con los grupos delincuenciales que pululan en la entidad.<\/p>\n<p>Una de ellas se\u00f1ala a uno de los hijos del actual gobernador como una de las personas vinculadas a los grupos delictivos.<\/p>\n<p>Fausto Vallejo Figueroa no se encuentra exento tampoco de algunos de esos se\u00f1alamientos, aunque no se presentan pruebas de ello. La situaci\u00f3n imperante en Michoac\u00e1n y la atenci\u00f3n que el gobierno federal ha puesto en esa entidad, muestra la necesidad de que los ojos del gobierno federal se posen en otros estados, donde la situaci\u00f3n es, cuando menos, similar a la que opera en la tierra tarasca.<\/p>\n<p>Con los resultados obtenidos, tan buenos que en menos de tres meses se captur\u00f3 a varios de los principales mandos de \u201cLos Caballeros Templarios\u201d y se abati\u00f3 a dos de los tres principales cabecillas de ese grupo, los habitantes de otras entidades demandan atenci\u00f3n similar.<\/p>\n<p>Quieren que se act\u00fae a fondo, sin contemplaciones de ninguna clase, sin importar quien caiga o que ideolog\u00eda profesen.<\/p>\n<p>La idea es que se atiendan las insistentes versiones que hablan sobre una eventual cohabitaci\u00f3n entre los grupos delincuenciales y las autoridades, en algunos puntos del pa\u00eds, ya que la impunidad con que act\u00faa el crimen organizado es patente.<\/p>\n<p>Y es que distintas versiones se\u00f1alan la omisi\u00f3n (lo menos) de las autoridades para combatir a los grupos delincuenciales, cuando en otros casos se trata de colusi\u00f3n.<\/p>\n<p>Hasta el momento cada uno de los ex gobernadores del PRI que han sido procesados o que se encuentran sujetos a investigaci\u00f3n o incluso encarcelados ha sido precedido de una serie de se\u00f1alamientos sobre las irregularidades o delitos en que habr\u00edan incurrido.<\/p>\n<p>Tardaron bastante las autoridades, pero finalmente atendieron esas versiones, las que resultaron ciertas, cuando menos para actuar en contra de esos personajes. Es cierto que se trata de delitos diferentes, pero en todos ellos siempre corri\u00f3 la voz acerca de la comisi\u00f3n de il\u00edcitos que finalmente se pudieron comprobar.<\/p>\n<p>De los ex gobernadores pri\u00edstas que cayeron en desgracia, el primero que fue vinculado con los grupos delincuenciales fue el de Quintana Roo, Mario Ernesto Villanueva Madrid.<\/p>\n<p>Con Mario Ernesto sucedi\u00f3 lo mismo que pasa en la actualidad con Jes\u00fas Reyna Garc\u00eda, aunque con sus diferencias.<\/p>\n<p>Se teji\u00f3 toda una leyenda sobre supuestas vinculaciones en materia de protecci\u00f3n del entonces gobernador con los grupos delincuenciales que operaban en esa entidad.<\/p>\n<p>Sin embargo, siempre se mantuvo la duda sobre si en realidad Villanueva Madrid estaba en contubernio con ellos o si se trat\u00f3 de una venganza pol\u00edtica contra \u00e9l, ya que manten\u00eda rencillas con el entonces presidente Ernesto Zedillo Ponce de Le\u00f3n.<\/p>\n<p>Villanueva Madrid se encuentra preso desde hace m\u00e1s de una docena de a\u00f1os e incluso fue extraditado por el gobierno estadounidense y recluido en una prisi\u00f3n de Nueva York. Con el gobierno de Tom\u00e1s Yarrington Ruvalcaba se dio la explosi\u00f3n delincuencial en Tamaulipas.<\/p>\n<p>La expansi\u00f3n de las organizaciones criminales fue sumamente notoria y una y otra vez se se\u00f1al\u00f3 al gobernador Yarrington como protector de las mismas.<\/p>\n<p>El corrillo era frecuente y si bien no se mostraban pruebas de ello, la presencia de los grupos delincuenciales y su forma de operaci\u00f3n eran una muestra palpable de su presencia y actuaci\u00f3n. Pasaron los a\u00f1os y al t\u00e9rmino de su gesti\u00f3n, Yarrington aspir\u00f3 a la candidatura presidencial del PRI, misma que no alcanz\u00f3 como tampoco otras nominaciones que pretend\u00eda.<\/p>\n<p>Finalmente, luego de que concluy\u00f3 la administraci\u00f3n siguiente, se encontraron evidencias que establec\u00edan supuestos nexos del ex gobernador de Tamaulipas con esos mismos grupos y hoy se encuentra pr\u00f3fugo.<\/p>\n<p>Jorge Juan Torres L\u00f3pez, que fue gobernador interino de Coahuila, en sustituci\u00f3n de Humberto Moreira Valdez, cuando \u00e9ste vino a presidir el PRI nacional.<\/p>\n<p>Hoy se encuentra pr\u00f3fugo de la justicia, bajo la acusaci\u00f3n de \u201clavado\u201d de dinero. La acusaci\u00f3n viene de una corte texana, por una cuenta abierta en las Bahamas, en la que deposit\u00f3 m\u00e1s de 2 millones de d\u00f3lares.<\/p>\n<p>Andr\u00e9s Rafael Granier Melo es otro de los casos m\u00e1s sonoros de corrupci\u00f3n en que el gobierno no atend\u00eda las menciones que se hac\u00edan una y otra vez sobre los abusos que se comet\u00edan durante su administraci\u00f3n en Tabasco.<\/p>\n<p>Hoy, el ex gobernador de Tabasco se encuentra recluido en una prisi\u00f3n del sur de la capital del pa\u00eds, a la espera de sentencia.<\/p>\n<p>En cada uno de los casos de los ex gobernadores el r\u00edo era demasiado sonoro y cantarino como para que no se escuchara que llevaba agua. Existen muchos otros casos de funcionarios y ex funcionarios \u00a0de alto nivel, de los que se cuentan historias que valdr\u00eda la pena que la autoridad investigara y actuara en consecuencia, si es que existe responsabilidad por parte de esos malos funcionarios o, en caso contrario, se detuvieran esos comentarios o menciones malsanas.<\/p>\n<p><em><a href=\"mailto:ramonzurita44@hotmail.com\" target=\"_blank\">ramonzurita44@hotmail.com<br \/>\n<\/a><a href=\"mailto:zurita_sahagun@hotmail.com\" target=\"_blank\">zurita_sahagun@hotmail.com<\/a><\/em><\/p>\n","protected":false},"excerpt":{"rendered":"<p><span style=\"color: #005497;\"><strong>Ram\u00f3n Zurita Sahag\u00fan<\/strong><\/span><\/p>\n","protected":false},"author":3,"featured_media":0,"comment_status":"open","ping_status":"open","sticky":false,"template":"","format":"standard","meta":{"_monsterinsights_skip_tracking":false,"_monsterinsights_sitenote_active":false,"_monsterinsights_sitenote_note":"","_monsterinsights_sitenote_category":0,"footnotes":""},"categories":[234],"tags":[304,10324,19111,43674,43687],"class_list":["post-169829","post","type-post","status-publish","format-standard","hentry","category-ramon-zurita-sahagun","tag-de-frente-y-de-perfil","tag-la-tuta","tag-los-caballeros-templarios","tag-opinion","tag-ramon-zurita-sahagun"],"_links":{"self":[{"href":"https:\/\/www.diarioimagen.net\/index.php?rest_route=\/wp\/v2\/posts\/169829","targetHints":{"allow":["GET"]}}],"collection":[{"href":"https:\/\/www.diarioimagen.net\/index.php?rest_route=\/wp\/v2\/posts"}],"about":[{"href":"https:\/\/www.diarioimagen.net\/index.php?rest_route=\/wp\/v2\/types\/post"}],"author":[{"embeddable":true,"href":"https:\/\/www.diarioimagen.net\/index.php?rest_route=\/wp\/v2\/users\/3"}],"replies":[{"embeddable":true,"href":"https:\/\/www.diarioimagen.net\/index.php?rest_route=%2Fwp%2Fv2%2Fcomments&post=169829"}],"version-history":[{"count":0,"href":"https:\/\/www.diarioimagen.net\/index.php?rest_route=\/wp\/v2\/posts\/169829\/revisions"}],"wp:attachment":[{"href":"https:\/\/www.diarioimagen.net\/index.php?rest_route=%2Fwp%2Fv2%2Fmedia&parent=169829"}],"wp:term":[{"taxonomy":"category","embeddable":true,"href":"https:\/\/www.diarioimagen.net\/index.php?rest_route=%2Fwp%2Fv2%2Fcategories&post=169829"},{"taxonomy":"post_tag","embeddable":true,"href":"https:\/\/www.diarioimagen.net\/index.php?rest_route=%2Fwp%2Fv2%2Ftags&post=169829"}],"curies":[{"name":"wp","href":"https:\/\/api.w.org\/{rel}","templated":true}]}}