{"id":170195,"date":"2014-04-11T00:07:07","date_gmt":"2014-04-11T05:07:07","guid":{"rendered":"http:\/\/www.diarioimagen.net\/?p=170195"},"modified":"2014-04-11T04:14:47","modified_gmt":"2014-04-11T09:14:47","slug":"diputados-amplian-las-facultades-del-tsjdf","status":"publish","type":"post","link":"https:\/\/www.diarioimagen.net\/?p=170195","title":{"rendered":"Diputados ampl\u00edan las facultades del TSJDF"},"content":{"rendered":"<ul>\n<li><strong><em>El Tribunal capitalino podr\u00e1 iniciar leyes en materia civil, penal, familiar y de justicia para adolescentes<\/em><\/strong><\/li>\n<\/ul>\n<div id=\"attachment_170230\" style=\"width: 250px\" class=\"wp-caption alignleft\"><a href=\"http:\/\/www.diarioimagen.net\/wp-content\/uploads\/2014\/04\/TSJDF-2333.jpg\"><img loading=\"lazy\" decoding=\"async\" aria-describedby=\"caption-attachment-170230\" class=\"size-medium wp-image-170230\" alt=\"El TSJDF gozar\u00e1 de mayores facultades al cambiar diputados el Estatuto de Gobierno del Distrito Federal.\" src=\"http:\/\/www.diarioimagen.net\/wp-content\/uploads\/2014\/04\/TSJDF-2333-240x135.jpg\" width=\"240\" height=\"135\" srcset=\"https:\/\/www.diarioimagen.net\/wp-content\/uploads\/2014\/04\/TSJDF-2333-240x135.jpg 240w, https:\/\/www.diarioimagen.net\/wp-content\/uploads\/2014\/04\/TSJDF-2333-420x236.jpg 420w, https:\/\/www.diarioimagen.net\/wp-content\/uploads\/2014\/04\/TSJDF-2333-235x132.jpg 235w, https:\/\/www.diarioimagen.net\/wp-content\/uploads\/2014\/04\/TSJDF-2333-202x114.jpg 202w, https:\/\/www.diarioimagen.net\/wp-content\/uploads\/2014\/04\/TSJDF-2333-350x196.jpg 350w, https:\/\/www.diarioimagen.net\/wp-content\/uploads\/2014\/04\/TSJDF-2333-220x123.jpg 220w, https:\/\/www.diarioimagen.net\/wp-content\/uploads\/2014\/04\/TSJDF-2333-237x132.jpg 237w, https:\/\/www.diarioimagen.net\/wp-content\/uploads\/2014\/04\/TSJDF-2333.jpg 480w\" sizes=\"auto, (max-width: 240px) 100vw, 240px\" \/><\/a><p id=\"caption-attachment-170230\" class=\"wp-caption-text\">El TSJDF gozar\u00e1 de mayores facultades al cambiar diputados el Estatuto de Gobierno del Distrito Federal.<\/p><\/div>\n<p>El pleno de la C\u00e1mara de Diputados acord\u00f3 ampliar las facultades del Tribunal Superior de Justicia del Distrito Federal (TSJDF) para iniciar leyes y decretos respecto a la organizaci\u00f3n y funcionamiento de la administraci\u00f3n de justicia, especialmente en materia civil, penal, familiar y de justicia para adolescentes, en sus respectivos c\u00f3digos procesales, a excepci\u00f3n del penal.<\/p>\n<p>Con la reforma a la fracci\u00f3n II del art\u00edculo 46 del \u00a0Estatuto de Gobierno del Distrito Federal, avalada por 381 votos a favor, 17 en contra y 2 abstenciones, se busca perfeccionar el sistema jur\u00eddico vigente, al detectar y observar limitaciones, problemas, contradicciones o deficiencias al momento de su aplicaci\u00f3n.<\/p>\n<p>El documento, remitido al Senado de la Rep\u00fablica para sus efectos constitucionales, precisa que estos cambios no implican una violaci\u00f3n de competencias ni de facultades, ya que el hecho de conceder al Tribunal Superior de Justicia del DF la facultad de iniciativa ante la Asamblea Legislativa ampl\u00eda las propuestas que puede formular al respecto.<\/p>\n<p>Menciona que \u00e9stas tendr\u00e1n que ce\u00f1irse al proceso legislativo de todo proyecto de ley o decreto, el cual puede dar como resultado su aprobaci\u00f3n, su modificaci\u00f3n o su rechazo e inclusive el veto mismo. Se garantiza, por tanto, la separaci\u00f3n y equilibrio de poderes.<\/p>\n<p>Al fundamentar el dictamen, la presidenta de la Comisi\u00f3n del Distrito Federal, diputada Laura Barrera Fortoul (PRI), resalt\u00f3 que estas reformas ampl\u00edan las facultades del TSJDF en todo lo relacionado con la organizaci\u00f3n y funcionamiento de la administraci\u00f3n de justicia en las materias civil, familiar y de justicia para adolescentes en su aspecto procesal, con lo cual se fortalece la labor del tribunal.<\/p>\n<p>Indic\u00f3 que en los diversos estados del pa\u00eds, sus constituciones locales ya consagran este derecho de iniciativa para sus tribunales, algunas restringi\u00e9ndola en diferentes grados, concedi\u00e9ndola s\u00f3lo para regular asuntos internos de los propios tribunales y, en otras, abriendo el campo para todas las materias.<\/p>\n<p>El TSJDF, dijo, era el \u00fanico que no contaba con la facultad para ejercer el derecho de iniciativa, por lo que esta modificaci\u00f3n traer\u00e1 ventajas en la impartici\u00f3n de la justicia, al permitir que el \u00f3rgano encargado de desarrollar la funci\u00f3n judicial en el Distrito Federal pueda promover adecuaciones a su marco de adaptaci\u00f3n y presentar iniciativas ante la Asamblea Legislativa del DF, en materias jur\u00eddicas especializadas.<\/p>\n<p>En los posicionamientos, el diputado Ren\u00e9 Ricardo Fujiwara Montelongo (Nueva Alianza) resalt\u00f3 que la reforma es pertinente y adecuada, sobre todo a la luz de que otros estados del pa\u00eds ya la contemplan. \u201cCon este dictamen estar\u00edamos fortaleciendo la democracia y la impartici\u00f3n de justicia. Las aportaciones del tribunal ser\u00e1n de gran importancia\u201d.<\/p>\n<p>A\u00f1adi\u00f3 que el fortalecimiento de los derechos pol\u00edticos de los habitantes de la ciudad de M\u00e9xico debe ser prioridad en la agenda del Congreso de la Uni\u00f3n.<\/p>\n","protected":false},"excerpt":{"rendered":"<p>El pleno de la C\u00e1mara de Diputados acord\u00f3 ampliar las facultades del Tribunal Superior de Justicia del Distrito Federal (TSJDF) para iniciar leyes y decretos respecto a la organizaci\u00f3n y funcionamiento de la administraci\u00f3n de justicia, especialmente en materia civil, penal, familiar y de justicia para adolescentes, en sus respectivos c\u00f3digos procesales, a excepci\u00f3n del penal.<\/p>\n","protected":false},"author":3,"featured_media":170230,"comment_status":"open","ping_status":"open","sticky":false,"template":"","format":"standard","meta":{"_monsterinsights_skip_tracking":false,"_monsterinsights_sitenote_active":false,"_monsterinsights_sitenote_note":"","_monsterinsights_sitenote_category":0,"footnotes":""},"categories":[6],"tags":[98,204,2942,862],"class_list":["post-170195","post","type-post","status-publish","format-standard","has-post-thumbnail","hentry","category-cd-de-mexico","tag-camara-de-diputados","tag-ciudad-de-mexico","tag-tribunal-superior-de-justicia-del-distrito-federal","tag-tsjdf"],"_links":{"self":[{"href":"https:\/\/www.diarioimagen.net\/index.php?rest_route=\/wp\/v2\/posts\/170195","targetHints":{"allow":["GET"]}}],"collection":[{"href":"https:\/\/www.diarioimagen.net\/index.php?rest_route=\/wp\/v2\/posts"}],"about":[{"href":"https:\/\/www.diarioimagen.net\/index.php?rest_route=\/wp\/v2\/types\/post"}],"author":[{"embeddable":true,"href":"https:\/\/www.diarioimagen.net\/index.php?rest_route=\/wp\/v2\/users\/3"}],"replies":[{"embeddable":true,"href":"https:\/\/www.diarioimagen.net\/index.php?rest_route=%2Fwp%2Fv2%2Fcomments&post=170195"}],"version-history":[{"count":0,"href":"https:\/\/www.diarioimagen.net\/index.php?rest_route=\/wp\/v2\/posts\/170195\/revisions"}],"wp:featuredmedia":[{"embeddable":true,"href":"https:\/\/www.diarioimagen.net\/index.php?rest_route=\/wp\/v2\/media\/170230"}],"wp:attachment":[{"href":"https:\/\/www.diarioimagen.net\/index.php?rest_route=%2Fwp%2Fv2%2Fmedia&parent=170195"}],"wp:term":[{"taxonomy":"category","embeddable":true,"href":"https:\/\/www.diarioimagen.net\/index.php?rest_route=%2Fwp%2Fv2%2Fcategories&post=170195"},{"taxonomy":"post_tag","embeddable":true,"href":"https:\/\/www.diarioimagen.net\/index.php?rest_route=%2Fwp%2Fv2%2Ftags&post=170195"}],"curies":[{"name":"wp","href":"https:\/\/api.w.org\/{rel}","templated":true}]}}