{"id":170326,"date":"2014-04-14T00:13:44","date_gmt":"2014-04-14T05:13:44","guid":{"rendered":"http:\/\/www.diarioimagen.net\/?p=170326"},"modified":"2014-04-17T00:39:56","modified_gmt":"2014-04-17T05:39:56","slug":"edomex-garantiza-proteccion","status":"publish","type":"post","link":"https:\/\/www.diarioimagen.net\/?p=170326","title":{"rendered":"Edomex garantiza protecci\u00f3n"},"content":{"rendered":"<h2>Arco Norte<\/h2>\n<h5>Jos\u00e9 Luis Monta\u00f1ez Aguilar<\/h5>\n<p>&nbsp;<\/p>\n<div id=\"attachment_170404\" style=\"width: 250px\" class=\"wp-caption alignleft\"><a href=\"http:\/\/www.diarioimagen.net\/wp-content\/uploads\/2014\/04\/arco-2334.jpg\"><img loading=\"lazy\" decoding=\"async\" aria-describedby=\"caption-attachment-170404\" class=\"size-medium wp-image-170404\" alt=\"M\u00e1s de 15 mil polic\u00edas estatales, en coordinaci\u00f3n con casi 25 mil elementos municipales, as\u00ed como tres helic\u00f3pteros Rel\u00e1mpagos recorrer\u00e1n las principales zonas de alta din\u00e1mica social, econ\u00f3mica, tur\u00edstica y carreteras, adem\u00e1s de las zonas habitacionales hasta el 28 de abril.\" src=\"http:\/\/www.diarioimagen.net\/wp-content\/uploads\/2014\/04\/arco-2334-240x135.jpg\" width=\"240\" height=\"135\" srcset=\"https:\/\/www.diarioimagen.net\/wp-content\/uploads\/2014\/04\/arco-2334-240x135.jpg 240w, https:\/\/www.diarioimagen.net\/wp-content\/uploads\/2014\/04\/arco-2334-420x236.jpg 420w, https:\/\/www.diarioimagen.net\/wp-content\/uploads\/2014\/04\/arco-2334-235x132.jpg 235w, https:\/\/www.diarioimagen.net\/wp-content\/uploads\/2014\/04\/arco-2334-202x114.jpg 202w, https:\/\/www.diarioimagen.net\/wp-content\/uploads\/2014\/04\/arco-2334-350x196.jpg 350w, https:\/\/www.diarioimagen.net\/wp-content\/uploads\/2014\/04\/arco-2334-220x123.jpg 220w, https:\/\/www.diarioimagen.net\/wp-content\/uploads\/2014\/04\/arco-2334-237x132.jpg 237w, https:\/\/www.diarioimagen.net\/wp-content\/uploads\/2014\/04\/arco-2334.jpg 480w\" sizes=\"auto, (max-width: 240px) 100vw, 240px\" \/><\/a><p id=\"caption-attachment-170404\" class=\"wp-caption-text\">M\u00e1s de 15 mil polic\u00edas estatales, en coordinaci\u00f3n con casi 25 mil elementos municipales, as\u00ed como tres helic\u00f3pteros Rel\u00e1mpagos recorrer\u00e1n las principales zonas de alta din\u00e1mica social, econ\u00f3mica, tur\u00edstica y carreteras, adem\u00e1s de las zonas habitacionales hasta el 28 de abril.<\/p><\/div>\n<p>Para brindar protecci\u00f3n a los mexiquenses y a los turistas que visitan la entidad durante las vacaciones de Semana Santa, el gobernador Eruviel \u00c1vila Villegas anunci\u00f3 que, junto con todo su gabinete, se mantendr\u00e1 en sesi\u00f3n permanente de trabajo, principlamente las \u00e1reas relacionadas con seguridad, procuraci\u00f3n de justicia, salud, emergencias, protecci\u00f3n civil y turismo. Estas acciones, dijo, son complementarias al trabajo de coordinaci\u00f3n que se mantiene con las autoridades federales, para fortalecer la seguridad en la entidad. \u201cLos titulares de las diferentes dependencias estatales, con alto sentido de responsabilidad y solidarios con los mexiquenses y nuestros visitantes, estaremos trabajando estos d\u00edas para ofrecer a los turistas una estancia tranquila y que las familias puedan disfrutar estas vacaciones\u201d, expres\u00f3. El gobernador, quien personalmente coordina las acciones, detall\u00f3 que m\u00e1s de 15 mil polic\u00edas estatales, en coordinaci\u00f3n con casi 25 mil elementos municipales, as\u00ed como tres helic\u00f3pteros Rel\u00e1mpagos recorrer\u00e1n las principales zonas de alta din\u00e1mica social, econ\u00f3mica, tur\u00edstica y carreteras, adem\u00e1s de las zonas habitacionales hasta el 28 de abril. Se\u00f1al\u00f3 que la polic\u00eda tur\u00edstica, ubicada en 15 m\u00f3dulos de atenci\u00f3n, brindar\u00e1 seguridad en Valle de Bravo, Ixtapan de la Sal, Tonatico, Malinalco, Toluca, Metepec, Tepozotl\u00e1n y Teotihuac\u00e1n, entre otros. Destac\u00f3 que con el Programa Semana Santa en Grande, coordinado por la Secretar\u00eda de Turismo, vigilan de manera conjunta la polic\u00eda federal, \u00c1ngeles Verdes y la Secretar\u00eda de Seguridad Ciudadana.<\/p>\n<p><em><a href=\"mailto:montanezaguilar@gmail.com\" target=\"_blank\">montanezaguilar@gmail.com<\/a><\/em><\/p>\n","protected":false},"excerpt":{"rendered":"<p><span style=\"color: #005497;\"><strong>Jos\u00e9 Luis Monta\u00f1ez Aguilar<\/strong><\/span><br \/>\n<br \/>\nPara brindar protecci\u00f3n a los mexiquenses y a los turistas que visitan la entidad durante las vacaciones de Semana Santa, el gobernador Eruviel \u00c1vila Villegas anunci\u00f3 que, junto con todo su gabinete, se mantendr\u00e1 en sesi\u00f3n permanente de trabajo, principlamente las \u00e1reas relacionadas con seguridad, procuraci\u00f3n de justicia, salud, emergencias, protecci\u00f3n civil y turismo.<\/p>\n","protected":false},"author":3,"featured_media":170404,"comment_status":"open","ping_status":"open","sticky":false,"template":"","format":"standard","meta":{"_monsterinsights_skip_tracking":false,"_monsterinsights_sitenote_active":false,"_monsterinsights_sitenote_note":"","_monsterinsights_sitenote_category":0,"footnotes":""},"categories":[11622],"tags":[5828,43675,250,4975,876,43674,452,4972,1458],"class_list":["post-170326","post","type-post","status-publish","format-standard","has-post-thumbnail","hentry","category-jose-luis-montanez-aguilar","tag-eruviel-avila-villegas","tag-estado-de-mexico","tag-ixtapan-de-la-sal","tag-malinalco","tag-metepec","tag-opinion","tag-toluca","tag-tonatico","tag-valle-de-bravo"],"_links":{"self":[{"href":"https:\/\/www.diarioimagen.net\/index.php?rest_route=\/wp\/v2\/posts\/170326","targetHints":{"allow":["GET"]}}],"collection":[{"href":"https:\/\/www.diarioimagen.net\/index.php?rest_route=\/wp\/v2\/posts"}],"about":[{"href":"https:\/\/www.diarioimagen.net\/index.php?rest_route=\/wp\/v2\/types\/post"}],"author":[{"embeddable":true,"href":"https:\/\/www.diarioimagen.net\/index.php?rest_route=\/wp\/v2\/users\/3"}],"replies":[{"embeddable":true,"href":"https:\/\/www.diarioimagen.net\/index.php?rest_route=%2Fwp%2Fv2%2Fcomments&post=170326"}],"version-history":[{"count":0,"href":"https:\/\/www.diarioimagen.net\/index.php?rest_route=\/wp\/v2\/posts\/170326\/revisions"}],"wp:featuredmedia":[{"embeddable":true,"href":"https:\/\/www.diarioimagen.net\/index.php?rest_route=\/wp\/v2\/media\/170404"}],"wp:attachment":[{"href":"https:\/\/www.diarioimagen.net\/index.php?rest_route=%2Fwp%2Fv2%2Fmedia&parent=170326"}],"wp:term":[{"taxonomy":"category","embeddable":true,"href":"https:\/\/www.diarioimagen.net\/index.php?rest_route=%2Fwp%2Fv2%2Fcategories&post=170326"},{"taxonomy":"post_tag","embeddable":true,"href":"https:\/\/www.diarioimagen.net\/index.php?rest_route=%2Fwp%2Fv2%2Ftags&post=170326"}],"curies":[{"name":"wp","href":"https:\/\/api.w.org\/{rel}","templated":true}]}}