{"id":170332,"date":"2014-04-14T00:04:10","date_gmt":"2014-04-14T05:04:10","guid":{"rendered":"http:\/\/www.diarioimagen.net\/?p=170332"},"modified":"2014-04-17T04:04:45","modified_gmt":"2014-04-17T09:04:45","slug":"mancera-ordena-aclarar-incidente-en-el-zocalo","status":"publish","type":"post","link":"https:\/\/www.diarioimagen.net\/?p=170332","title":{"rendered":"Mancera ordena aclarar incidente en el Z\u00f3calo"},"content":{"rendered":"<ul>\n<li><strong><em>El titular de Protecci\u00f3n Civil capitalino, Fausto Lugo, reconoci\u00f3 el exceso de cupo para escuchar a un conferencista<\/em><\/strong><\/li>\n<\/ul>\n<div id=\"attachment_170414\" style=\"width: 250px\" class=\"wp-caption alignleft\"><a href=\"http:\/\/www.diarioimagen.net\/wp-content\/uploads\/2014\/04\/mancera-2334.jpg\"><img loading=\"lazy\" decoding=\"async\" aria-describedby=\"caption-attachment-170414\" class=\"size-medium wp-image-170414\" alt=\"Investigar a fondo las causas de un percance ocurrido en la Aldea Digital, ordena el jefe del GDF, Miguel \u00c1ngel Mancera.\" src=\"http:\/\/www.diarioimagen.net\/wp-content\/uploads\/2014\/04\/mancera-2334-240x135.jpg\" width=\"240\" height=\"135\" srcset=\"https:\/\/www.diarioimagen.net\/wp-content\/uploads\/2014\/04\/mancera-2334-240x135.jpg 240w, https:\/\/www.diarioimagen.net\/wp-content\/uploads\/2014\/04\/mancera-2334-420x236.jpg 420w, https:\/\/www.diarioimagen.net\/wp-content\/uploads\/2014\/04\/mancera-2334-235x132.jpg 235w, https:\/\/www.diarioimagen.net\/wp-content\/uploads\/2014\/04\/mancera-2334-202x114.jpg 202w, https:\/\/www.diarioimagen.net\/wp-content\/uploads\/2014\/04\/mancera-2334-350x196.jpg 350w, https:\/\/www.diarioimagen.net\/wp-content\/uploads\/2014\/04\/mancera-2334-220x123.jpg 220w, https:\/\/www.diarioimagen.net\/wp-content\/uploads\/2014\/04\/mancera-2334-237x132.jpg 237w, https:\/\/www.diarioimagen.net\/wp-content\/uploads\/2014\/04\/mancera-2334.jpg 480w\" sizes=\"auto, (max-width: 240px) 100vw, 240px\" \/><\/a><p id=\"caption-attachment-170414\" class=\"wp-caption-text\">Investigar a fondo las causas de un percance ocurrido en la Aldea Digital, ordena el jefe del GDF, Miguel \u00c1ngel Mancera.<\/p><\/div>\n<p>Miguel \u00c1ngel Mancera Espinosa, jefe de gobierno del Distrito Federal, instruy\u00f3 a la Secretar\u00eda de Protecci\u00f3n Civil aclarar el incidente en el Z\u00f3calo capitalino que dej\u00f3 diez personas lesionadas al caer uno de los templetes instalados para rea\u00adlizar la Aldea Digital.<\/p>\n<p>\u201cInstru\u00ed a @SPCCDMX para que explique y aclare los incidentes que acontecieron hace unos momentos en #AldeaDigitalCDMX #mm\u201d, escribi\u00f3 Mancera en su cuenta de Twitter @ManceraMiguelMX.<\/p>\n<p>\u201cSi visitan la #AldeaDigitalCDMX les sugiero que sigan las instrucciones del personal de @SPCCDMX que est\u00e1 para atenderlos #mm\u201d, a\u00f1adi\u00f3 en otro mensaje.<\/p>\n<p>Por su parte, el secretario de Protecci\u00f3n Civil capitalino, Fausto Lugo, hizo algunas precisiones en su cuenta de <em>Twitter<\/em> \u200f@FaustoLugo sobre los incidentes en la Aldea Digital.<\/p>\n<p>\u201cLa AldeaDigital tuvo de conferencista a Germ\u00e1n como parte de su ciclo de eventos, el cual super\u00f3 las expectativas de los asistentes\u201d, escribi\u00f3 en un tuit.<\/p>\n<p>\u201cPor el deseo de muchos asistentes al Z\u00f3calo de querer entrar y escuchar la conferencia, se causaron empujones y derribo de las contenciones\u201d, a\u00f1adi\u00f3.<\/p>\n<p>El funcionario mencion\u00f3 en <em>Twitter<\/em> que los servicios m\u00e9dicos atendieron a tres personas, de las cuales ninguna fue reportada como grave.<\/p>\n<p>\u201cPor parte de la @SPCCDMX y de los servicios de emergencia se reforz\u00f3 todo el operativo de seguridad en el Z\u00f3calo. @ManceraMiguelMX\u201d, agreg\u00f3 en otro mensaje.<\/p>\n<p>Adem\u00e1s, Lugo indic\u00f3 que la operaci\u00f3n en la Aldea Digital es normal y garantiz\u00f3 que Protecci\u00f3n Civil de la ciudad de M\u00e9xico mantendr\u00e1 el seguimiento de todos los eventos que se presenten en el evento en el Z\u00f3calo capitalino.<\/p>\n<p>En tanto, la Secretar\u00eda de Seguridad P\u00fablica del gobierno del Distrito Federal (SSPDF) confirm\u00f3 que 10 j\u00f3venes resultaron con lesiones leves al caer de uno de los templetes instalados en la Aldea Digital para seguir la presentaci\u00f3n del vlogguer chileno Germ\u00e1n Garmendia, cuya presentaci\u00f3n se cancel\u00f3.<\/p>\n","protected":false},"excerpt":{"rendered":"<p>Miguel \u00c1ngel Mancera Espinosa, jefe de gobierno del Distrito Federal, instruy\u00f3 a la Secretar\u00eda de Protecci\u00f3n Civil aclarar el incidente en el Z\u00f3calo capitalino que dej\u00f3 diez personas lesionadas al caer uno de los templetes instalados para rea\u00adlizar la Aldea Digital.<\/p>\n","protected":false},"author":3,"featured_media":170414,"comment_status":"open","ping_status":"open","sticky":false,"template":"","format":"standard","meta":{"_monsterinsights_skip_tracking":false,"_monsterinsights_sitenote_active":false,"_monsterinsights_sitenote_note":"","_monsterinsights_sitenote_category":0,"footnotes":""},"categories":[17,6],"tags":[31951,5314,57,7056],"class_list":["post-170332","post","type-post","status-publish","format-standard","has-post-thumbnail","hentry","category-especiales","category-cd-de-mexico","tag-aldea-digital","tag-miguel-angel-mancera-espinosa","tag-proteccion-civil","tag-zocalo"],"_links":{"self":[{"href":"https:\/\/www.diarioimagen.net\/index.php?rest_route=\/wp\/v2\/posts\/170332","targetHints":{"allow":["GET"]}}],"collection":[{"href":"https:\/\/www.diarioimagen.net\/index.php?rest_route=\/wp\/v2\/posts"}],"about":[{"href":"https:\/\/www.diarioimagen.net\/index.php?rest_route=\/wp\/v2\/types\/post"}],"author":[{"embeddable":true,"href":"https:\/\/www.diarioimagen.net\/index.php?rest_route=\/wp\/v2\/users\/3"}],"replies":[{"embeddable":true,"href":"https:\/\/www.diarioimagen.net\/index.php?rest_route=%2Fwp%2Fv2%2Fcomments&post=170332"}],"version-history":[{"count":0,"href":"https:\/\/www.diarioimagen.net\/index.php?rest_route=\/wp\/v2\/posts\/170332\/revisions"}],"wp:featuredmedia":[{"embeddable":true,"href":"https:\/\/www.diarioimagen.net\/index.php?rest_route=\/wp\/v2\/media\/170414"}],"wp:attachment":[{"href":"https:\/\/www.diarioimagen.net\/index.php?rest_route=%2Fwp%2Fv2%2Fmedia&parent=170332"}],"wp:term":[{"taxonomy":"category","embeddable":true,"href":"https:\/\/www.diarioimagen.net\/index.php?rest_route=%2Fwp%2Fv2%2Fcategories&post=170332"},{"taxonomy":"post_tag","embeddable":true,"href":"https:\/\/www.diarioimagen.net\/index.php?rest_route=%2Fwp%2Fv2%2Ftags&post=170332"}],"curies":[{"name":"wp","href":"https:\/\/api.w.org\/{rel}","templated":true}]}}