{"id":170365,"date":"2014-04-14T00:07:26","date_gmt":"2014-04-14T05:07:26","guid":{"rendered":"http:\/\/www.diarioimagen.net\/?p=170365"},"modified":"2014-04-14T03:09:31","modified_gmt":"2014-04-14T08:09:31","slug":"sedesol-creara-16597-empleos-en-oaxaca","status":"publish","type":"post","link":"https:\/\/www.diarioimagen.net\/?p=170365","title":{"rendered":"Sedesol crear\u00e1 16,597 empleos en Oaxaca"},"content":{"rendered":"<ul>\n<li><strong><em>Se ubicar\u00e1n en los municipios de mayor marginaci\u00f3n y alta p\u00e9rdida de fuentes laborales en la entidad<\/em><\/strong><\/li>\n<\/ul>\n<div id=\"attachment_170422\" style=\"width: 250px\" class=\"wp-caption alignleft\"><a href=\"http:\/\/www.diarioimagen.net\/wp-content\/uploads\/2014\/04\/sedesol-2334.jpg\"><img loading=\"lazy\" decoding=\"async\" aria-describedby=\"caption-attachment-170422\" class=\"size-medium wp-image-170422\" alt=\"El Comit\u00e9 Estatal del Programa de Empleo Temporal en Oaxaca realiz\u00f3 su primera sesi\u00f3n, en la que aprobaron 91 proyectos, con una  inversi\u00f3n de casi 21 millones de pesos.\" src=\"http:\/\/www.diarioimagen.net\/wp-content\/uploads\/2014\/04\/sedesol-2334-240x135.jpg\" width=\"240\" height=\"135\" srcset=\"https:\/\/www.diarioimagen.net\/wp-content\/uploads\/2014\/04\/sedesol-2334-240x135.jpg 240w, https:\/\/www.diarioimagen.net\/wp-content\/uploads\/2014\/04\/sedesol-2334-420x236.jpg 420w, https:\/\/www.diarioimagen.net\/wp-content\/uploads\/2014\/04\/sedesol-2334-235x132.jpg 235w, https:\/\/www.diarioimagen.net\/wp-content\/uploads\/2014\/04\/sedesol-2334-202x114.jpg 202w, https:\/\/www.diarioimagen.net\/wp-content\/uploads\/2014\/04\/sedesol-2334-350x196.jpg 350w, https:\/\/www.diarioimagen.net\/wp-content\/uploads\/2014\/04\/sedesol-2334-220x123.jpg 220w, https:\/\/www.diarioimagen.net\/wp-content\/uploads\/2014\/04\/sedesol-2334-237x132.jpg 237w, https:\/\/www.diarioimagen.net\/wp-content\/uploads\/2014\/04\/sedesol-2334.jpg 480w\" sizes=\"auto, (max-width: 240px) 100vw, 240px\" \/><\/a><p id=\"caption-attachment-170422\" class=\"wp-caption-text\">El Comit\u00e9 Estatal del Programa de Empleo Temporal en Oaxaca realiz\u00f3 su primera sesi\u00f3n, en la que aprobaron 91 proyectos, con una inversi\u00f3n de casi 21 millones de pesos.<\/p><\/div>\n<p>La Secretar\u00eda de Desarrollo Social (Sedesol) generar\u00e1 16 mil 597 puestos de trabajo en apoyo a la poblaci\u00f3n de municipios considerados de mayor marginaci\u00f3n y alta p\u00e9rdida de empleo de Oaxaca, a trav\u00e9s del Programa de Empleo Temporal.<\/p>\n<p>Durante la primera reuni\u00f3n del Comit\u00e9 Estatal del Programa de Empleo Temporal 2014 (CEPET), el delegado de la Sedesol en Oaxaca, Jos\u00e9 Antonio Aguilar San Sebasti\u00e1n, destac\u00f3 que la dependencia tiene asignado para dicho programa 65.8 millones de pesos.<\/p>\n<p>En un comunicado, detall\u00f3 que los municipios considerados en la Cruzada Nacional Contra el Hambre ingresaron 316 proyectos, que contemplan el pago de 823 mil 385 jornales.<\/p>\n<p>En la reuni\u00f3n, a la que asistieron representantes del Centro SCT-Oaxaca, de la Secretar\u00eda del Trabajo y Previsi\u00f3n Social y la coordinadora del Servicio Nacional de Empleo en Oaxaca, Naxhiely Estrada Bautista, se acord\u00f3 considerar a los 291 municipios de la Cruzada Nacional Contra el Hambre.<\/p>\n<p>Se inform\u00f3 que los funcionarios federales validaron, en esta primera sesi\u00f3n del CEPET, 75 proyectos de municipios de muy alta marginaci\u00f3n; ocho de municipios de alta p\u00e9rdida de empleo, y ocho de planeaci\u00f3n participativa; en total 91, con una inversi\u00f3n de 20.7 millones de pesos.<\/p>\n<p>Refiri\u00f3 que los proyectos de obra ingresados al Programa de Empleo Temporal son en su mayor\u00eda, de rehabilitaci\u00f3n de escuelas, ampliaci\u00f3n o rehabilitaci\u00f3n de sistemas de agua potable, viviendas, Centro de Salud, construcci\u00f3n de sanitarios ecol\u00f3gicos y de bordos de tierra compactada, entre otros.<\/p>\n<p>Estos fueron aprobados tomando como referencia los indicadores de la Cruzada Nacional Contra el Hambre, de carencias en educaci\u00f3n, salud, alimentaci\u00f3n y vivienda.<\/p>\n<p>&nbsp;<\/p>\n","protected":false},"excerpt":{"rendered":"<p>La Secretar\u00eda de Desarrollo Social (Sedesol) generar\u00e1 16 mil 597 puestos de trabajo en apoyo a la poblaci\u00f3n de municipios considerados de mayor marginaci\u00f3n y alta p\u00e9rdida de empleo de Oaxaca, a trav\u00e9s del Programa de Empleo Temporal.<\/p>\n","protected":false},"author":3,"featured_media":170422,"comment_status":"open","ping_status":"open","sticky":false,"template":"","format":"standard","meta":{"_monsterinsights_skip_tracking":false,"_monsterinsights_sitenote_active":false,"_monsterinsights_sitenote_note":"","_monsterinsights_sitenote_category":0,"footnotes":""},"categories":[3],"tags":[481,43673,491,1998],"class_list":["post-170365","post","type-post","status-publish","format-standard","has-post-thumbnail","hentry","category-nacional","tag-empleo","tag-nacional","tag-oaxaca","tag-sedesol"],"_links":{"self":[{"href":"https:\/\/www.diarioimagen.net\/index.php?rest_route=\/wp\/v2\/posts\/170365","targetHints":{"allow":["GET"]}}],"collection":[{"href":"https:\/\/www.diarioimagen.net\/index.php?rest_route=\/wp\/v2\/posts"}],"about":[{"href":"https:\/\/www.diarioimagen.net\/index.php?rest_route=\/wp\/v2\/types\/post"}],"author":[{"embeddable":true,"href":"https:\/\/www.diarioimagen.net\/index.php?rest_route=\/wp\/v2\/users\/3"}],"replies":[{"embeddable":true,"href":"https:\/\/www.diarioimagen.net\/index.php?rest_route=%2Fwp%2Fv2%2Fcomments&post=170365"}],"version-history":[{"count":0,"href":"https:\/\/www.diarioimagen.net\/index.php?rest_route=\/wp\/v2\/posts\/170365\/revisions"}],"wp:featuredmedia":[{"embeddable":true,"href":"https:\/\/www.diarioimagen.net\/index.php?rest_route=\/wp\/v2\/media\/170422"}],"wp:attachment":[{"href":"https:\/\/www.diarioimagen.net\/index.php?rest_route=%2Fwp%2Fv2%2Fmedia&parent=170365"}],"wp:term":[{"taxonomy":"category","embeddable":true,"href":"https:\/\/www.diarioimagen.net\/index.php?rest_route=%2Fwp%2Fv2%2Fcategories&post=170365"},{"taxonomy":"post_tag","embeddable":true,"href":"https:\/\/www.diarioimagen.net\/index.php?rest_route=%2Fwp%2Fv2%2Ftags&post=170365"}],"curies":[{"name":"wp","href":"https:\/\/api.w.org\/{rel}","templated":true}]}}