{"id":170458,"date":"2014-04-15T00:04:10","date_gmt":"2014-04-15T05:04:10","guid":{"rendered":"http:\/\/www.diarioimagen.net\/?p=170458"},"modified":"2014-04-15T02:59:33","modified_gmt":"2014-04-15T07:59:33","slug":"vuelca-una-pipa-de-gas-en-la-salida-a-la-carretera-mexico-pachuca","status":"publish","type":"post","link":"https:\/\/www.diarioimagen.net\/?p=170458","title":{"rendered":"Vuelca pipa de gas en la M\u00e9xico-Pachuca"},"content":{"rendered":"<ul>\n<li><em><strong>Provoca caos vial<\/strong><\/em><\/li>\n<\/ul>\n<div id=\"attachment_170459\" style=\"width: 250px\" class=\"wp-caption alignleft\"><img loading=\"lazy\" decoding=\"async\" aria-describedby=\"caption-attachment-170459\" class=\"size-medium wp-image-170459 \" alt=\"No se reporta fuga de gas.\" src=\"http:\/\/www.diarioimagen.net\/wp-content\/uploads\/2014\/04\/PIPA-portal-240x135.jpg\" width=\"240\" height=\"135\" srcset=\"https:\/\/www.diarioimagen.net\/wp-content\/uploads\/2014\/04\/PIPA-portal-240x135.jpg 240w, https:\/\/www.diarioimagen.net\/wp-content\/uploads\/2014\/04\/PIPA-portal-420x236.jpg 420w, https:\/\/www.diarioimagen.net\/wp-content\/uploads\/2014\/04\/PIPA-portal-235x132.jpg 235w, https:\/\/www.diarioimagen.net\/wp-content\/uploads\/2014\/04\/PIPA-portal-202x114.jpg 202w, https:\/\/www.diarioimagen.net\/wp-content\/uploads\/2014\/04\/PIPA-portal-350x196.jpg 350w, https:\/\/www.diarioimagen.net\/wp-content\/uploads\/2014\/04\/PIPA-portal-220x123.jpg 220w, https:\/\/www.diarioimagen.net\/wp-content\/uploads\/2014\/04\/PIPA-portal-237x132.jpg 237w, https:\/\/www.diarioimagen.net\/wp-content\/uploads\/2014\/04\/PIPA-portal.jpg 480w\" sizes=\"auto, (max-width: 240px) 100vw, 240px\" \/><p id=\"caption-attachment-170459\" class=\"wp-caption-text\">El percance de esta pipa de gas ocasion\u00f3 un severo embotellamiento sobre la autopista M\u00e9xico-Pachuca.<\/p><\/div>\n<p>La circulaci\u00f3n vehicular en la Autopista M\u00e9xico-Pachuca, a la altura de colonia El Risco, en la delegaci\u00f3n Gustavo A. Madero, se vio severamente afectado la ma\u00f1ana de ayer debido a la volcadura de una pipa de gas que no dej\u00f3 lesionados.<\/p>\n<p>Debido al percance, las autoridades realizaron cortes a la circulaci\u00f3n y fue hasta pasado el mediod\u00eda cuando se reabri\u00f3 la vialidad en su totalidad.<\/p>\n<p>\u201cTerminamos de laborar en la Autopista M\u00e9xico-Pachuca, reabierta la circulaci\u00f3n en ambos sentidos\u201d, dio a conocer el director general del Heroico Cuerpo de Bomberos de la Ciudad de M\u00e9xico, Esquivel en su cuenta de Twitter, @Raul_Esquivel_C.<\/p>\n<p>En tanto, la Secretar\u00eda de Seguridad P\u00fablica capitalina report\u00f3 a trav\u00e9s de su cuenta en la misma red social @OVIALCDMX, que \u201cse restablece la circulaci\u00f3n de Av. #Insurgentes a la altura de CTM al norte, luego de movilizaci\u00f3n de servicios de emergencia\u201d.<\/p>\n<p>Seg\u00fan las primeras investigaciones, el veh\u00edculo de la empresa Flama Azul perdi\u00f3 el control al ingresar a una curva y volc\u00f3, sin dejar personas heridas.<\/p>\n<p>El accidente ocurri\u00f3 con direcci\u00f3n a Pachuca y ocasion\u00f3 que por minutos todos los carriles se cerraran para que los cuerpos de emergencia maniobraran.<\/p>\n","protected":false},"excerpt":{"rendered":"<p>La circulaci\u00f3n vehicular en la Autopista M\u00e9xico-Pachuca, a la altura de colonia El Risco, en la delegaci\u00f3n Gustavo A. Madero, se vio severamente afectado la ma\u00f1ana de ayer debido a la volcadura de una pipa de gas que no dej\u00f3 lesionados.<\/p>\n","protected":false},"author":5,"featured_media":170459,"comment_status":"open","ping_status":"open","sticky":false,"template":"","format":"standard","meta":{"_monsterinsights_skip_tracking":false,"_monsterinsights_sitenote_active":false,"_monsterinsights_sitenote_note":"","_monsterinsights_sitenote_category":0,"footnotes":""},"categories":[7],"tags":[43675,561,12094,163,44,2393],"class_list":["post-170458","post","type-post","status-publish","format-standard","has-post-thumbnail","hentry","category-seguridad","tag-estado-de-mexico","tag-gustavo-a-madero","tag-indios-verdes","tag-metro","tag-mexico","tag-pachuca"],"_links":{"self":[{"href":"https:\/\/www.diarioimagen.net\/index.php?rest_route=\/wp\/v2\/posts\/170458","targetHints":{"allow":["GET"]}}],"collection":[{"href":"https:\/\/www.diarioimagen.net\/index.php?rest_route=\/wp\/v2\/posts"}],"about":[{"href":"https:\/\/www.diarioimagen.net\/index.php?rest_route=\/wp\/v2\/types\/post"}],"author":[{"embeddable":true,"href":"https:\/\/www.diarioimagen.net\/index.php?rest_route=\/wp\/v2\/users\/5"}],"replies":[{"embeddable":true,"href":"https:\/\/www.diarioimagen.net\/index.php?rest_route=%2Fwp%2Fv2%2Fcomments&post=170458"}],"version-history":[{"count":0,"href":"https:\/\/www.diarioimagen.net\/index.php?rest_route=\/wp\/v2\/posts\/170458\/revisions"}],"wp:featuredmedia":[{"embeddable":true,"href":"https:\/\/www.diarioimagen.net\/index.php?rest_route=\/wp\/v2\/media\/170459"}],"wp:attachment":[{"href":"https:\/\/www.diarioimagen.net\/index.php?rest_route=%2Fwp%2Fv2%2Fmedia&parent=170458"}],"wp:term":[{"taxonomy":"category","embeddable":true,"href":"https:\/\/www.diarioimagen.net\/index.php?rest_route=%2Fwp%2Fv2%2Fcategories&post=170458"},{"taxonomy":"post_tag","embeddable":true,"href":"https:\/\/www.diarioimagen.net\/index.php?rest_route=%2Fwp%2Fv2%2Ftags&post=170458"}],"curies":[{"name":"wp","href":"https:\/\/api.w.org\/{rel}","templated":true}]}}