{"id":170550,"date":"2014-04-15T00:08:35","date_gmt":"2014-04-15T05:08:35","guid":{"rendered":"http:\/\/www.diarioimagen.net\/?p=170550"},"modified":"2014-04-15T03:31:27","modified_gmt":"2014-04-15T08:31:27","slug":"garantizada-la-seguridad-en-edomex-pedro-vargas","status":"publish","type":"post","link":"https:\/\/www.diarioimagen.net\/?p=170550","title":{"rendered":"Garantizada, la seguridad en Edomex: Pedro Vargas"},"content":{"rendered":"<ul>\n<li><strong><em>El presidente de la Comisi\u00f3n de Desarrollo Tur\u00edstico reconce las acciones iniciadas por el gobernador Eruviel \u00c1vila Villegas<\/em><\/strong><\/li>\n<\/ul>\n<div id=\"attachment_170620\" style=\"width: 250px\" class=\"wp-caption alignleft\"><a href=\"http:\/\/www.diarioimagen.net\/wp-content\/uploads\/2014\/04\/LEGISLATURA-2335.jpg\"><img loading=\"lazy\" decoding=\"async\" aria-describedby=\"caption-attachment-170620\" class=\"size-medium wp-image-170620\" alt=\"El diputado mexiquense Pedro Vargas habl\u00f3 en su calidad de presidente de la Comisi\u00f3n de Desarrollo Tur\u00edstico, de los operativos de seguridad desplegados en la entidad.\" src=\"http:\/\/www.diarioimagen.net\/wp-content\/uploads\/2014\/04\/LEGISLATURA-2335-240x159.jpg\" width=\"240\" height=\"159\" srcset=\"https:\/\/www.diarioimagen.net\/wp-content\/uploads\/2014\/04\/LEGISLATURA-2335-240x159.jpg 240w, https:\/\/www.diarioimagen.net\/wp-content\/uploads\/2014\/04\/LEGISLATURA-2335-420x279.jpg 420w, https:\/\/www.diarioimagen.net\/wp-content\/uploads\/2014\/04\/LEGISLATURA-2335.jpg 700w\" sizes=\"auto, (max-width: 240px) 100vw, 240px\" \/><\/a><p id=\"caption-attachment-170620\" class=\"wp-caption-text\">El diputado mexiquense Pedro Vargas habl\u00f3 en su calidad de presidente de la Comisi\u00f3n de Desarrollo Tur\u00edstico, de los operativos de seguridad desplegados en la entidad.<\/p><\/div>\n<p>La seguridad de los turistas nacionales y extranjeros est\u00e1 garantizada en el Estado de M\u00e9xico, estableci\u00f3 el presidente de la Comisi\u00f3n Legislativa de Desarrollo Tur\u00edstico y Artesanal, diputado Everardo Pedro Vargas Reyes, quien recomend\u00f3 a los 25 millones de habitantes de nuestra entidad y el Distrito Federal, que representan la zona metropolitana m\u00e1s grande de Latinoam\u00e9rica, visitar los sitios tur\u00edsticos del estado, que est\u00e1n listos para recibirlos en las vacaciones de la semana mayor.<\/p>\n<p>La poblaci\u00f3n y el turismo, abund\u00f3, est\u00e1 a\u00fan m\u00e1s resguardado gracias a las acciones emprendidas por el gobernador Eruviel \u00c1vila Villegas, como la firma del convenio con el secretario de la Marina, Vidal Francisco Sober\u00f3n, para donar un predio en Valle de Bravo, donde se invertir\u00e1n recursos estatales por 50 millones de pesos en una primera etapa, para la construcci\u00f3n de la Unidad de Adiestramiento de Infanter\u00eda y Fuerzas Especiales, adem\u00e1s de anunciar la instalaci\u00f3n de 10 nuevas Bases de Operaci\u00f3n Mixta (BOM), para llegar a 43 grupos de este tipo en la entidad.<\/p>\n<p>Con este programa adicional de seguridad p\u00fablica que se suma a otros como el de rescate de espacios p\u00fablicos y al Programa Semana Santa en Grande,\u00a0en el que participan efectivos de las polic\u00edas federal, estatal y municipales y \u00c1ngeles Verdes, los turistas no tienen nada de qu\u00e9 preocuparse, estableci\u00f3 el legislador, quien tambi\u00e9n dio a conocer que incluso este a\u00f1o la entidad espera una derrama econ\u00f3mica superior a la registrada el a\u00f1o pasado durante la temporada vacacional.<\/p>\n<p>Reconoci\u00f3 que, gracias al apoyo que brinda la Secretar\u00eda de Turismo del gobierno estatal, se increment\u00f3 la cantidad de visitantes nacionales, extranjeros, adem\u00e1s de registrar una mayor movilidad de los mexiquenses, gracias tambi\u00e9n a los programas de Pueblos con Encanto del Bicentenario y Pueblos M\u00e1gicos, adem\u00e1s de La Maravilla de Tenerlo Cerca, que tambi\u00e9n han contribuido a fortalecer la infraestructura de los ayuntamientos.<\/p>\n<p>La entidad mexiquense cuenta con destinos tur\u00edsticos como la zona arqueol\u00f3gica de Teotihuac\u00e1n, que visitaron recientemente los presidentes Enrique Pe\u00f1a Nieto, y de Francia, Fran\u00e7ois Hollande; Tepotzotl\u00e1n, donde est\u00e1 el Museo\u00a0Nacional del Virreinato y los Arcos del Sitio que es el acueducto m\u00e1s alto de Latinoam\u00e9rica.<\/p>\n<p>Adem\u00e1s, Valle de Bravo, donde los turistas pueden practicar turismo deportivo con la confianza de siempre, ya que la seguridad ha sido reforzada con elementos de la Marina, y es considerado un gran atractivo tur\u00edstico por su presa, as\u00ed como la pr\u00e1ctica de rappel y parapente, que lo ubican en el mundo en este nuevo deporte.<\/p>\n<p>La gente de estos pueblos m\u00e1gicos, agreg\u00f3 el legislador, est\u00e1 capacitada para recibir al turismo, ya que la Secretar\u00eda del ramo en el gobierno estatal ha certificado a los proveedores de servicios con los distintivos H y M, con lo cual garantizan tener un buen y adecuado servicio.<\/p>\n<p>&nbsp;<\/p>\n","protected":false},"excerpt":{"rendered":"<p>La seguridad de los turistas nacionales y extranjeros est\u00e1 garantizada en el Estado de M\u00e9xico, estableci\u00f3 el presidente de la Comisi\u00f3n Legislativa de Desarrollo Tur\u00edstico y Artesanal, diputado Everardo Pedro Vargas Reyes, quien recomend\u00f3 a los 25 millones de habitantes de nuestra entidad y el Distrito Federal, que representan la zona metropolitana m\u00e1s grande de Latinoam\u00e9rica, visitar los sitios tur\u00edsticos del estado, que est\u00e1n listos para recibirlos en las vacaciones de la semana mayor.<\/p>\n","protected":false},"author":3,"featured_media":170620,"comment_status":"open","ping_status":"open","sticky":false,"template":"","format":"standard","meta":{"_monsterinsights_skip_tracking":false,"_monsterinsights_sitenote_active":false,"_monsterinsights_sitenote_note":"","_monsterinsights_sitenote_category":0,"footnotes":""},"categories":[5],"tags":[5828,43675,8426],"class_list":["post-170550","post","type-post","status-publish","format-standard","has-post-thumbnail","hentry","category-estado-de-mexico","tag-eruviel-avila-villegas","tag-estado-de-mexico","tag-everardo-pedro-vargas-reyes"],"_links":{"self":[{"href":"https:\/\/www.diarioimagen.net\/index.php?rest_route=\/wp\/v2\/posts\/170550","targetHints":{"allow":["GET"]}}],"collection":[{"href":"https:\/\/www.diarioimagen.net\/index.php?rest_route=\/wp\/v2\/posts"}],"about":[{"href":"https:\/\/www.diarioimagen.net\/index.php?rest_route=\/wp\/v2\/types\/post"}],"author":[{"embeddable":true,"href":"https:\/\/www.diarioimagen.net\/index.php?rest_route=\/wp\/v2\/users\/3"}],"replies":[{"embeddable":true,"href":"https:\/\/www.diarioimagen.net\/index.php?rest_route=%2Fwp%2Fv2%2Fcomments&post=170550"}],"version-history":[{"count":0,"href":"https:\/\/www.diarioimagen.net\/index.php?rest_route=\/wp\/v2\/posts\/170550\/revisions"}],"wp:featuredmedia":[{"embeddable":true,"href":"https:\/\/www.diarioimagen.net\/index.php?rest_route=\/wp\/v2\/media\/170620"}],"wp:attachment":[{"href":"https:\/\/www.diarioimagen.net\/index.php?rest_route=%2Fwp%2Fv2%2Fmedia&parent=170550"}],"wp:term":[{"taxonomy":"category","embeddable":true,"href":"https:\/\/www.diarioimagen.net\/index.php?rest_route=%2Fwp%2Fv2%2Fcategories&post=170550"},{"taxonomy":"post_tag","embeddable":true,"href":"https:\/\/www.diarioimagen.net\/index.php?rest_route=%2Fwp%2Fv2%2Ftags&post=170550"}],"curies":[{"name":"wp","href":"https:\/\/api.w.org\/{rel}","templated":true}]}}