{"id":170714,"date":"2014-04-16T00:07:02","date_gmt":"2014-04-16T05:07:02","guid":{"rendered":"http:\/\/www.diarioimagen.net\/?p=170714"},"modified":"2014-04-16T04:01:29","modified_gmt":"2014-04-16T09:01:29","slug":"2400-millones-mensuales-para-comisionados-en-3-estados","status":"publish","type":"post","link":"https:\/\/www.diarioimagen.net\/?p=170714","title":{"rendered":"2,400 millones mensuales para comisionados en 3 estados"},"content":{"rendered":"<h2>Tras la puerta del poder<\/h2>\n<h5>Roberto Vizca\u00edno<\/h5>\n<p>&nbsp;<\/p>\n<ul>\n<li><strong><i>Preciado acusa a los gobernadores de Chiapas, Oaxaca y Guerrero de solaparlos<\/i><\/strong><\/li>\n<li><strong><i>Considera que en esas entidades se anulan de facto los puntos centrales de la reforma educativa<\/i><\/strong><\/li>\n<li><strong><i>En lo legislativo, el panista considera que no hay condiciones para evitar irse a extraordinarios<\/i><\/strong><\/li>\n<\/ul>\n<div id=\"attachment_170821\" style=\"width: 250px\" class=\"wp-caption alignleft\"><a href=\"http:\/\/www.diarioimagen.net\/wp-content\/uploads\/2014\/04\/lo-que-se-busca-LUIS-XAVIER-2336.jpg\"><img loading=\"lazy\" decoding=\"async\" aria-describedby=\"caption-attachment-170821\" class=\"size-medium wp-image-170821\" alt=\"Lo que se busca\u2026 | Luis Xavier\" src=\"http:\/\/www.diarioimagen.net\/wp-content\/uploads\/2014\/04\/lo-que-se-busca-LUIS-XAVIER-2336-240x185.jpg\" width=\"240\" height=\"185\" srcset=\"https:\/\/www.diarioimagen.net\/wp-content\/uploads\/2014\/04\/lo-que-se-busca-LUIS-XAVIER-2336-240x185.jpg 240w, https:\/\/www.diarioimagen.net\/wp-content\/uploads\/2014\/04\/lo-que-se-busca-LUIS-XAVIER-2336-420x324.jpg 420w, https:\/\/www.diarioimagen.net\/wp-content\/uploads\/2014\/04\/lo-que-se-busca-LUIS-XAVIER-2336.jpg 700w\" sizes=\"auto, (max-width: 240px) 100vw, 240px\" \/><\/a><p id=\"caption-attachment-170821\" class=\"wp-caption-text\">Lo que se busca\u2026 | Luis Xavier<\/p><\/div>\n<p>Jorge Luis Preciado, presidente de la Junta de Coordinaci\u00f3n Pol\u00edtica del Senado de la Rep\u00fablica y coordinador formal de los senadores del PAN acusa a los gobernadores de Chiapas, Manuel Velasco; de Oaxaca, Gabino Cu\u00e9 y de Guerrero, \u00c1ngel Aguirre, de solapar a 30 mil maestros comisionados que perciben sobre los 80 mil pesos mensuales, es decir unos 2 mil 400 millones de pesos al mes, al negarse a promover la homologaci\u00f3n de sus leyes educativas con las surgidas en la reforma educativa.<\/p>\n<p>En conversaci\u00f3n con reporteros en la sala de prensa del Senado, el colimense dice: \u201c\u2026 creo que mientras no se armonicen las leyes locales frente a la Constituci\u00f3n, este fen\u00f3meno de maestros que est\u00e1n cobrando sin trabajar, pues obviamente va a seguir\u201d.<\/p>\n<p>Frente a esta actitud, agrega, la intenci\u00f3n central de la reforma que es la de que maestro que falte a trabajar tres d\u00edas debiera ser dado de baja, se anula. Igual cosa ocurre con los maestros comisionados. La idea era que si eran asignados a otras tareas, dejaban de recibir su salario para que ese salario se aplicara en alguien que s\u00ed cumpl\u00eda con su plaza de dar clase a ni\u00f1os y j\u00f3venes.<\/p>\n<p>\u201cEntonces, creo que es acertada la controversia que plantea el Ejecutivo y yo espero que la Suprema Corte pues lo resuelva y lo resuelva r\u00e1pido y obligue a los Congresos estatales a que armonicen las leyes locales con la Constituci\u00f3n federal\u201d.<\/p>\n<p>Ante la pregunta de si los congresos estatales podr\u00edan resistirse, Preciado suelta:<\/p>\n<p>\u201c\u00a1Son los gobernadores, hombre!&#8230;\u201d<\/p>\n<p>Y explica que la divisi\u00f3n de poderes que existe a nivel federal donde la Corte, el Poder Legislativo y el Poder Ejecutivo s\u00ed est\u00e1n divididos y son aut\u00f3nomos unos de otros y donde hay ahora respeto y equilibrio no ocurre en los estados.<\/p>\n<p>\u201cLamentable en muchos estados, el jefe del Congreso es el gobernador. Es lamentable que se escuden en los diputados, cuando de antemano sabemos que son los propios Ejecutivos estatales los que dan la instrucci\u00f3n o la omisi\u00f3n\u201d, afirma.<\/p>\n<p>El panista tampoco acepta que sea la CENTE la que los mantenga como rehenes en esos tres estados. Y sugiere que quiz\u00e1 es al rev\u00e9s.<\/p>\n<p>\u201c\u2026 o los financian, \u00bfno?, que \u00e9sa es la otra, porque para que se muevan los profesores a hacer marchas a la ciudad de M\u00e9xico pues se necesita financiamiento, entonces pues lamentablemente, sobre todo el caso de Oaxaca, que es un caso muy evidente, pues de ah\u00ed no se ha visto la autoridad del gobernador como para ponerle un freno a ese tema y, bueno, hemos visto situaciones absolutamente graves: tomas de escuelas por parte de profesores y conflictos con padres de familia; o sea, es absoluto, total y ajeno al Estado de derecho que debe imperar en el pa\u00eds y, bueno, pues mientras tengamos estos gobernadores estatales que no cumplen con la ley y adem\u00e1s no quieren cumplir con la misma, pues vamos a seguir planteando controversias como la que envi\u00f3 el Ejecutivo\u201d, explica.<\/p>\n<p>Dice luego que son tres temas que ahora est\u00e1n sobre la mesa del tema educativo: uno, el de los comisionados; dos, el del ingreso al servicio educativo u obtenci\u00f3n de una plaza y, tres, el de la evaluaci\u00f3n.<\/p>\n<p>\u201cSon tres puntos que toca la reforma: quien se fuera de comisionado no tiene por qu\u00e9 ganar un sueldo. Quien est\u00e9 dando clases tiene que ser evaluado, si pasa el examen no se le vuelve a molestar hasta dentro de los siguientes cuatro a\u00f1os; si no pasa el examen se le capacita durante 12 meses y luego se le vuelve a hacer otro examen; si no vuelve a pasar ese segundo examen se le hace otra capacitaci\u00f3n de otros 12 meses y se le hace un tercer examen, y si ese tercer examen no lo pasa, se le retira del grupo; no se le corre porque lo protege la Ley Federal del Trabajo, pero se le retira del grupo para que no siga haciendo da\u00f1o a los estudiantes; entonces ese es el tema de la evaluaci\u00f3n.<\/p>\n<p>\u201cY el tema del ingreso al sistema educativo; es decir, para ser maestro con plaza, pues se tiene que ir a un concurso de oposici\u00f3n: en los primeros dos a\u00f1os van a poder ser s\u00f3lo normalistas y despu\u00e9s de los dos a\u00f1os cualquier persona que pretenda dar clases, que este calificada para ello, va a poder concursar en cualquier plaza de todo el pa\u00eds.<\/p>\n<p>\u201cEntonces son los tres puntos en los que se est\u00e1n resistiendo los gobernadores y, bueno, nosotros esperamos que la Corte los obligue y de inmediato se puedan regularizar las legislaciones estatales\u201d.<\/p>\n<p align=\"center\">\u00a0<b>EXTRAORDINARIOS, S\u00cd<\/b><\/p>\n<p>Atra\u00eddo inevitablemente al tema legislativo, Preciado considera como inevitable que las secundarias de las reformas de telecomunicaciones y la de energ\u00eda sean aprobadas en sendos per\u00edodos extraordinarios.<\/p>\n<p>Dice que el principal factor es el del tiempo. S\u00f3lo quedan 9 d\u00edas para concluir el per\u00edodo \u201cy tenemos competencia, tenemos pol\u00edtico-electoral, que no son reformas sencillas; tenemos que nombrar a los del IFAI, a ver si podemos nombrar a los de la Judicatura, nos faltan dos, pero vamos a hacer el esfuerzo por sacar lo m\u00e1s que podamos y si no, vamos a hacerlo en un extraordinario, pero hacerlo bien, pues.<\/p>\n<p>\u201cYo creo que tampoco por la prisa vayamos a empezar a aprobar leyes al vapor nada m\u00e1s porque se nos est\u00e1 venciendo los tiempos\u201d, indica.<\/p>\n<p>Encima de eso existen objeciones dentro de los grupos y en el suyo, el del PAN, hay resistencias, dice.<\/p>\n<p>\u201cS\u00ed\u2026 hay resistencia en el tema de telecom porque de acuerdo con el an\u00e1lisis que hizo el partido, hay por lo menos unos 20 puntos que no cumplen con la Constituci\u00f3n; de hecho hay un retroceso\u2026 en el an\u00e1lisis jur\u00eddico que estamos haciendo en virtud de que se est\u00e1n ahora s\u00ed que desdiciendo a la Constituci\u00f3n y, bueno, nosotros le hemos planteado a nuestras contrapartes pues que lo \u00fanico que pedimos es que se cumpla con lo que ya aprobamos el a\u00f1o pasado; no pedimos m\u00e1s, con que se ci\u00f1an a la Constituci\u00f3n: que si hay preponderancia, que diga que hay preponderancia; si hay dominancia, que diga que hay dominancia.<\/p>\n<p>\u201cMira, la cosa es grave. Hab\u00edamos acordado el a\u00f1o pasado modificar la Ley de Amparo a nivel constitucional para que no existiera la suspensi\u00f3n en materia de Ifetel. Para que cuando el Ifetel dictara una resoluci\u00f3n no pudiera ser suspendida esta resoluci\u00f3n y se tuviera que cumplir independientemente del juicio.<\/p>\n<p>\u201cEntonces, eso era muy bueno porque imag\u00ednate, tardaron 15 a\u00f1os en declarar a una empresa dominante porque iba amparo tras amparo, tras amparo, entonces por eso lo quitamos.<\/p>\n<p>\u201cAhora no solamente nos piden que modifiquemos la Ley de Amparo, nos piden que en la Ley secundaria establezcamos la suspensi\u00f3n de facto. Entonces el Ifetel te va sancionar, pero esta sanci\u00f3n no va a tener efectos jur\u00eddicos hasta en tanto no se resuelva el juicio, ahora ya ni siquiera tiene que ampararse, ya de facto les vamos a dar la suspensi\u00f3n\u201d, indica.<\/p>\n<p>Y as\u00ed hay otros muchos puntos que deben analizarse, discutirse y someterse a un acuerdo tanto interno en los grupos como entre las contrapartes, dice Preciado.<\/p>\n<p>De ah\u00ed que el destino inmediato de las leyes secundarias no est\u00e1 definido y, unas pueden salir antes de que concluya formalmente este per\u00edodo y otras tendr\u00e1n que irse definitivamente a extraordinarios, concluy\u00f3.<\/p>\n<p>NOTA: En raz\u00f3n del respeto que nos merece la Semana Mayor, nosotros regresamos el lunes pr\u00f3ximo.<\/p>\n<p><em><a href=\"mailto:rvizcainoa@gmail.com\">rvizcainoa@gmail.com<\/a><\/em><\/p>\n","protected":false},"excerpt":{"rendered":"<p><span style=\"color: #005497;\"><strong>Roberto Vizca\u00edno<\/strong><\/span><br \/>\n<br \/>\nJorge Luis Preciado, presidente de la Junta de Coordinaci\u00f3n Pol\u00edtica del Senado de la Rep\u00fablica y coordinador formal de los senadores del PAN acusa a los gobernadores de Chiapas, Manuel Velasco; de Oaxaca, Gabino Cu\u00e9 y de Guerrero, \u00c1ngel Aguirre, de solapar a 30 mil maestros comisionados que perciben sobre los 80 mil pesos mensuales, es decir unos 2 mil 400 millones de pesos al mes, al negarse a promover la homologaci\u00f3n de sus leyes educativas con las surgidas en la reforma educativa.<\/p>\n","protected":false},"author":3,"featured_media":170821,"comment_status":"open","ping_status":"open","sticky":false,"template":"","format":"standard","meta":{"_monsterinsights_skip_tracking":false,"_monsterinsights_sitenote_active":false,"_monsterinsights_sitenote_note":"","_monsterinsights_sitenote_category":0,"footnotes":""},"categories":[136],"tags":[2269,491,43674,93,94],"class_list":["post-170714","post","type-post","status-publish","format-standard","has-post-thumbnail","hentry","category-roberto-vizcaino-opinion","tag-chiapas","tag-oaxaca","tag-opinion","tag-roberto-vizcaino","tag-tras-la-puerta-del-poder"],"_links":{"self":[{"href":"https:\/\/www.diarioimagen.net\/index.php?rest_route=\/wp\/v2\/posts\/170714","targetHints":{"allow":["GET"]}}],"collection":[{"href":"https:\/\/www.diarioimagen.net\/index.php?rest_route=\/wp\/v2\/posts"}],"about":[{"href":"https:\/\/www.diarioimagen.net\/index.php?rest_route=\/wp\/v2\/types\/post"}],"author":[{"embeddable":true,"href":"https:\/\/www.diarioimagen.net\/index.php?rest_route=\/wp\/v2\/users\/3"}],"replies":[{"embeddable":true,"href":"https:\/\/www.diarioimagen.net\/index.php?rest_route=%2Fwp%2Fv2%2Fcomments&post=170714"}],"version-history":[{"count":0,"href":"https:\/\/www.diarioimagen.net\/index.php?rest_route=\/wp\/v2\/posts\/170714\/revisions"}],"wp:featuredmedia":[{"embeddable":true,"href":"https:\/\/www.diarioimagen.net\/index.php?rest_route=\/wp\/v2\/media\/170821"}],"wp:attachment":[{"href":"https:\/\/www.diarioimagen.net\/index.php?rest_route=%2Fwp%2Fv2%2Fmedia&parent=170714"}],"wp:term":[{"taxonomy":"category","embeddable":true,"href":"https:\/\/www.diarioimagen.net\/index.php?rest_route=%2Fwp%2Fv2%2Fcategories&post=170714"},{"taxonomy":"post_tag","embeddable":true,"href":"https:\/\/www.diarioimagen.net\/index.php?rest_route=%2Fwp%2Fv2%2Ftags&post=170714"}],"curies":[{"name":"wp","href":"https:\/\/api.w.org\/{rel}","templated":true}]}}