{"id":170716,"date":"2014-04-16T00:06:27","date_gmt":"2014-04-16T05:06:27","guid":{"rendered":"http:\/\/www.diarioimagen.net\/?p=170716"},"modified":"2014-04-17T01:57:14","modified_gmt":"2014-04-17T06:57:14","slug":"ingresos-bajo-la-lupa","status":"publish","type":"post","link":"https:\/\/www.diarioimagen.net\/?p=170716","title":{"rendered":"Ingresos, bajo la lupa"},"content":{"rendered":"<h2>\u00cdndice pol\u00edtico<\/h2>\n<h5>Francisco Rodr\u00edguez<\/h5>\n<p><span><br \/>\nSacaron de su oficina a Juli\u00e1n Luviano S\u00e1nchez, quien se desempe\u00f1aba como administrador general de Recursos y Servicios del Servicio de Administraci\u00f3n Tributaria (SAT).<\/span><\/p>\n<p>Independientemente de sus manejos en el cargo, el abrupto despido de Luviano es, al parecer, la punta del iceberg de una lucha intestina en el sector financiero. Y es que Luviano lleg\u00f3 a ese puesto contra la voluntad del presidente del SAT, Arist\u00f3teles N\u00fa\u00f1ez quien, por supuesto, ten\u00eda otra carta para esa posici\u00f3n.<\/p>\n<p>En la misma situaci\u00f3n se inscriben los despidos de los administradores centrales de Apoyo Jur\u00eddico, Pedro Cetina Rangel, y de Recursos Financieros, \u00d3scar Emilio Mendoza Serena, as\u00ed como de quien hasta ayer fue administrador central de Destino de Bienes, Julio C\u00e9sar S\u00e1nchez Gami\u00f1o.<\/p>\n<p>No s\u00f3lo ello, en altos c\u00edrculos financieros corre la especie de que Alejandro R\u00edos-Camarena Rodr\u00edguez, actual administrador general de Recursos y Servicios del SAT, se encuentra tambi\u00e9n en una peligrosa encrucijada.<\/p>\n<p>Y no es para menos, porque es sabido que el operador central de dicha administraci\u00f3n, Fernando Garc\u00cda Due\u00f1as, con el apoyo de su suegro, un militar de alto grado y dos de sus subalternos (el administrador central de Apoyo Jur\u00eddico y el de Rescate Financiero), monopolizaron todos los nombramientos regionales que antes se somet\u00edan a concurso en diversas partes del pa\u00eds, evitando la llegada de cualquier ajeno.<\/p>\n<p>Sin embargo, la alarma empez\u00f3 a sonar, porque sobre todo en el norte del pa\u00eds, algunos afectos cercanos al coraz\u00f3n de Garc\u00eda Due\u00f1as hicieron un ruido de tal magnitud que ning\u00fan jefe podr\u00e1 salir en su defensa.<\/p>\n<p align=\"center\"><b>ANTECEDENTE ECHEVERRISTA<\/b><\/p>\n<p>Todo indica, pues, la honorable dinast\u00eda R\u00edos-Camarena ya se empe\u00f1\u00f3 en atravesar su caballo en instituciones que, si no rechinan de limpio, por lo menos tendr\u00edan que estar a salvo o por encima de sospechas.<\/p>\n<p>Alejandro R\u00edos Camarena, como se dice arriba, controla una parte importante del SAT. Su hermano Alfredo es director ejecutivo de Prerrogativas y Partidos Pol\u00edticos de lo poco que queda del Instituto Nacional Electoral.<\/p>\n<p>Por ello, hay quienes dicen que no es posible que ese linaje nayarita haya ca\u00eddo sobre la doliente humanidad del IFE y del SAT, habiendo tantos otros lugares disponibles para beneficiar a los cr\u00edos.<\/p>\n<p>No mientras no se esclarezca a fondo, ya no digamos el escandaloso fraude al fideicomiso de Bah\u00eda de Banderas, cuando el jefe del clan era miembro prominente de la\u201d brigada del bigote grande\u201d, sino las enormes ganancias \u2014que le dejaron a \u00e9l y a un ex gobernador nayarita del mismo equipo que presum\u00eda de honrado\u2014 por la venta de los fraccionamientos tur\u00edsticos de Nuevo Vallarta y la Riviera Nayarita.<\/p>\n<p>Y es que ahora nos enteramos que, entre los funcionarios confirmados para permanecer en el nuevo INE, se encuentra Alfredo Jr.y aferr\u00e1ndose al hueso de administrador central de Recursos y Servicios del SAT, Alejandro R\u00edos-Camarena. El pleito, pues, est\u00e1 en grande.<\/p>\n<p><b><i>\u00cdndice Flam\u00edgero:<\/i><\/b> Por la Comisi\u00f3n Nacional Bancaria y de Valores tambi\u00e9n pas\u00f3 la escoba: Mauro S\u00e1nchez Canales dej\u00f3 de ser, tambi\u00e9n abruptamente, vicepresidente de administraci\u00f3n de la propia CNBV. Jaime Gonz\u00e1lez Aguad\u00e9 debe sentir pasos en la azotea. + + + Una de las famosas reglas del \u201cPrincipio de Peter\u201d que m\u00e1s se aplican en nuestro medio es aquella que describe como se hace a un lado a un enemigo ingenuo: pues procur\u00e1ndole\u00a0un cargo de mucho relumbr\u00f3n, con excesivas obligaciones, pero sin un centavo de presupuesto para ejercer sus facultades. Cuando se nombr\u00f3 a Renato Sales comisionado Nacional Antisecuestros, todo el mundo, incluido el ungido, pensaron que se hab\u00eda sacado la loter\u00eda y que ya era forzoso agregar el nombre de un nuevo ni\u00f1o h\u00e9roe a la rotonda nacional. El \u201cafortunado\u201d empez\u00f3 a engrosar la voz, estirar el cuello y adelgazar su agenda de preferidos. A nadie se le ocurri\u00f3 pensar en una jugada maquiav\u00e9lica de los hidalguenses para sacudirse al campechano, mand\u00e1ndolo derechito al sacrificio, previa visita al sal\u00f3n del rid\u00edculo. No es tan f\u00e1cil andar haci\u00e9ndose el indispensable en los equipos de todos los partidos.<\/p>\n<p><em><a href=\"http:\/\/www.indicepolitico.com\/\" target=\"_blank\"><em>www.indicepolitico.com<\/em><\/a><br \/>\n<\/em><em><a href=\"mailto:pacorodriguez@journalist.com\" target=\"_blank\">pacorodriguez@journalist.com<\/a><\/em><\/p>\n","protected":false},"excerpt":{"rendered":"<p><span style=\"color: #005497;\"><strong>Francisco Rodr\u00edguez<\/strong><\/span><\/p>\n","protected":false},"author":3,"featured_media":0,"comment_status":"open","ping_status":"open","sticky":false,"template":"","format":"standard","meta":{"_monsterinsights_skip_tracking":false,"_monsterinsights_sitenote_active":false,"_monsterinsights_sitenote_note":"","_monsterinsights_sitenote_category":0,"footnotes":""},"categories":[549],"tags":[43689,550,43674,4907],"class_list":["post-170716","post","type-post","status-publish","format-standard","hentry","category-francisco-rodriguez","tag-francisco-rodriguez","tag-indice-politico","tag-opinion","tag-sat"],"_links":{"self":[{"href":"https:\/\/www.diarioimagen.net\/index.php?rest_route=\/wp\/v2\/posts\/170716","targetHints":{"allow":["GET"]}}],"collection":[{"href":"https:\/\/www.diarioimagen.net\/index.php?rest_route=\/wp\/v2\/posts"}],"about":[{"href":"https:\/\/www.diarioimagen.net\/index.php?rest_route=\/wp\/v2\/types\/post"}],"author":[{"embeddable":true,"href":"https:\/\/www.diarioimagen.net\/index.php?rest_route=\/wp\/v2\/users\/3"}],"replies":[{"embeddable":true,"href":"https:\/\/www.diarioimagen.net\/index.php?rest_route=%2Fwp%2Fv2%2Fcomments&post=170716"}],"version-history":[{"count":0,"href":"https:\/\/www.diarioimagen.net\/index.php?rest_route=\/wp\/v2\/posts\/170716\/revisions"}],"wp:attachment":[{"href":"https:\/\/www.diarioimagen.net\/index.php?rest_route=%2Fwp%2Fv2%2Fmedia&parent=170716"}],"wp:term":[{"taxonomy":"category","embeddable":true,"href":"https:\/\/www.diarioimagen.net\/index.php?rest_route=%2Fwp%2Fv2%2Fcategories&post=170716"},{"taxonomy":"post_tag","embeddable":true,"href":"https:\/\/www.diarioimagen.net\/index.php?rest_route=%2Fwp%2Fv2%2Ftags&post=170716"}],"curies":[{"name":"wp","href":"https:\/\/api.w.org\/{rel}","templated":true}]}}