{"id":170921,"date":"2014-04-17T00:01:29","date_gmt":"2014-04-17T05:01:29","guid":{"rendered":"http:\/\/www.diarioimagen.net\/?p=170921"},"modified":"2014-04-21T03:20:45","modified_gmt":"2014-04-21T08:20:45","slug":"el-pri-va-contra-su-otro-yo","status":"publish","type":"post","link":"https:\/\/www.diarioimagen.net\/?p=170921","title":{"rendered":"El PRI va contra su otro yo"},"content":{"rendered":"<h2>Pol\u00edtica Spot<\/h2>\n<h5>Juan Manuel Maga\u00f1a<\/h5>\n<p><span><br \/>\nTodo indica que al PRI le urg\u00eda sacar la escoba y el plumero para poner en la basura algo de lo peor que pulula y medra entre sus filas. Dentro de un a\u00f1o estar\u00e1 en plena campa\u00f1a de elecciones intermedias y m\u00e1s vale que para entonces la gente recuerde poco quemuchos pri\u00edstas en el poder son unos delincuentes consumados o en potencia.<\/span><\/p>\n<p>Ah\u00ed est\u00e1 Jes\u00fas Reyna, ex secretario de Gobierno en Michoac\u00e1n, y para no ir m\u00e1s lejos los alcaldes de Apatzing\u00e1n, Uriel Ch\u00e1vez Mendoza, y de Tac\u00e1mbaro, No\u00e9 Octavio Aburto Incl\u00e1n, acusados unos por v\u00ednculos con la mafia y el \u00faltimo por despacharse con la cuchara grande.<\/p>\n<p>Y qu\u00e9 decir del ex l\u00edder pri\u00edsta capitalino, Cuauht\u00e9moc Guti\u00e9rrez de la Torre. De acuerdo con los estudios de imagen, las acusaciones en contra le hacen un da\u00f1o tremendo a la imagen del partido y fue por ello que en Insurgentes decidieron acelerar la solicitud de su expulsi\u00f3n.<\/p>\n<p>Se presum\u00eda que el llamado \u201cRey de la Basura\u201d estaba fuera del pa\u00eds. Y se supon\u00eda que ni siquiera le iban a poder notificar sobre la audiencia en el PRI para determinar si ser\u00eda expulsado o no. Eso tiene fecha de viernes 16 de mayo a las 12:00 horas en la sede nacional del poderoso tricolor, en su oficina de la Comisi\u00f3n de Justicia Partidaria.<\/p>\n<p>Pero ayer sorprendi\u00f3 la noticia de que Cuauht\u00e9moc Guti\u00e9rrez estaba declarando en la Procuradur\u00eda General de Justicia del Distrito Federal, acerca de la presunta red de prostituci\u00f3n dentro de su feudo en el partidazo.<\/p>\n<p>El PRI ve el caso de su muchacho con la preocupaci\u00f3n con la que ahora ve la iglesia los casos de sus curas pederastas. Que eso les suceda queriendo como instituciones aparentar ser referente moral en la sociedad, es el acabose.<\/p>\n<p>Por eso, la Comisi\u00f3n Nacional de Justicia Partidaria ha estimado que las acusaciones en contra de Guti\u00e9rrez de la Torre son un tema muy serio para el partido, por lo que la resoluci\u00f3n que se dictamine al final del proceso no s\u00f3lo tiene inter\u00e9s para el PRI, sino tambi\u00e9n para la sociedad en general.<\/p>\n<p>As\u00ed que mientras para Cuauht\u00e9moc hay una solicitud en el PRI de expulsi\u00f3n en su contra, en el \u00e1mbito de la justicia el procurador capitalino Rodolfo R\u00edos Garza informa que el personaje acudi\u00f3 a ratificar la denuncia de hechos que interpuso la semana pasada, por lo cual se aprovech\u00f3 para tomarle declaraci\u00f3n sobre la mentada red de prostituci\u00f3n.<\/p>\n<p>Lo de Cuauht\u00e9moc le estall\u00f3 al PRI inesperadamente, pero no le tom\u00f3 totalmente desprevenido y por eso reaccion\u00f3 con bastantes reflejos al separarlo del cargo. Algo parecido ocurr\u00eda con Jes\u00fas Reyna en Michoac\u00e1n de quien siempre se hab\u00eda sabido todo lo relacionado con sus nexos con \u201cLa Tuta\u201d y \u201cLos Templarios\u201d.<\/p>\n<p>Y por el estilo lo de ayer con los alcaldes de Apatzing\u00e1n y Tac\u00e1mbaro. En el caso del primero, la Procuradur\u00eda General de Justicia de Michoac\u00e1n inform\u00f3 que Uriel Ch\u00e1vez Mendoza, fue detenido por nexos con el crimen organizado, es decir, con el c\u00e1rtel de \u201cLos Caballeros Templarios\u201d. Y que \u00e9ste exig\u00eda a varios regidores que aportaran sumas de dinero destinadas a ese grupo delictivo.<\/p>\n<p>Por otra parte, la Procuradur\u00eda General de Justicia de Michoac\u00e1n inform\u00f3 que se obtuvo una orden de aprehensi\u00f3n contra del presidente municipal de Tac\u00e1mbaro, No\u00e9 Octavio Aburto Incl\u00e1n, por\u00a0 su probable responsabilidad en el delito de peculado.<\/p>\n<p>Es decir, el PRI pareciera estar confrontado a escobazos, en estos momentos, con su otro yo. La decisi\u00f3n tiene que ver con el tiempo: lo m\u00e1s lejos posible de las elecciones, para cuando la gente olvida. La regla es hacer estallar en su favor esas peque\u00f1as crisis para poder controlarlas. Ma\u00f1ana dir\u00e1 que es genuina su lucha contra la corrupci\u00f3n y el crimen, y usted tendr\u00e1 que creerlo.<\/p>\n<p><em><a href=\"mailto:%20maganapalace@yahoo.com.mx\" target=\"_blank\">maganapalace@yahoo.com.mx<\/a><\/em><\/p>\n","protected":false},"excerpt":{"rendered":"<p><span style=\"color: #005497;\"><strong>Juan Manuel Maga\u00f1a<\/strong><\/span><\/p>\n","protected":false},"author":3,"featured_media":0,"comment_status":"open","ping_status":"open","sticky":false,"template":"","format":"standard","meta":{"_monsterinsights_skip_tracking":false,"_monsterinsights_sitenote_active":false,"_monsterinsights_sitenote_note":"","_monsterinsights_sitenote_category":0,"footnotes":""},"categories":[22905],"tags":[43709,10324,43674,22904,362],"class_list":["post-170921","post","type-post","status-publish","format-standard","hentry","category-juan-manuel-magana","tag-juan-manuel-magana","tag-la-tuta","tag-opinion","tag-politica-spot","tag-pri"],"_links":{"self":[{"href":"https:\/\/www.diarioimagen.net\/index.php?rest_route=\/wp\/v2\/posts\/170921","targetHints":{"allow":["GET"]}}],"collection":[{"href":"https:\/\/www.diarioimagen.net\/index.php?rest_route=\/wp\/v2\/posts"}],"about":[{"href":"https:\/\/www.diarioimagen.net\/index.php?rest_route=\/wp\/v2\/types\/post"}],"author":[{"embeddable":true,"href":"https:\/\/www.diarioimagen.net\/index.php?rest_route=\/wp\/v2\/users\/3"}],"replies":[{"embeddable":true,"href":"https:\/\/www.diarioimagen.net\/index.php?rest_route=%2Fwp%2Fv2%2Fcomments&post=170921"}],"version-history":[{"count":0,"href":"https:\/\/www.diarioimagen.net\/index.php?rest_route=\/wp\/v2\/posts\/170921\/revisions"}],"wp:attachment":[{"href":"https:\/\/www.diarioimagen.net\/index.php?rest_route=%2Fwp%2Fv2%2Fmedia&parent=170921"}],"wp:term":[{"taxonomy":"category","embeddable":true,"href":"https:\/\/www.diarioimagen.net\/index.php?rest_route=%2Fwp%2Fv2%2Fcategories&post=170921"},{"taxonomy":"post_tag","embeddable":true,"href":"https:\/\/www.diarioimagen.net\/index.php?rest_route=%2Fwp%2Fv2%2Ftags&post=170921"}],"curies":[{"name":"wp","href":"https:\/\/api.w.org\/{rel}","templated":true}]}}