{"id":171122,"date":"2014-04-21T00:01:55","date_gmt":"2014-04-21T05:01:55","guid":{"rendered":"http:\/\/www.diarioimagen.net\/?p=171122"},"modified":"2014-04-21T04:58:23","modified_gmt":"2014-04-21T09:58:23","slug":"el-escritor-y-su-imaginacion-caribe","status":"publish","type":"post","link":"https:\/\/www.diarioimagen.net\/?p=171122","title":{"rendered":"El escritor y su imaginaci\u00f3n caribe"},"content":{"rendered":"<h2>Pol\u00edtica Spot<\/h2>\n<h5>Juan Manuel Maga\u00f1a<\/h5>\n<p><span><br \/>\nEl bi\u00f3grafo de Gabriel Garc\u00eda M\u00e1rquez, Gerald Martin, defini\u00f3 al escritor como \u201cel m\u00e1s grande despu\u00e9s de Cervantes\u201d. Y me parece justa la comparaci\u00f3n, por m\u00e1s que acudan a la memoria Dickens, Tolstoi o Hemingway.<\/span><\/p>\n<p><i>Gabo<\/i> simple y sencillamente influy\u00f3 al mundo como ning\u00fan otro por magn\u00edfica que sea su pluma.<\/p>\n<p>Tras su muerte, las palabras de elogio de los otros revelan su grandeza. El ex presidente estadunidense Bill Clinton, quien fue su amigo, dijo sentirse \u201cmaravillado por sus dotes \u00fanicas de imaginaci\u00f3n, claridad de pensamiento y sinceridad emocional\u201d. Garc\u00eda M\u00e1rquez, agreg\u00f3, \u201ccaptur\u00f3 el dolor y la alegr\u00eda comunes a toda la humanidad en escenarios a la vez reales y m\u00e1gicos\u201d.<\/p>\n<p><i>The New York Times <\/i>public\u00f3 que Garc\u00eda M\u00e1rquez \u201cfue un maestro\u201d en el g\u00e9nero del realismo m\u00e1gico, \u201cen el que convergen lo milagroso y lo real\u201d, y aunque nunca pretendi\u00f3 haberlo inventado \u201cnadie antes que \u00e9l hab\u00eda usado el estilo con tanto arte, exuberancia y potencia\u201d.<\/p>\n<p>Ser\u00e1 por eso que el propio presidente Barack Obama, lector asiduo de <i>Gabo,<\/i> consider\u00f3 que el mundo ha perdido a uno de los m\u00e1s grandes y visionarios escritores. O que la presidenta brasile\u00f1a, Dilma Rousseff, dice que \u201c<i>Gabo<\/i> conduc\u00eda al lector por sus Macondos imaginarios como quien presenta un mundo nuevo a un ni\u00f1o\u201d.<\/p>\n<p>La cantante Shakira, su paisana, elogi\u00f3 la vida de Garc\u00eda M\u00e1rquez como \u201cun regalo \u00fanico e irrepetible, y como el m\u00e1s original de los relatos\u201d. Y para el escritor peruano Mario Vargas Llosa, tambi\u00e9n Premio Nobel de Literatura y con quien vivi\u00f3 enemistado, las novelas de Garc\u00eda M\u00e1rquez \u201cle sobrevivir\u00e1n y seguir\u00e1n ganando lectores por doquier\u201d.<\/p>\n<p>Esto \u00faltimo me parece una certeza, pues pasar\u00e1n mil a\u00f1os y la humanidad de entonces le seguir\u00e1 leyendo.<\/p>\n<p><i>Gabo<\/i> trascendi\u00f3 lo colombiano y se hizo al mismo tiempo mexicano, tanto como el chile, y desde 1961 adopt\u00f3 la Ciudad de M\u00e9xico como su casa. Trascendi\u00f3 lo latinoamericano y cubri\u00f3 al mundo con su visi\u00f3n fant\u00e1stica de la vida, especialmente con su obra Cien a\u00f1os de soledad, que es un aut\u00e9ntica joya art\u00edstica, como lo ha sido El Quijote.<\/p>\n<p>Ciertamente, \u00e9l no invent\u00f3 el realismo m\u00e1gico, pero el g\u00e9nero dio con \u00e9l un salto cualitativo. No pod\u00eda ser de otra manera, puesto que <i>Gabo<\/i> era un hombre izquierda, progresista, entendido esto como una racionalidad libre de dogmas, prejuicios y tab\u00faes, plena de sentido com\u00fan. Y si a esto se le agrega su mirada caribe y su temple tropical&#8230;<\/p>\n<p>Su bi\u00f3grafo Martin dijo que prepara otra biograf\u00eda de <i>Gabo<\/i> con mucha informaci\u00f3n recopilada por a\u00f1os. \u201cEn la actual solo us\u00e9 un tres por ciento de la informaci\u00f3n que recopil\u00e9. Le debo al mundo todo eso\u201d.<\/p>\n<p>Record\u00f3 que el escritor le pregunt\u00f3 un d\u00eda \u201c\u00bfPor qu\u00e9 quieres escribir una biograf\u00eda si las biograf\u00edas significan la muerte? Adem\u00e1s, no vas a poder decir todo lo que quieres. Entonces, yo le contest\u00e9 que lo publicar\u00eda en la segunda edici\u00f3n despu\u00e9s de su muerte, y eso, en vez de enajenarlo, le gust\u00f3\u201d.<\/p>\n<p>Me quedo por ahora con el Garc\u00eda M\u00e1rquez que aun quebrado econ\u00f3micamente, casado y viviendo de prestado, tuvo las agallas para escribir su obra cumbre. Esos son tama\u00f1os.<\/p>\n<p><em><a href=\"mailto:%20maganapalace@yahoo.com.mx\" target=\"_blank\">maganapalace@yahoo.com.mx<\/a><\/em><\/p>\n","protected":false},"excerpt":{"rendered":"<p><span style=\"color: #005497;\"><strong>Juan Manuel Maga\u00f1a<\/strong><\/span><\/p>\n","protected":false},"author":3,"featured_media":0,"comment_status":"open","ping_status":"open","sticky":false,"template":"","format":"standard","meta":{"_monsterinsights_skip_tracking":false,"_monsterinsights_sitenote_active":false,"_monsterinsights_sitenote_note":"","_monsterinsights_sitenote_category":0,"footnotes":""},"categories":[22905],"tags":[8176,43709,43674,22904],"class_list":["post-171122","post","type-post","status-publish","format-standard","hentry","category-juan-manuel-magana","tag-gabriel-garcia-marquez","tag-juan-manuel-magana","tag-opinion","tag-politica-spot"],"_links":{"self":[{"href":"https:\/\/www.diarioimagen.net\/index.php?rest_route=\/wp\/v2\/posts\/171122","targetHints":{"allow":["GET"]}}],"collection":[{"href":"https:\/\/www.diarioimagen.net\/index.php?rest_route=\/wp\/v2\/posts"}],"about":[{"href":"https:\/\/www.diarioimagen.net\/index.php?rest_route=\/wp\/v2\/types\/post"}],"author":[{"embeddable":true,"href":"https:\/\/www.diarioimagen.net\/index.php?rest_route=\/wp\/v2\/users\/3"}],"replies":[{"embeddable":true,"href":"https:\/\/www.diarioimagen.net\/index.php?rest_route=%2Fwp%2Fv2%2Fcomments&post=171122"}],"version-history":[{"count":0,"href":"https:\/\/www.diarioimagen.net\/index.php?rest_route=\/wp\/v2\/posts\/171122\/revisions"}],"wp:attachment":[{"href":"https:\/\/www.diarioimagen.net\/index.php?rest_route=%2Fwp%2Fv2%2Fmedia&parent=171122"}],"wp:term":[{"taxonomy":"category","embeddable":true,"href":"https:\/\/www.diarioimagen.net\/index.php?rest_route=%2Fwp%2Fv2%2Fcategories&post=171122"},{"taxonomy":"post_tag","embeddable":true,"href":"https:\/\/www.diarioimagen.net\/index.php?rest_route=%2Fwp%2Fv2%2Ftags&post=171122"}],"curies":[{"name":"wp","href":"https:\/\/api.w.org\/{rel}","templated":true}]}}