{"id":171210,"date":"2014-04-22T00:09:09","date_gmt":"2014-04-22T05:09:09","guid":{"rendered":"http:\/\/www.diarioimagen.net\/?p=171210"},"modified":"2014-04-22T04:08:16","modified_gmt":"2014-04-22T09:08:16","slug":"dispondra-gdf-de-612-mdp-para-seguridad-este-ano","status":"publish","type":"post","link":"https:\/\/www.diarioimagen.net\/?p=171210","title":{"rendered":"Al DF, $490 millones para seguridad p\u00fablica"},"content":{"rendered":"<ul>\n<li><em><strong>Recursos del gobierno federal<\/strong><\/em><\/li>\n<\/ul>\n<div id=\"attachment_171211\" style=\"width: 250px\" class=\"wp-caption alignleft\"><img loading=\"lazy\" decoding=\"async\" aria-describedby=\"caption-attachment-171211\" class=\"size-medium wp-image-171211 \" alt=\"El Distrito Federal deber\u00e1 entregar al secretario Ejecutivo del Sistema Nacional de Seguridad P\u00fablica la informaci\u00f3n que solicite y publicar, por conducto de la Secretar\u00eda de Finanzas, los informes de avance trimestral sobre el ejercicio de los recursos que le fueron asignados, a fin de transparentar el ejercicio de los mismos.\" src=\"http:\/\/www.diarioimagen.net\/wp-content\/uploads\/2014\/04\/SEGURIDAD-portal-240x135.jpg\" width=\"240\" height=\"135\" srcset=\"https:\/\/www.diarioimagen.net\/wp-content\/uploads\/2014\/04\/SEGURIDAD-portal-240x135.jpg 240w, https:\/\/www.diarioimagen.net\/wp-content\/uploads\/2014\/04\/SEGURIDAD-portal-420x236.jpg 420w, https:\/\/www.diarioimagen.net\/wp-content\/uploads\/2014\/04\/SEGURIDAD-portal-235x132.jpg 235w, https:\/\/www.diarioimagen.net\/wp-content\/uploads\/2014\/04\/SEGURIDAD-portal-202x114.jpg 202w, https:\/\/www.diarioimagen.net\/wp-content\/uploads\/2014\/04\/SEGURIDAD-portal-350x196.jpg 350w, https:\/\/www.diarioimagen.net\/wp-content\/uploads\/2014\/04\/SEGURIDAD-portal-220x123.jpg 220w, https:\/\/www.diarioimagen.net\/wp-content\/uploads\/2014\/04\/SEGURIDAD-portal-237x132.jpg 237w, https:\/\/www.diarioimagen.net\/wp-content\/uploads\/2014\/04\/SEGURIDAD-portal.jpg 480w\" sizes=\"auto, (max-width: 240px) 100vw, 240px\" \/><p id=\"caption-attachment-171211\" class=\"wp-caption-text\">El gobierno capitalino public\u00f3 el acuerdo mediante el cual la Federaci\u00f3n le entregar\u00e1 recursos que destinar\u00e1 a la seguridad p\u00fablica.<\/p><\/div>\n<p>El gobierno del Distrito Federal dio a conocer ayer el convenio del Fondo de Aportaciones para la Seguridad P\u00fablica de los Estados y del Distrito Federal (FASP), el cual incluye diversas declaraciones y cl\u00e1usulas en la materia.<\/p>\n<p>El documento, publicado en la Gaceta del Distrito Federal, especifica que el gobierno local recibir\u00e1 490 millones 121 mil 617 pesos, de conformidad con el Presupuesto de Egresos de la Federaci\u00f3n para el Ejercicio Fiscal 2014 y los Criterios de distribuci\u00f3n, f\u00f3rmulas y variables para la asignaci\u00f3n de los recursos del FASP.<\/p>\n<p>A\u00f1ade que a fin de complementar los recursos necesarios para el cumplimiento del objeto del convenio, el gobierno de la ciudad de M\u00e9xico se obliga a aportar de sus recursos presupuestarios 25 por ciento del total de los recursos federales otorgados, es decir, 122 millones 530 mil 405 pesos<\/p>\n<p>Precisa que el financiamiento conjunto pactado en el acuerdo, integrado por las aportaciones federal y local, suman en conjunto 612 millones 652 mil 22 pesos.<\/p>\n<p>El convenio establece que la operaci\u00f3n y seguimiento del FASP estar\u00e1 a cargo de la Direcci\u00f3n General de Vinculaci\u00f3n y Seguimiento y las Unidades Responsables del Gasto, la Contralor\u00eda General y el procurador general de Justicia y Secretario Ejecutivo del Consejo de Seguridad P\u00fablica del Distrito Federal, en el \u00e1mbito de sus respectivas competencias.<\/p>\n<p>Aclara que el personal que se comisione o asigne para el desarrollo de las acciones que les correspondan en el cumplimiento del convenio, en ning\u00fan caso generar\u00e1 relaciones de car\u00e1cter laboral, ni de patr\u00f3n sustituto, intermediario o solidario, asumiendo cada uno de ellos la responsabilidad laboral que le sea propia.<\/p>\n<p>El Distrito Federal deber\u00e1 entregar al secretario Ejecutivo del Sistema Nacional de Seguridad P\u00fablica la informaci\u00f3n que solicite y publicar, por conducto de la Secretar\u00eda de Finanzas, los informes de avance trimestral sobre el ejercicio de los recursos que le fueron asignados, a fin de transparentar el ejercicio de los mismos.<\/p>\n","protected":false},"excerpt":{"rendered":"<p>El gobierno del Distrito Federal dio a conocer ayer el convenio del Fondo de Aportaciones para la Seguridad P\u00fablica de los Estados y del Distrito Federal (FASP), el cual incluye diversas declaraciones y cl\u00e1usulas en la materia.<\/p>\n","protected":false},"author":5,"featured_media":171211,"comment_status":"open","ping_status":"open","sticky":false,"template":"","format":"standard","meta":{"_monsterinsights_skip_tracking":false,"_monsterinsights_sitenote_active":false,"_monsterinsights_sitenote_note":"","_monsterinsights_sitenote_category":0,"footnotes":""},"categories":[6],"tags":[204,39,43691],"class_list":["post-171210","post","type-post","status-publish","format-standard","has-post-thumbnail","hentry","category-cd-de-mexico","tag-ciudad-de-mexico","tag-distrito-federal","tag-gdf"],"_links":{"self":[{"href":"https:\/\/www.diarioimagen.net\/index.php?rest_route=\/wp\/v2\/posts\/171210","targetHints":{"allow":["GET"]}}],"collection":[{"href":"https:\/\/www.diarioimagen.net\/index.php?rest_route=\/wp\/v2\/posts"}],"about":[{"href":"https:\/\/www.diarioimagen.net\/index.php?rest_route=\/wp\/v2\/types\/post"}],"author":[{"embeddable":true,"href":"https:\/\/www.diarioimagen.net\/index.php?rest_route=\/wp\/v2\/users\/5"}],"replies":[{"embeddable":true,"href":"https:\/\/www.diarioimagen.net\/index.php?rest_route=%2Fwp%2Fv2%2Fcomments&post=171210"}],"version-history":[{"count":0,"href":"https:\/\/www.diarioimagen.net\/index.php?rest_route=\/wp\/v2\/posts\/171210\/revisions"}],"wp:featuredmedia":[{"embeddable":true,"href":"https:\/\/www.diarioimagen.net\/index.php?rest_route=\/wp\/v2\/media\/171211"}],"wp:attachment":[{"href":"https:\/\/www.diarioimagen.net\/index.php?rest_route=%2Fwp%2Fv2%2Fmedia&parent=171210"}],"wp:term":[{"taxonomy":"category","embeddable":true,"href":"https:\/\/www.diarioimagen.net\/index.php?rest_route=%2Fwp%2Fv2%2Fcategories&post=171210"},{"taxonomy":"post_tag","embeddable":true,"href":"https:\/\/www.diarioimagen.net\/index.php?rest_route=%2Fwp%2Fv2%2Ftags&post=171210"}],"curies":[{"name":"wp","href":"https:\/\/api.w.org\/{rel}","templated":true}]}}