{"id":171219,"date":"2014-04-22T00:04:31","date_gmt":"2014-04-22T05:04:31","guid":{"rendered":"http:\/\/www.diarioimagen.net\/?p=171219"},"modified":"2014-04-28T05:39:23","modified_gmt":"2014-04-28T10:39:23","slug":"senadores-del-prd-anuncian-dictamen-alterno-en-telecom","status":"publish","type":"post","link":"https:\/\/www.diarioimagen.net\/?p=171219","title":{"rendered":"Senadores del PRD anuncian dictamen alterno en telecom"},"content":{"rendered":"<ul>\n<li><strong><em>Argumentan que el legislador panista est\u00e1 en evidente conflicto de intereses<\/em><\/strong><\/li>\n<\/ul>\n<div id=\"attachment_171220\" style=\"width: 250px\" class=\"wp-caption alignleft\"><img loading=\"lazy\" decoding=\"async\" aria-describedby=\"caption-attachment-171220\" class=\"size-medium wp-image-171220 \" alt=\"Al respecto Barbosa recalc\u00f3 que tiene incluso ya preparando un documento con una petici\u00f3n formal, en caso de que Lozano por su propia voluntad no quiera retirarse de la discusi\u00f3n de las leyes secundarias en telecomunicaciones.\" src=\"http:\/\/www.diarioimagen.net\/wp-content\/uploads\/2014\/04\/barbosa-portal-240x135.jpg\" width=\"240\" height=\"135\" srcset=\"https:\/\/www.diarioimagen.net\/wp-content\/uploads\/2014\/04\/barbosa-portal-240x135.jpg 240w, https:\/\/www.diarioimagen.net\/wp-content\/uploads\/2014\/04\/barbosa-portal-420x236.jpg 420w, https:\/\/www.diarioimagen.net\/wp-content\/uploads\/2014\/04\/barbosa-portal-235x132.jpg 235w, https:\/\/www.diarioimagen.net\/wp-content\/uploads\/2014\/04\/barbosa-portal-202x114.jpg 202w, https:\/\/www.diarioimagen.net\/wp-content\/uploads\/2014\/04\/barbosa-portal-350x196.jpg 350w, https:\/\/www.diarioimagen.net\/wp-content\/uploads\/2014\/04\/barbosa-portal-220x123.jpg 220w, https:\/\/www.diarioimagen.net\/wp-content\/uploads\/2014\/04\/barbosa-portal-237x132.jpg 237w, https:\/\/www.diarioimagen.net\/wp-content\/uploads\/2014\/04\/barbosa-portal.jpg 480w\" sizes=\"auto, (max-width: 240px) 100vw, 240px\" \/><p id=\"caption-attachment-171220\" class=\"wp-caption-text\">El coordinador de los senadores del PRD, Miguel Barbosa, anunci\u00f3 que su bancada presentar\u00e1 su propio dictamen a la iniciativa de ley reglamentaria de telecomunicaciones por desacuerdo con el presidente de la Comisi\u00f3n Legislativa.<\/p><\/div>\n<p>El grupo parlamentario del PRD en el Senado anunci\u00f3 que presentar\u00e1n un proyecto alterno de dictamen en materia de las leyes secundarias en telecomunicaciones, dada la intenci\u00f3n del panista Javier Lozano de dar un albazo.<\/p>\n<p>El coordinador perredista Miguel Barbosa, acompa\u00f1ado por los senadores de su partido, anunci\u00f3 asimismo que pedir\u00e1n que Lozano se excuse de participar en la discusi\u00f3n, por su evidente conflicto de intereses en ese tema. Barbosa subray\u00f3 que no van a permitir que les vean \u201cla cara de tontos\u201d.<\/p>\n<p>Advirti\u00f3 que Lozano pretende dar a conocer de un momento a otro un proyecto de dictamen de la iniciativa del Ejecutivo en torno a las leyes secundarias en telecomunicaciones y al d\u00eda siguiente llamar a discusi\u00f3n en comisiones, lo que pasa por encima del reglamento, toda vez que la propuesta no ha sido discutida al interior de las comisiones dictaminadoras.<\/p>\n<p>Sobre el tema, la tambi\u00e9n perredista Dolores Padierna, recalc\u00f3 que el caso de Lozano fue discutido por su bancada en una sesi\u00f3n previa a la sesi\u00f3n y el acuerdo fue pedir que se excuse, ya que no puede estar al frente de la discusi\u00f3n porque es juez y parte.<\/p>\n<p>Al respecto, Barbosa recalc\u00f3 que tiene incluso ya preparando un documento con una petici\u00f3n formal, en caso de que Lozano por su propia voluntad no quiera retirarse de la discusi\u00f3n de las leyes secundarias en telecomunicaciones.<\/p>\n<p>Para Javier Lozano, es rid\u00edcula la propuesta de los perredistas, pues como grupo parlamentario carecen de facultades reglamentarias para presentar un dictamen sobre el tema.<\/p>\n","protected":false},"excerpt":{"rendered":"<p>El grupo parlamentario del PRD en el Senado anunci\u00f3 que presentar\u00e1n un proyecto alterno de dictamen en materia de las leyes secundarias en telecomunicaciones, dada la intenci\u00f3n del panista Javier Lozano de dar un albazo.<\/p>\n","protected":false},"author":5,"featured_media":171220,"comment_status":"open","ping_status":"open","sticky":false,"template":"","format":"standard","meta":{"_monsterinsights_skip_tracking":false,"_monsterinsights_sitenote_active":false,"_monsterinsights_sitenote_note":"","_monsterinsights_sitenote_category":0,"footnotes":""},"categories":[3],"tags":[211,83],"class_list":["post-171219","post","type-post","status-publish","format-standard","has-post-thumbnail","hentry","category-nacional","tag-prd","tag-telecom"],"_links":{"self":[{"href":"https:\/\/www.diarioimagen.net\/index.php?rest_route=\/wp\/v2\/posts\/171219","targetHints":{"allow":["GET"]}}],"collection":[{"href":"https:\/\/www.diarioimagen.net\/index.php?rest_route=\/wp\/v2\/posts"}],"about":[{"href":"https:\/\/www.diarioimagen.net\/index.php?rest_route=\/wp\/v2\/types\/post"}],"author":[{"embeddable":true,"href":"https:\/\/www.diarioimagen.net\/index.php?rest_route=\/wp\/v2\/users\/5"}],"replies":[{"embeddable":true,"href":"https:\/\/www.diarioimagen.net\/index.php?rest_route=%2Fwp%2Fv2%2Fcomments&post=171219"}],"version-history":[{"count":0,"href":"https:\/\/www.diarioimagen.net\/index.php?rest_route=\/wp\/v2\/posts\/171219\/revisions"}],"wp:featuredmedia":[{"embeddable":true,"href":"https:\/\/www.diarioimagen.net\/index.php?rest_route=\/wp\/v2\/media\/171220"}],"wp:attachment":[{"href":"https:\/\/www.diarioimagen.net\/index.php?rest_route=%2Fwp%2Fv2%2Fmedia&parent=171219"}],"wp:term":[{"taxonomy":"category","embeddable":true,"href":"https:\/\/www.diarioimagen.net\/index.php?rest_route=%2Fwp%2Fv2%2Fcategories&post=171219"},{"taxonomy":"post_tag","embeddable":true,"href":"https:\/\/www.diarioimagen.net\/index.php?rest_route=%2Fwp%2Fv2%2Ftags&post=171219"}],"curies":[{"name":"wp","href":"https:\/\/api.w.org\/{rel}","templated":true}]}}