{"id":171250,"date":"2014-04-21T21:09:10","date_gmt":"2014-04-22T02:09:10","guid":{"rendered":"http:\/\/www.diarioimagen.net\/?p=171250"},"modified":"2014-04-22T06:19:22","modified_gmt":"2014-04-22T11:19:22","slug":"todo-estara-bien-juan-gabriel","status":"publish","type":"post","link":"https:\/\/www.diarioimagen.net\/?p=171250","title":{"rendered":"Todo estar\u00e1 bien: Juan Gabriel"},"content":{"rendered":"<ul>\n<li><i><strong>Mediante un comunicado en su p\u00e1gina oficial anunci\u00f3 que estar\u00e1 en un periodo de descanso para restablecerse de manera paulatina<\/strong><\/i><\/li>\n<\/ul>\n<div id=\"attachment_171251\" style=\"width: 250px\" class=\"wp-caption alignleft\"><img loading=\"lazy\" decoding=\"async\" aria-describedby=\"caption-attachment-171251\" class=\"size-medium wp-image-171251\" alt=\"Juan Gabriel agradeci\u00f3 las manifestaciones de cari\u00f1o y apoyo que ha recibido de parte de sus seguidores, amigos y prensa en general, adem\u00e1s de asegurar que se recupera de manera satisfactoria.\" src=\"http:\/\/www.diarioimagen.net\/wp-content\/uploads\/2014\/04\/juan-gabriel-PORTAL-240x135.jpg\" width=\"240\" height=\"135\" srcset=\"https:\/\/www.diarioimagen.net\/wp-content\/uploads\/2014\/04\/juan-gabriel-PORTAL-240x135.jpg 240w, https:\/\/www.diarioimagen.net\/wp-content\/uploads\/2014\/04\/juan-gabriel-PORTAL-420x236.jpg 420w, https:\/\/www.diarioimagen.net\/wp-content\/uploads\/2014\/04\/juan-gabriel-PORTAL-235x132.jpg 235w, https:\/\/www.diarioimagen.net\/wp-content\/uploads\/2014\/04\/juan-gabriel-PORTAL-202x114.jpg 202w, https:\/\/www.diarioimagen.net\/wp-content\/uploads\/2014\/04\/juan-gabriel-PORTAL-350x196.jpg 350w, https:\/\/www.diarioimagen.net\/wp-content\/uploads\/2014\/04\/juan-gabriel-PORTAL-220x123.jpg 220w, https:\/\/www.diarioimagen.net\/wp-content\/uploads\/2014\/04\/juan-gabriel-PORTAL-237x132.jpg 237w, https:\/\/www.diarioimagen.net\/wp-content\/uploads\/2014\/04\/juan-gabriel-PORTAL.jpg 480w\" sizes=\"auto, (max-width: 240px) 100vw, 240px\" \/><p id=\"caption-attachment-171251\" class=\"wp-caption-text\">Juan Gabriel agradeci\u00f3 las manifestaciones de cari\u00f1o y apoyo que ha recibido de parte de sus seguidores, amigos y prensa en general, adem\u00e1s de asegurar que se recupera de manera satisfactoria.<\/p><\/div>\n<p><span style=\"line-height: 1.5em;\">El cantante mexicano Juan Gabriel agradeci\u00f3 las manifestaciones de cari\u00f1o y apoyo que ha recibido de parte de sus seguidores, amigos y prensa en general, adem\u00e1s de asegurar que se recupera de manera satisfactoria.<\/span><\/p>\n<p>Mediante un comunicado en su p\u00e1gina oficial anunci\u00f3 que estar\u00e1 en un periodo de descanso para restablecerse de manera paulatina.<br \/>\n\u201cPor esta raz\u00f3n no habr\u00e1 publicaciones en los medios sociales durante este periodo\u201d, se lee en el texto.<br \/>\nRespecto a las presentaciones programadas, se notific\u00f3 que se mantendr\u00e1 informados\u00a0a trav\u00e9s de su p\u00e1gina oficial www.juangabriel.com.mx, as\u00ed como de sus redes sociales.<br \/>\nHoras antes de difundir su comunicado, <i>El Divo de Ju\u00e1rez<\/i> dio a conocer en su cuenta oficial de Twitter que descansar\u00e1 tambi\u00e9n de las redes sociales.<br \/>\n\u201cMis amores. Gracias por todos sus mensajes y por su gran preocupaci\u00f3n. Todo est\u00e1 bien y yo estar\u00e9 descanzando (sic) hasta de esto. Pronto nos veremos\u201d, escribi\u00f3.<\/p>\n","protected":false},"excerpt":{"rendered":"<p>El cantante mexicano Juan Gabriel agradeci\u00f3 las manifestaciones de cari\u00f1o y apoyo que ha recibido de parte de sus seguidores, amigos y prensa en general, adem\u00e1s de asegurar que se recupera de manera satisfactoria.<\/p>\n","protected":false},"author":5,"featured_media":171251,"comment_status":"open","ping_status":"open","sticky":false,"template":"","format":"standard","meta":{"_monsterinsights_skip_tracking":false,"_monsterinsights_sitenote_active":false,"_monsterinsights_sitenote_note":"","_monsterinsights_sitenote_category":0,"footnotes":""},"categories":[17,12],"tags":[32147,4568],"class_list":["post-171250","post","type-post","status-publish","format-standard","has-post-thumbnail","hentry","category-especiales","category-espectaculos","tag-el-divo-de-juarez","tag-juan-gabriel"],"_links":{"self":[{"href":"https:\/\/www.diarioimagen.net\/index.php?rest_route=\/wp\/v2\/posts\/171250","targetHints":{"allow":["GET"]}}],"collection":[{"href":"https:\/\/www.diarioimagen.net\/index.php?rest_route=\/wp\/v2\/posts"}],"about":[{"href":"https:\/\/www.diarioimagen.net\/index.php?rest_route=\/wp\/v2\/types\/post"}],"author":[{"embeddable":true,"href":"https:\/\/www.diarioimagen.net\/index.php?rest_route=\/wp\/v2\/users\/5"}],"replies":[{"embeddable":true,"href":"https:\/\/www.diarioimagen.net\/index.php?rest_route=%2Fwp%2Fv2%2Fcomments&post=171250"}],"version-history":[{"count":0,"href":"https:\/\/www.diarioimagen.net\/index.php?rest_route=\/wp\/v2\/posts\/171250\/revisions"}],"wp:featuredmedia":[{"embeddable":true,"href":"https:\/\/www.diarioimagen.net\/index.php?rest_route=\/wp\/v2\/media\/171251"}],"wp:attachment":[{"href":"https:\/\/www.diarioimagen.net\/index.php?rest_route=%2Fwp%2Fv2%2Fmedia&parent=171250"}],"wp:term":[{"taxonomy":"category","embeddable":true,"href":"https:\/\/www.diarioimagen.net\/index.php?rest_route=%2Fwp%2Fv2%2Fcategories&post=171250"},{"taxonomy":"post_tag","embeddable":true,"href":"https:\/\/www.diarioimagen.net\/index.php?rest_route=%2Fwp%2Fv2%2Ftags&post=171250"}],"curies":[{"name":"wp","href":"https:\/\/api.w.org\/{rel}","templated":true}]}}