{"id":171259,"date":"2014-04-21T21:14:40","date_gmt":"2014-04-22T02:14:40","guid":{"rendered":"http:\/\/www.diarioimagen.net\/?p=171259"},"modified":"2014-04-22T06:26:02","modified_gmt":"2014-04-22T11:26:02","slug":"armando-manzanero-confirmado-en-autor3s","status":"publish","type":"post","link":"https:\/\/www.diarioimagen.net\/?p=171259","title":{"rendered":"Armando Manzanero, confirmado en AUTOR3S"},"content":{"rendered":"<ul>\n<li><strong><i>Adem\u00e1s Alex Lora, Alex Cuba, \u00c9dgar Oceransky,\u00a0Jenny Ball (Jenny and The Mexicats)\u00a0y otros talentos forman parte de la nueva temorada de este gran espect\u00e1culo<\/i><\/strong><\/li>\n<\/ul>\n<div id=\"attachment_171260\" style=\"width: 250px\" class=\"wp-caption alignleft\"><img loading=\"lazy\" decoding=\"async\" aria-describedby=\"caption-attachment-171260\" class=\"size-medium wp-image-171260\" alt=\"Luego del \u00e9xito del a\u00f1o pasado, en esta ocasi\u00f3n han sido confirmados autores de reconocimiento internacional como Armando Manzanero, quien apadrina esta nueva temporada.\" src=\"http:\/\/www.diarioimagen.net\/wp-content\/uploads\/2014\/04\/armando-manzanero-PORTAL-240x135.jpg\" width=\"240\" height=\"135\" srcset=\"https:\/\/www.diarioimagen.net\/wp-content\/uploads\/2014\/04\/armando-manzanero-PORTAL-240x135.jpg 240w, https:\/\/www.diarioimagen.net\/wp-content\/uploads\/2014\/04\/armando-manzanero-PORTAL-420x236.jpg 420w, https:\/\/www.diarioimagen.net\/wp-content\/uploads\/2014\/04\/armando-manzanero-PORTAL-235x132.jpg 235w, https:\/\/www.diarioimagen.net\/wp-content\/uploads\/2014\/04\/armando-manzanero-PORTAL-202x114.jpg 202w, https:\/\/www.diarioimagen.net\/wp-content\/uploads\/2014\/04\/armando-manzanero-PORTAL-350x196.jpg 350w, https:\/\/www.diarioimagen.net\/wp-content\/uploads\/2014\/04\/armando-manzanero-PORTAL-220x123.jpg 220w, https:\/\/www.diarioimagen.net\/wp-content\/uploads\/2014\/04\/armando-manzanero-PORTAL-237x132.jpg 237w, https:\/\/www.diarioimagen.net\/wp-content\/uploads\/2014\/04\/armando-manzanero-PORTAL.jpg 480w\" sizes=\"auto, (max-width: 240px) 100vw, 240px\" \/><p id=\"caption-attachment-171260\" class=\"wp-caption-text\">Luego del \u00e9xito del a\u00f1o pasado, en esta ocasi\u00f3n han sido confirmados autores de reconocimiento internacional como Armando Manzanero, quien apadrina esta nueva temporada.<\/p><\/div>\n<p><span style=\"line-height: 1.5em;\">Porque el p\u00fablico pidi\u00f3 m\u00e1s de este extraordinario proyecto, el 11 de mayo regresa el <\/span><i style=\"line-height: 1.5em;\">show<\/i><span style=\"line-height: 1.5em;\"> que el a\u00f1o pasado caus\u00f3 sensaci\u00f3n en esta ciudad: AUTOR3S que, incluso rompi\u00f3 r\u00e9cords de asistencia en el Lunario, logrando once funciones consecutivas en ese foro; as\u00ed fue el \u00e9xito, rotundo, de este espect\u00e1culo concebido y orquestado por Gian Marco, Amaury Guti\u00e9rrez y Luis Enrique quienes, apoyados por Mauricio Abaroa y el sello e35, lograron impactar de tal manera que ya se anunciaron varios conciertos \u00a0en esta nueva temporada.<\/span><\/p>\n<p>As\u00ed, el 11 de mayo, en el Lunario,\u00a0arrancar\u00e1n la temporada\u00a0con \u00a0dos funciones de AUTOR3S; una a las 17:00 horas, y otra a las 20.30 horas.<\/p>\n<p>Luego del \u00e9xito del a\u00f1o pasado, en esta ocasi\u00f3n han sido confirmados autores de reconocimiento internacional como Armando Manzanero, quien apadrina esta nueva temporada, adem\u00e1s de\u00a0Edgar Oceransky, Alex Cuba,\u00a0Jenny Ball\u00a0(de Jenny and The Mexicats), Alex Lora,\u00a0Lena\u00a0y otros que ir\u00e1n desfilando en el escenario del Lunario del Auditorio Nacional.<\/p>\n<p>Cabe destacar que, debido a compromisos de trabajo\u00a0previamente contra\u00eddos, Luis Enrique no estar\u00e1 en este espect\u00e1culo; sin embargo, los organizadores han prometido subir al escenario a otros artistas invitados, pues es \u00e9sta una fiesta de la bohemia donde compositores e int\u00e9rpretes hacen las delicias de su audiencia, interpretando temas de su autor\u00eda que, a veces en otras voces, son cl\u00e1sicos del cancionero popular\u00a0latinoamericano.<\/p>\n<p>De la serie de conciertos que ofrecieron el a\u00f1o pasado, el sello e35 ha editado un CD+DVD que sali\u00f3 a la venta el pasado 5 de febrero, y que ha registrado extraordinarias ventas a la fecha, y que pr\u00f3ximamente podr\u00eda convertirse en disco de oro pues, debido al \u00e9xito, se est\u00e1 lanzando una segunda edici\u00f3n.<\/p>\n<p>Este material incluye lo m\u00e1s rom\u00e1ntico del repertorio interpretado durante la temporada sin precedentes que los artistas ofrecieron en el Lunario, del 22 al 28 de octubre de 2013, donde cantaron acompa\u00f1ados por\u00a023\u00a0artistas j\u00f3venes y consagrados representando\u00a0siete\u00a0diferentes\u00a0nacionalidades.<\/p>\n<p>Con un total de once presentaciones <i>sold out<\/i> en tan s\u00f3lo siete d\u00edas, desfilaron\u00a0Ra\u00fal Ornelas, Paulino Monroy, Jenny and the Mexicats, Jorge Correa y Sandoval, \u00a0alternando sus propuestas musicales con Lena, Alexander Acha, Noel, Aleks Syntek y Ana Victoria,\u00a0entre otros, en lo que fue un derroche de sensibilidades y talento.<\/p>\n<p>Estas nuevas funciones de AUTOR3S en el Lunario, son apenas el inicio de una prometida gira por diversas ciudades del pa\u00eds, en la que se espera\u00a0llegar a completar hasta 29\u00a0fechas, de las que en breve se dar\u00e1 a conocer sedes y ciudades.<\/p>\n","protected":false},"excerpt":{"rendered":"<p>Porque el p\u00fablico pidi\u00f3 m\u00e1s de este extraordinario proyecto, el 11 de mayo regresa el show que el a\u00f1o pasado caus\u00f3 sensaci\u00f3n en esta ciudad: AUTOR3S que, incluso rompi\u00f3 r\u00e9cords de asistencia en el Lunario, logrando once funciones consecutivas en ese foro; as\u00ed fue el \u00e9xito, rotundo, de este espect\u00e1culo concebido y orquestado por Gian Marco, Amaury Guti\u00e9rrez y Luis Enrique quienes, apoyados por Mauricio Abaroa y el sello e35, lograron impactar de tal manera que ya se anunciaron varios conciertos  en esta nueva temporada.<\/p>\n","protected":false},"author":5,"featured_media":171260,"comment_status":"open","ping_status":"open","sticky":false,"template":"","format":"standard","meta":{"_monsterinsights_skip_tracking":false,"_monsterinsights_sitenote_active":false,"_monsterinsights_sitenote_note":"","_monsterinsights_sitenote_category":0,"footnotes":""},"categories":[17,12],"tags":[1562],"class_list":["post-171259","post","type-post","status-publish","format-standard","has-post-thumbnail","hentry","category-especiales","category-espectaculos","tag-armando-manzanero"],"_links":{"self":[{"href":"https:\/\/www.diarioimagen.net\/index.php?rest_route=\/wp\/v2\/posts\/171259","targetHints":{"allow":["GET"]}}],"collection":[{"href":"https:\/\/www.diarioimagen.net\/index.php?rest_route=\/wp\/v2\/posts"}],"about":[{"href":"https:\/\/www.diarioimagen.net\/index.php?rest_route=\/wp\/v2\/types\/post"}],"author":[{"embeddable":true,"href":"https:\/\/www.diarioimagen.net\/index.php?rest_route=\/wp\/v2\/users\/5"}],"replies":[{"embeddable":true,"href":"https:\/\/www.diarioimagen.net\/index.php?rest_route=%2Fwp%2Fv2%2Fcomments&post=171259"}],"version-history":[{"count":0,"href":"https:\/\/www.diarioimagen.net\/index.php?rest_route=\/wp\/v2\/posts\/171259\/revisions"}],"wp:featuredmedia":[{"embeddable":true,"href":"https:\/\/www.diarioimagen.net\/index.php?rest_route=\/wp\/v2\/media\/171260"}],"wp:attachment":[{"href":"https:\/\/www.diarioimagen.net\/index.php?rest_route=%2Fwp%2Fv2%2Fmedia&parent=171259"}],"wp:term":[{"taxonomy":"category","embeddable":true,"href":"https:\/\/www.diarioimagen.net\/index.php?rest_route=%2Fwp%2Fv2%2Fcategories&post=171259"},{"taxonomy":"post_tag","embeddable":true,"href":"https:\/\/www.diarioimagen.net\/index.php?rest_route=%2Fwp%2Fv2%2Ftags&post=171259"}],"curies":[{"name":"wp","href":"https:\/\/api.w.org\/{rel}","templated":true}]}}