{"id":171267,"date":"2014-04-22T00:06:32","date_gmt":"2014-04-22T05:06:32","guid":{"rendered":"http:\/\/www.diarioimagen.net\/?p=171267"},"modified":"2014-04-28T05:39:39","modified_gmt":"2014-04-28T10:39:39","slug":"eruviel-avila-inaugura-seis-salas-para-juicios-orales","status":"publish","type":"post","link":"https:\/\/www.diarioimagen.net\/?p=171267","title":{"rendered":"Eruviel \u00c1vila inaugura seis salas para juicios orales"},"content":{"rendered":"<ul>\n<li><strong><em>El Estado de M\u00e9xico es una de las tres entidades en las que se ha implementado en su totalidad el sistema de justicia de tipo acusatorio<\/em><\/strong><\/li>\n<\/ul>\n<div id=\"attachment_171363\" style=\"width: 250px\" class=\"wp-caption alignleft\"><a href=\"http:\/\/www.diarioimagen.net\/wp-content\/uploads\/2014\/04\/eruviel-2339.jpg\"><img loading=\"lazy\" decoding=\"async\" aria-describedby=\"caption-attachment-171363\" class=\"size-medium wp-image-171363\" alt=\"El gobernador Eruviel \u00c1vila Villegas inaugur\u00f3 seis nuevas salas de Juicios Orales de la Torre 1, Juzgados de Control y de Juicios Orales del Distrito Judicial de Toluca; suman 83 salas de este tipo y 324 c\u00e1maras de grabaci\u00f3n en los 18 distritos judiciales de la entidad.\" src=\"http:\/\/www.diarioimagen.net\/wp-content\/uploads\/2014\/04\/eruviel-2339-240x160.jpg\" width=\"240\" height=\"160\" srcset=\"https:\/\/www.diarioimagen.net\/wp-content\/uploads\/2014\/04\/eruviel-2339-240x160.jpg 240w, https:\/\/www.diarioimagen.net\/wp-content\/uploads\/2014\/04\/eruviel-2339-420x280.jpg 420w, https:\/\/www.diarioimagen.net\/wp-content\/uploads\/2014\/04\/eruviel-2339.jpg 700w\" sizes=\"auto, (max-width: 240px) 100vw, 240px\" \/><\/a><p id=\"caption-attachment-171363\" class=\"wp-caption-text\">El gobernador Eruviel \u00c1vila Villegas inaugur\u00f3 seis nuevas salas de Juicios Orales de la Torre 1, Juzgados de Control y de Juicios Orales del Distrito Judicial de Toluca; suman 83 salas de este tipo y 324 c\u00e1maras de grabaci\u00f3n en los 18 distritos judiciales de la entidad.<\/p><\/div>\n<p><strong>Almoloya de Ju\u00e1rez, Estado de M\u00e9xico<\/strong>.- Con la inauguraci\u00f3n de seis nuevas salas de juicios orales, el Estado de M\u00e9xico se ubica a la vanguardia a nivel nacional en la implementaci\u00f3n del sistema de justicia penal de tipo acusatorio, adversarial y oral, al sumar 83 salas de este tipo y 324 c\u00e1maras de grabaci\u00f3n en los 18 distritos judiciales de la entidad, logrando ofrecer mayor certidumbre en los procesos y reducir su duraci\u00f3n de dos o tres a\u00f1os a seis meses, dio a conocer el gobernador Eruviel \u00c1vila Villegas, quien afirm\u00f3 que su administraci\u00f3n trabaja en una estrategia integral en seguridad p\u00fablica, procuraci\u00f3n y administraci\u00f3n de justicia, para contar con mexiquenses mejor protegidos.<\/p>\n<p>\u201cSomos un estado pionero, orgullosamente lo digo, gracias al trabajo de todas y todos ustedes, se\u00f1oras y se\u00f1ores integrantes del Poder Judicial; eso nos ha permitido que su implementaci\u00f3n haya sido un \u00e9xito y ejemplo a nivel nacional. Morelos Chihuahua y el Estado el M\u00e9xico, somos las tres entidades que hoy por hoy en todo el pa\u00eds tenemos implementado este sistema.<\/p>\n<p>\u201cTodo esto se traduce en beneficios para la poblaci\u00f3n para que tengamos mexiquenses mejor protegidos y que desde luego puedan desarrollar sus capacidades y puedan las familias mexiquenses salir adelante como se lo merecen\u201d, dijo.<\/p>\n<p>Luego de inaugurar salas de Juicios Orales de la Torre 1, Juzgados de Control y de Juicios Orales del Distrito Judicial de Toluca, ubicados en el municipio de Almoloya de Ju\u00e1rez, Eruviel \u00c1vila\u00a0 detall\u00f3 que en la entidad se trabaja en tres ejes para procurar la seguridad de los mexiquenses,\u00a0consisten en prevenir la comisi\u00f3n de delitos y generar una sociedad m\u00e1s fuerte y m\u00e1s unida; combatir a los delincuentes, que son los verdaderos enemigos de la sociedad y fortalecer a las instituciones estatales de seguridad y justicia para hacerlas m\u00e1s eficientes.<\/p>\n<p>Destac\u00f3 que los Poderes Legislativo, Judicial y Ejecutivo, desde el marco de sus competencias, trabajan de manera conjunta y coordinada, lo que ha permitido perfeccionar, eficientar y facilitar el acceso a la procuraci\u00f3n y a la administraci\u00f3n de justicia a trav\u00e9s de diversas reformas, con las cuales se agravaron penas en delitos de extorsi\u00f3n y robo con violencia, eliminando beneficios a los presuntos responsables para que no salgan con facilidad de prisi\u00f3n y cumplan penas severas. Como resultado, actualmente 2 mil 200 delincuentes que han cometido presuntamente estos delitos est\u00e1n detenidos.<\/p>\n<p>Asimismo, dio a conocer que para combatir y sancionar a quienes cometen el delito de secuestro, jueces del Tribunal de Justicia de la entidad se est\u00e1n capacitando, en un curso impartido con la Coordinaci\u00f3n Nacional Antisecuestros, con lo cual el estado se posiciona como la primer entidad en contar con especializaci\u00f3n en esta materia.<\/p>\n<p>En este sentido, el gobernador tambi\u00e9n inform\u00f3 que pr\u00f3ximamente se incorporar\u00e1n m\u00e1s de 160 servidores p\u00fablicos\u00a0 a la Procuradur\u00eda General de Justicia del Estado de M\u00e9xico, entre ellos agentes del Ministerio P\u00fablico, Polic\u00edas Ministeriales, peritos, para fortalecer la procuraci\u00f3n de justicia en la entidad.<\/p>\n<p>Se\u00f1al\u00f3 que en el rubro de justicia, la entidad\u00a0 ha innovado, al ser el primer estado en implementar los juicios orales en materia mercantil; y en breve se pondr\u00e1n en marcha salas de juicios orales en el sector laboral, permitiendo la modernizaci\u00f3n en estos mecanismos.<\/p>\n<p>Por su parte, Baruch Delgado Carbajal, presidente del Tribunal Superior de Justicia mexiquense, destac\u00f3 que luego de que en el 2008 se public\u00f3 la reforma constitucional al sistema de justicia penal en M\u00e9xico, en territorio mexiquense inici\u00f3 la operaci\u00f3n del Sistema Penal Acusatorio y Oral en 2009, logrando su implementaci\u00f3n en todo el estado en octubre de 2011.<\/p>\n<p>Luego de este logro, dijo, contin\u00faa el trabajo en ampliaci\u00f3n de infraestructura, capacitaci\u00f3n, tecnolog\u00eda, gesti\u00f3n administrativa, entre otros aspectos, y en colaboraci\u00f3n con los poderes Ejecutivo y Legislativo, se han realizado reformas a los C\u00f3digos Penal y de Procedimientos Penales del Estado, para sancionar con mayor severidad a quienes cometen delitos que m\u00e1s lastiman a la sociedad.<\/p>\n<p>&nbsp;<\/p>\n","protected":false},"excerpt":{"rendered":"<p>Con la inauguraci\u00f3n de seis nuevas salas de juicios orales, el Estado de M\u00e9xico se ubica a la vanguardia a nivel nacional en la implementaci\u00f3n del sistema de justicia penal de tipo acusatorio, adversarial y oral, al sumar 83 salas de este tipo y 324 c\u00e1maras de grabaci\u00f3n en los 18 distritos judiciales de la entidad, logrando ofrecer mayor certidumbre en los procesos y reducir su duraci\u00f3n de dos o tres a\u00f1os a seis meses, dio a conocer el gobernador Eruviel \u00c1vila Villegas, quien afirm\u00f3 que su administraci\u00f3n trabaja en una estrategia integral en seguridad p\u00fablica, procuraci\u00f3n y administraci\u00f3n de justicia, para contar con mexiquenses mejor protegidos.<\/p>\n","protected":false},"author":3,"featured_media":171363,"comment_status":"open","ping_status":"open","sticky":false,"template":"","format":"standard","meta":{"_monsterinsights_skip_tracking":false,"_monsterinsights_sitenote_active":false,"_monsterinsights_sitenote_note":"","_monsterinsights_sitenote_category":0,"footnotes":""},"categories":[5],"tags":[1046,5828,43675,19417],"class_list":["post-171267","post","type-post","status-publish","format-standard","has-post-thumbnail","hentry","category-estado-de-mexico","tag-almoloya-de-juarez","tag-eruviel-avila-villegas","tag-estado-de-mexico","tag-juicios-orales"],"_links":{"self":[{"href":"https:\/\/www.diarioimagen.net\/index.php?rest_route=\/wp\/v2\/posts\/171267","targetHints":{"allow":["GET"]}}],"collection":[{"href":"https:\/\/www.diarioimagen.net\/index.php?rest_route=\/wp\/v2\/posts"}],"about":[{"href":"https:\/\/www.diarioimagen.net\/index.php?rest_route=\/wp\/v2\/types\/post"}],"author":[{"embeddable":true,"href":"https:\/\/www.diarioimagen.net\/index.php?rest_route=\/wp\/v2\/users\/3"}],"replies":[{"embeddable":true,"href":"https:\/\/www.diarioimagen.net\/index.php?rest_route=%2Fwp%2Fv2%2Fcomments&post=171267"}],"version-history":[{"count":0,"href":"https:\/\/www.diarioimagen.net\/index.php?rest_route=\/wp\/v2\/posts\/171267\/revisions"}],"wp:featuredmedia":[{"embeddable":true,"href":"https:\/\/www.diarioimagen.net\/index.php?rest_route=\/wp\/v2\/media\/171363"}],"wp:attachment":[{"href":"https:\/\/www.diarioimagen.net\/index.php?rest_route=%2Fwp%2Fv2%2Fmedia&parent=171267"}],"wp:term":[{"taxonomy":"category","embeddable":true,"href":"https:\/\/www.diarioimagen.net\/index.php?rest_route=%2Fwp%2Fv2%2Fcategories&post=171267"},{"taxonomy":"post_tag","embeddable":true,"href":"https:\/\/www.diarioimagen.net\/index.php?rest_route=%2Fwp%2Fv2%2Ftags&post=171267"}],"curies":[{"name":"wp","href":"https:\/\/api.w.org\/{rel}","templated":true}]}}