{"id":171310,"date":"2014-04-22T00:04:56","date_gmt":"2014-04-22T05:04:56","guid":{"rendered":"http:\/\/www.diarioimagen.net\/?p=171310"},"modified":"2014-04-22T05:16:50","modified_gmt":"2014-04-22T10:16:50","slug":"los-candidatos-independientes","status":"publish","type":"post","link":"https:\/\/www.diarioimagen.net\/?p=171310","title":{"rendered":"Los candidatos independientes"},"content":{"rendered":"<h2>Punto por punto<\/h2>\n<h5>Augusto Corro<\/h5>\n<p><span><br \/>\nEn esta semana quedar\u00e1 lista la reforma pol\u00edtica que autorizar\u00e1 las candidaturas independientes.\u00a0 Es decir, todo aqu\u00e9l ciudadano que lo desee podr\u00e1 competir para un cargo p\u00fablico sin estar afiliado a un partido pol\u00edtico.<\/span><\/p>\n<p>Desde luego, ser\u00e1 un avance importante en la vida democr\u00e1tica de M\u00e9xico.<\/p>\n<p>En el presente, si no se cuenta con el apoyo de alg\u00fan partido\u00a0 es imposible hacer una carrera pol\u00edtica.\u00a0 La \u201cdemocracia\u201d es controlada por las organizaciones pol\u00edticas convertidas en cotos de poder impenetrables para cualquier ciudadano.<\/p>\n<p>Ese problema de los grupos acaparadores de la pol\u00edtica se presenta en todos los organismos pol\u00edticos.\u00a0 Por\u00a0 ejemplo, en el poder legislativo son innumerables los diputados y senadores que repiten en el cargo.<\/p>\n<p>Del Senado pasan a la C\u00e1mara de Diputados. O al rev\u00e9s. El hecho es que no sueltan los mullidos sillones de los palacios legislativos.<\/p>\n<p>Lo mismo ocurre con los ex gobernadores que despu\u00e9s de ostentar un poder omn\u00edmodo comienzan una nueva carrera pol\u00edtica como diputados o senadores, con m\u00e1s pena que gloria en los recintos parlamentarios.<\/p>\n<p>Se supone que las candidaturas independientes romper\u00e1n con el monopolio de los partidos pol\u00edticos. Sin embargo, no ser\u00e1 tarea f\u00e1cil lograrlo.<\/p>\n<p>Las mismas organizaciones pol\u00edticas se encargar\u00e1n de aprobar una reforma pol\u00edtica con los obst\u00e1culos necesarios para dificultar la realizaci\u00f3n de las aspiraciones de los candidatos independientes. En fin, habr\u00e1 que esperar la reforma pol\u00edtica que, por el momento,\u00a0 suena bien, aunque en la realidad los partidos pol\u00edticos se encargar\u00e1n de obstaculizar a la competencia.\u00a0 El sistema de partidos no se encuentra en condiciones de ceder el poder a cualquier ciudadano que desee participar en las competencias electorales.<\/p>\n<p align=\"center\"><b>GUERRERO<\/b><\/p>\n<p>En el seno del Partido de la Revoluci\u00f3n Democr\u00e1tica (PRD) se libra una lucha sorda entre los aspirantes a sucederle en el cargo al gobernador \u00c1ngel Aguirre.<\/p>\n<p>El senador Armando R\u00edos P\u00edter es uno de los precandidatos favoritos, pues cuenta con el apoyo de las tribus perredistas m\u00e1s importantes.<\/p>\n<p>Su opositor es el tambi\u00e9n senador amarillo Sof\u00edo Ram\u00edrez, un oscuro legislador que hace poco tiempo a\u00fan militaba en las filas pri\u00edstas.<\/p>\n<p>El gobierno estatal perredista, que preside \u00c1ngel Aguirre, sigue en deuda con los guerrerenses que han estado sometidos a la furia de los fen\u00f3menos naturales y a la violencia.<\/p>\n<p>Los militantes del partido del sol azteca quedaron decepcionados del gobierno de Aguirre Rivero que no pudo brindar la ayuda necesaria a los guerrerenses que sufrieron los da\u00f1os provocados por los ciclones. Cuando \u201cManuel\u201d golpeaba a Acapulco, \u00c1ngel Aguirre disfrutaba de una alegre velada con sus amigos.<\/p>\n<p>Cualquier sucesor del mencionado Aguirre seguramente har\u00e1 un mejor papel. Este gobernador es uno de los mandatarios de la denominada izquierda que no ha podido erradicar la violencia en sus entidades.<\/p>\n<p>\u00bfEjemplos? Sobran. Para no ir tan lejos, basta con se\u00f1alar la ineptitud del gobernador Graco Ram\u00edrez, en Morelos.<\/p>\n<p align=\"center\"><b>LOS PRESIDENTES MUNICIPALES<\/b><\/p>\n<p>En la espiral de violencia desatada en el pa\u00eds, los\u00a0 presidentes municipales han jugado un papel importante como v\u00edctimas o victimarios.\u00a0 Lo mismo ocurre con aquellos alcaldes que tienen la responsabilidad del cargo.<\/p>\n<p>En algunos casos han sido secuestrados, torturados y asesinados. Son el eslab\u00f3n m\u00e1s d\u00e9bil en la cadena de poder.<\/p>\n<p>Sin embargo, el \u201cnegrito\u201d en el arroz es el alcalde de Cuetzala del Progreso, Guerrero.<\/p>\n<p>Result\u00f3 que el presidente municipal Feliciano \u00c1lvarez Mecino\u00a0 decidi\u00f3 actuar como secuestrador y se integr\u00f3 a \u201cLa Familia Michoacana\u201d. Y empez\u00f3 a actuar en la delincuencia organizada.<\/p>\n<p>Las autoridades federales encontraron que Feliciano hab\u00eda participado en por lo menos 15 secuestros.\u00a0 Un juez en Guerrero decret\u00f3 el inicio del proceso penal contra el edil, pues hay elementos suficientes para el delito de delincuencia organizada.<\/p>\n<p>Feliciano fue capturado el 9 de abril y ahora se encuentra en el Centro Federal de Readaptaci\u00f3n Social No. 3 Noroeste, en Matamoros, Tmaulipas. El territorio donde el alcalde se dedicaba al secuestro inclu\u00eda a los estados de M\u00e9xico, Guerrero y Michoac\u00e1n.<\/p>\n<p><em><a href=\"mailto:aco2742@hotmail.com\" target=\"_blank\">aco2742@hotmail.com<\/a><\/em><\/p>\n","protected":false},"excerpt":{"rendered":"<p><span style=\"color: #005497;\"><strong>Augusto Corro<\/strong><\/span><\/p>\n","protected":false},"author":3,"featured_media":0,"comment_status":"open","ping_status":"open","sticky":false,"template":"","format":"standard","meta":{"_monsterinsights_skip_tracking":false,"_monsterinsights_sitenote_active":false,"_monsterinsights_sitenote_note":"","_monsterinsights_sitenote_category":0,"footnotes":""},"categories":[157],"tags":[43686,98,43674,11515],"class_list":["post-171310","post","type-post","status-publish","format-standard","hentry","category-augusto-corro","tag-augusto-corro","tag-camara-de-diputados","tag-opinion","tag-punto-por-punto"],"_links":{"self":[{"href":"https:\/\/www.diarioimagen.net\/index.php?rest_route=\/wp\/v2\/posts\/171310","targetHints":{"allow":["GET"]}}],"collection":[{"href":"https:\/\/www.diarioimagen.net\/index.php?rest_route=\/wp\/v2\/posts"}],"about":[{"href":"https:\/\/www.diarioimagen.net\/index.php?rest_route=\/wp\/v2\/types\/post"}],"author":[{"embeddable":true,"href":"https:\/\/www.diarioimagen.net\/index.php?rest_route=\/wp\/v2\/users\/3"}],"replies":[{"embeddable":true,"href":"https:\/\/www.diarioimagen.net\/index.php?rest_route=%2Fwp%2Fv2%2Fcomments&post=171310"}],"version-history":[{"count":0,"href":"https:\/\/www.diarioimagen.net\/index.php?rest_route=\/wp\/v2\/posts\/171310\/revisions"}],"wp:attachment":[{"href":"https:\/\/www.diarioimagen.net\/index.php?rest_route=%2Fwp%2Fv2%2Fmedia&parent=171310"}],"wp:term":[{"taxonomy":"category","embeddable":true,"href":"https:\/\/www.diarioimagen.net\/index.php?rest_route=%2Fwp%2Fv2%2Fcategories&post=171310"},{"taxonomy":"post_tag","embeddable":true,"href":"https:\/\/www.diarioimagen.net\/index.php?rest_route=%2Fwp%2Fv2%2Ftags&post=171310"}],"curies":[{"name":"wp","href":"https:\/\/api.w.org\/{rel}","templated":true}]}}