{"id":171506,"date":"2014-04-23T00:09:02","date_gmt":"2014-04-23T05:09:02","guid":{"rendered":"http:\/\/www.diarioimagen.net\/?p=171506"},"modified":"2014-04-23T04:36:27","modified_gmt":"2014-04-23T09:36:27","slug":"mancera-lanza-plan-de-empleo-para-jovenes","status":"publish","type":"post","link":"https:\/\/www.diarioimagen.net\/?p=171506","title":{"rendered":"Mancera lanza plan de empleo para j\u00f3venes"},"content":{"rendered":"<ul>\n<li><strong><em>El programa \u201cMi primera oportunidad\u201d ser\u00e1 coordinado por la Sedesol capitalina, el InjuveDF y la iniciativa privada<\/em><\/strong><\/li>\n<\/ul>\n<div id=\"attachment_171551\" style=\"width: 250px\" class=\"wp-caption alignleft\"><a href=\"http:\/\/www.diarioimagen.net\/wp-content\/uploads\/2014\/04\/MANCERA-2340.jpg\"><img loading=\"lazy\" decoding=\"async\" aria-describedby=\"caption-attachment-171551\" class=\"size-medium wp-image-171551\" alt=\"Miguel \u00c1ngel Mancera, jefe de gobierno del Distrito Federal, afirma que la primera convocatoria para dar empleo a j\u00f3venes ser\u00e1 en mayo.\" src=\"http:\/\/www.diarioimagen.net\/wp-content\/uploads\/2014\/04\/MANCERA-2340-240x159.jpg\" width=\"240\" height=\"159\" srcset=\"https:\/\/www.diarioimagen.net\/wp-content\/uploads\/2014\/04\/MANCERA-2340-240x159.jpg 240w, https:\/\/www.diarioimagen.net\/wp-content\/uploads\/2014\/04\/MANCERA-2340-420x279.jpg 420w, https:\/\/www.diarioimagen.net\/wp-content\/uploads\/2014\/04\/MANCERA-2340.jpg 500w\" sizes=\"auto, (max-width: 240px) 100vw, 240px\" \/><\/a><p id=\"caption-attachment-171551\" class=\"wp-caption-text\">Miguel \u00c1ngel Mancera, jefe de gobierno del Distrito Federal, afirma que la primera convocatoria para dar empleo a j\u00f3venes ser\u00e1 en mayo.<\/p><\/div>\n<p>Miguel \u00c1ngel Mancera, jefe de gobierno del Distrito Federal, anunci\u00f3 la puesta en marcha del programa \u201cMi primera oportunidad\u201d, mediante el cual se ofertar\u00e1n 10 mil empleos a j\u00f3venes de la capital del pa\u00eds.<\/p>\n<p>Mancera Espinosa detall\u00f3 que este programa es coordinado por la Secretar\u00eda de Desarrollo Social (Sedeso) y el Instituto de la Juventud del DF (InjuveDF), en coordinaci\u00f3n con la iniciativa privada.<\/p>\n<p>Asimismo, mencion\u00f3 que su primera convocatoria ser\u00e1 lanzada en el mes de mayo.<\/p>\n<p>\u201cContempla un esquema de capacitaci\u00f3n, va a participar la iniciativa privada para que los trabajos est\u00e9n garantizados y no vamos a pedir requisitos de experiencia, porque de lo que se trata es de que sea una oportunidad\u201d, se\u00f1al\u00f3.<\/p>\n<p>Durante la presentaci\u00f3n de la Consulta de Tendencias Juveniles 2013, el jefe de gobierno dijo que se crear\u00e1 el Gabinete de la Juventud y la Comisi\u00f3n para la Capacitaci\u00f3n y el Fomento al Empleo Juvenil en la ciudad de M\u00e9xico.<\/p>\n<p>Seg\u00fan los resultados de dicha encuesta, el 32.48% de los j\u00f3venes capitalinos trabajan, 30.44% no trabaja ni busca una plaza, mientras que el 14.35% se encuentra buscando su primer empleo.<\/p>\n<p>La Consulta Tendencias Juveniles 2013 se realiz\u00f3 a 304 mil personas de entre 14 y 29 a\u00f1os, habitantes de las 16 delegaciones del DF.<\/p>\n<p>Por otra parte, la secretaria de Desarrollo Social, Rosa Icela Rodr\u00edguez, asever\u00f3 que las pl\u00e1ticas con las empresas est\u00e1n avanzadas.<\/p>\n<p>\u201cSer\u00e1n empleos formales y estamos detallando c\u00f3mo ser\u00e1n convocados los j\u00f3venes. Necesitamos que tengan esas oportunidades y la IP tiene espacios que debemos aprovechar. Buscamos que sea un programa efectivo\u201d, explic\u00f3.<\/p>\n<p>Otro anuncio que hizo Mancera fue la creaci\u00f3n de un Gabinete de la Juventud y la Comisi\u00f3n para la Capacitaci\u00f3n y el Fomento al Empleo Juvenil en la Ciudad\u201d.<\/p>\n<p>Para la \u201cConsulta de Tendencias Juveniles 2013\u201d, que realiz\u00f3 el Instituto de la Juventud del DF, fueron encuestados 300 mil personas, en un lapso de 9 meses.<\/p>\n<p>&nbsp;<\/p>\n","protected":false},"excerpt":{"rendered":"<p>Miguel \u00c1ngel Mancera, jefe de gobierno del Distrito Federal, anunci\u00f3 la puesta en marcha del programa \u201cMi primera oportunidad\u201d, mediante el cual se ofertar\u00e1n 10 mil empleos a j\u00f3venes de la capital del pa\u00eds.<\/p>\n","protected":false},"author":3,"featured_media":171551,"comment_status":"open","ping_status":"open","sticky":false,"template":"","format":"standard","meta":{"_monsterinsights_skip_tracking":false,"_monsterinsights_sitenote_active":false,"_monsterinsights_sitenote_note":"","_monsterinsights_sitenote_category":0,"footnotes":""},"categories":[6],"tags":[204,260,5314],"class_list":["post-171506","post","type-post","status-publish","format-standard","has-post-thumbnail","hentry","category-cd-de-mexico","tag-ciudad-de-mexico","tag-jovenes","tag-miguel-angel-mancera-espinosa"],"_links":{"self":[{"href":"https:\/\/www.diarioimagen.net\/index.php?rest_route=\/wp\/v2\/posts\/171506","targetHints":{"allow":["GET"]}}],"collection":[{"href":"https:\/\/www.diarioimagen.net\/index.php?rest_route=\/wp\/v2\/posts"}],"about":[{"href":"https:\/\/www.diarioimagen.net\/index.php?rest_route=\/wp\/v2\/types\/post"}],"author":[{"embeddable":true,"href":"https:\/\/www.diarioimagen.net\/index.php?rest_route=\/wp\/v2\/users\/3"}],"replies":[{"embeddable":true,"href":"https:\/\/www.diarioimagen.net\/index.php?rest_route=%2Fwp%2Fv2%2Fcomments&post=171506"}],"version-history":[{"count":0,"href":"https:\/\/www.diarioimagen.net\/index.php?rest_route=\/wp\/v2\/posts\/171506\/revisions"}],"wp:featuredmedia":[{"embeddable":true,"href":"https:\/\/www.diarioimagen.net\/index.php?rest_route=\/wp\/v2\/media\/171551"}],"wp:attachment":[{"href":"https:\/\/www.diarioimagen.net\/index.php?rest_route=%2Fwp%2Fv2%2Fmedia&parent=171506"}],"wp:term":[{"taxonomy":"category","embeddable":true,"href":"https:\/\/www.diarioimagen.net\/index.php?rest_route=%2Fwp%2Fv2%2Fcategories&post=171506"},{"taxonomy":"post_tag","embeddable":true,"href":"https:\/\/www.diarioimagen.net\/index.php?rest_route=%2Fwp%2Fv2%2Ftags&post=171506"}],"curies":[{"name":"wp","href":"https:\/\/api.w.org\/{rel}","templated":true}]}}