{"id":171831,"date":"2014-04-25T00:07:36","date_gmt":"2014-04-25T05:07:36","guid":{"rendered":"http:\/\/www.diarioimagen.net\/?p=171831"},"modified":"2014-04-28T05:44:29","modified_gmt":"2014-04-28T10:44:29","slug":"reforma-telecom-clave-en-economia-pena-nieto","status":"publish","type":"post","link":"https:\/\/www.diarioimagen.net\/?p=171831","title":{"rendered":"Reforma Telecom, clave en econom\u00eda: Pe\u00f1a Nieto"},"content":{"rendered":"<ul>\n<li><strong><em>Con el cambio, las micro, peque\u00f1as y medianas empresas tendr\u00e1n acceso a tecnolog\u00edas de la informaci\u00f3n y comunicaci\u00f3n de mayor calidad y a menor costo, dice<\/em><\/strong><\/li>\n<\/ul>\n<h6>Jos\u00e9 Luis Monta\u00f1ez<\/h6>\n<p>&nbsp;<\/p>\n<div id=\"attachment_171883\" style=\"width: 250px\" class=\"wp-caption alignleft\"><a href=\"http:\/\/www.diarioimagen.net\/wp-content\/uploads\/2014\/04\/epn-2342.jpg\"><img loading=\"lazy\" decoding=\"async\" aria-describedby=\"caption-attachment-171883\" class=\"size-medium wp-image-171883\" src=\"http:\/\/www.diarioimagen.net\/wp-content\/uploads\/2014\/04\/epn-2342-240x135.jpg\" alt=\"El primer mandatario Enrique Pe\u00f1a Nietoentreg\u00f3 el Premio Nacional del Emprendedor 2014 a 12 personas, donde estuvo acompa\u00f1ado del presidente del Inadem, Enrique Jacob Rocha, y los titulares de las secretar\u00edas de Econom\u00eda, Ildefonso Guajardo, y de Educaci\u00f3n P\u00fablica, Emilio Chuayffet Chemor.\" width=\"240\" height=\"135\" srcset=\"https:\/\/www.diarioimagen.net\/wp-content\/uploads\/2014\/04\/epn-2342-240x135.jpg 240w, https:\/\/www.diarioimagen.net\/wp-content\/uploads\/2014\/04\/epn-2342-420x236.jpg 420w, https:\/\/www.diarioimagen.net\/wp-content\/uploads\/2014\/04\/epn-2342-235x132.jpg 235w, https:\/\/www.diarioimagen.net\/wp-content\/uploads\/2014\/04\/epn-2342-202x114.jpg 202w, https:\/\/www.diarioimagen.net\/wp-content\/uploads\/2014\/04\/epn-2342-350x196.jpg 350w, https:\/\/www.diarioimagen.net\/wp-content\/uploads\/2014\/04\/epn-2342-220x123.jpg 220w, https:\/\/www.diarioimagen.net\/wp-content\/uploads\/2014\/04\/epn-2342-237x132.jpg 237w, https:\/\/www.diarioimagen.net\/wp-content\/uploads\/2014\/04\/epn-2342.jpg 480w\" sizes=\"auto, (max-width: 240px) 100vw, 240px\" \/><\/a><p id=\"caption-attachment-171883\" class=\"wp-caption-text\">El primer mandatario Enrique Pe\u00f1a Nietoentreg\u00f3 el Premio Nacional del Emprendedor 2014 a 12 personas, donde estuvo acompa\u00f1ado del presidente del Inadem, Enrique Jacob Rocha, y los titulares de las secretar\u00edas de Econom\u00eda, Ildefonso Guajardo, y de Educaci\u00f3n P\u00fablica, Emilio Chuayffet Chemor.<\/p><\/div>\n<p>Para elevar la competitividad de la econom\u00eda de nuestro pa\u00eds es clave la reforma en telecomunicaciones, pues son un insumo estrat\u00e9gico, se\u00f1al\u00f3 ayer el presidente Enrique Pe\u00f1a Nieto.<\/p>\n<p>Al entregar el Premio Nacional del Emprendedor dijo que \u201cnuestros emprendedores deben tener acceso a ellas (las telecomunicaciones), con calidad y tarifas competitivas a nivel internacional\u201d.<\/p>\n<p>Resalt\u00f3 que \u201cese es precisamente el compromiso del gobierno de la Rep\u00fablica\u201d y se dijo \u201cseguro\u201d de que tambi\u00e9n lo comparten los legisladores que actualmente est\u00e1n trabajando en las leyes secundarias de esta reforma.<\/p>\n<p>Destac\u00f3 tambi\u00e9n que con la reforma en telecomunicaciones, \u201clas micro, peque\u00f1as y medianas empresas deber\u00e1n tener acceso a tecnolog\u00edas de la informaci\u00f3n y comunicaci\u00f3n de mayor calidad y a menores costos\u201d.<\/p>\n<p>Al referirse a un reporte del Foro Econ\u00f3mico Mundial sobre conectividad, mencion\u00f3 que \u00e9ste confirma \u201cla necesidad de impulsar los cambios en este sector a fin de que haya m\u00e1s competencia, inversi\u00f3n e innovaci\u00f3n\u201d.<\/p>\n<p>Manifest\u00f3 tambi\u00e9n las posibilidades para los emprendedores que generar\u00e1n el resto de reformas aprobadas en 2013 como la de competencia econ\u00f3mica, energ\u00e9tica y hacendaria.<\/p>\n<p>\u201cLas reforma transformadoras no son ajenas a los emprendedores\u201d.<\/p>\n<p><strong>Instruye a SEP y SE incluir temas financieros en educaci\u00f3n b\u00e1sica<\/strong><\/p>\n<p>Por otra parte, el Presidente instruy\u00f3 a los titulares de Educaci\u00f3n P\u00fablica, Emilio Chuayffet y de Econom\u00eda, Ildefonso Guajardo, que incorporen a los programas de estudio m\u00e1s contenidos que fomenten la cultura emprendedora y la educaci\u00f3n financiera, con el fin de que los j\u00f3venes tengan las herramientas necesarias para tomar mejores decisiones en este \u00e1mbito.<\/p>\n<p>Tras entregar a 12 personas el Premio Nacional del Emprendedor 2014, seleccionados de entre m\u00e1s de 8 mil 500 evaluados destac\u00f3 como uno de sus objetivos la generaci\u00f3n de un mejor ambiente de negocios en el pa\u00eds y fomentar el crecimiento y la prosperidad de las medianas, peque\u00f1as y microempresas.<\/p>\n<p>El mandatario federal asegur\u00f3 que el gobierno de la Rep\u00fablica apoya con decisi\u00f3n a los emprendedores mexicanos para que pongan sus ideas en movimiento y a partir de ello impulsar el \u00e9xito en el pa\u00eds.<\/p>\n<p>Refrend\u00f3 que para el gobierno la micro, peque\u00f1a y mediana empresa son sin duda la mayor prioridad porque son las que generan el mayor empleo en la naci\u00f3n.<\/p>\n<p>Por ello, record\u00f3 que desde el primer d\u00eda de esta administraci\u00f3n se han puesto en marcha m\u00faltiples esfuerzos para apoyar a las empresas, por lo que se cre\u00f3 el Instituto Nacional del Emprendedor (Inadem), que instrumenta, ejecuta y coordina la pol\u00edtica nacional de apoyo a emprendedores y a las pymes.<\/p>\n<p>Subray\u00f3 que a trav\u00e9s de esa instituci\u00f3n durante 2013 se beneficiaron a m\u00e1s de 153 mil micros, peque\u00f1as y medianas empresas y a m\u00e1s de 116 mil emprendedores.<\/p>\n<p>Adem\u00e1s, se puso en marcha la Red de Apoyo al Emprendedor, que articula los programas y acciones de las distintas dependencias del gobierno y del sector privado.<\/p>\n<p>De igual forma, dijo, se estableci\u00f3 como eje transversal del Plan Nacional de Desarrollo 2013-2018, elevar y democratizar la productividad de la econom\u00eda en particular poniendo \u00e9nfasis en las micro, peque\u00f1as y medianas empresas.<\/p>\n<p>Pe\u00f1a Nieto destac\u00f3 que en este marco se inscriben las reformas transformadoras que ha impulsado la administraci\u00f3n y que ha contado con el apoyo y respaldo del Congreso de la Uni\u00f3n y del Congreso Constituyente.<\/p>\n<p>&nbsp;<\/p>\n","protected":false},"excerpt":{"rendered":"<p><span style=\"color: #005497;\"><strong>Jos\u00e9 Luis Monta\u00f1ez Aguilar<\/strong><\/span><br \/>\n<br \/>\nPara elevar la competitividad de la econom\u00eda de nuestro pa\u00eds es clave la reforma en telecomunicaciones, pues son un insumo estrat\u00e9gico, se\u00f1al\u00f3 ayer el presidente Enrique Pe\u00f1a Nieto.<\/p>\n","protected":false},"author":3,"featured_media":171883,"comment_status":"open","ping_status":"open","sticky":false,"template":"","format":"standard","meta":{"_monsterinsights_skip_tracking":false,"_monsterinsights_sitenote_active":false,"_monsterinsights_sitenote_note":"","_monsterinsights_sitenote_category":0,"footnotes":""},"categories":[3],"tags":[43673,83],"class_list":["post-171831","post","type-post","status-publish","format-standard","has-post-thumbnail","hentry","category-nacional","tag-nacional","tag-telecom"],"_links":{"self":[{"href":"https:\/\/www.diarioimagen.net\/index.php?rest_route=\/wp\/v2\/posts\/171831","targetHints":{"allow":["GET"]}}],"collection":[{"href":"https:\/\/www.diarioimagen.net\/index.php?rest_route=\/wp\/v2\/posts"}],"about":[{"href":"https:\/\/www.diarioimagen.net\/index.php?rest_route=\/wp\/v2\/types\/post"}],"author":[{"embeddable":true,"href":"https:\/\/www.diarioimagen.net\/index.php?rest_route=\/wp\/v2\/users\/3"}],"replies":[{"embeddable":true,"href":"https:\/\/www.diarioimagen.net\/index.php?rest_route=%2Fwp%2Fv2%2Fcomments&post=171831"}],"version-history":[{"count":0,"href":"https:\/\/www.diarioimagen.net\/index.php?rest_route=\/wp\/v2\/posts\/171831\/revisions"}],"wp:featuredmedia":[{"embeddable":true,"href":"https:\/\/www.diarioimagen.net\/index.php?rest_route=\/wp\/v2\/media\/171883"}],"wp:attachment":[{"href":"https:\/\/www.diarioimagen.net\/index.php?rest_route=%2Fwp%2Fv2%2Fmedia&parent=171831"}],"wp:term":[{"taxonomy":"category","embeddable":true,"href":"https:\/\/www.diarioimagen.net\/index.php?rest_route=%2Fwp%2Fv2%2Fcategories&post=171831"},{"taxonomy":"post_tag","embeddable":true,"href":"https:\/\/www.diarioimagen.net\/index.php?rest_route=%2Fwp%2Fv2%2Ftags&post=171831"}],"curies":[{"name":"wp","href":"https:\/\/api.w.org\/{rel}","templated":true}]}}