{"id":172136,"date":"2014-04-29T00:13:23","date_gmt":"2014-04-29T05:13:23","guid":{"rendered":"http:\/\/www.diarioimagen.net\/?p=172136"},"modified":"2014-04-29T05:10:33","modified_gmt":"2014-04-29T10:10:33","slug":"seguridad-la-prioridad-mexiquense","status":"publish","type":"post","link":"https:\/\/www.diarioimagen.net\/?p=172136","title":{"rendered":"Seguridad, la prioridad mexiquense"},"content":{"rendered":"<h2>Arco Norte<\/h2>\n<h5>Jos\u00e9 Luis Monta\u00f1ez Aguilar<\/h5>\n<p>&nbsp;<\/p>\n<div id=\"attachment_172223\" style=\"width: 250px\" class=\"wp-caption alignleft\"><a href=\"http:\/\/www.diarioimagen.net\/wp-content\/uploads\/2014\/04\/arco-2344.jpg\"><img loading=\"lazy\" decoding=\"async\" aria-describedby=\"caption-attachment-172223\" class=\"size-medium wp-image-172223\" src=\"http:\/\/www.diarioimagen.net\/wp-content\/uploads\/2014\/04\/arco-2344-240x135.jpg\" alt=\"Eruviel \u00c1vila Villegas, gobernador del Estado de M\u00e9xico\" width=\"240\" height=\"135\" srcset=\"https:\/\/www.diarioimagen.net\/wp-content\/uploads\/2014\/04\/arco-2344-240x135.jpg 240w, https:\/\/www.diarioimagen.net\/wp-content\/uploads\/2014\/04\/arco-2344-420x236.jpg 420w, https:\/\/www.diarioimagen.net\/wp-content\/uploads\/2014\/04\/arco-2344-235x132.jpg 235w, https:\/\/www.diarioimagen.net\/wp-content\/uploads\/2014\/04\/arco-2344-202x114.jpg 202w, https:\/\/www.diarioimagen.net\/wp-content\/uploads\/2014\/04\/arco-2344-350x196.jpg 350w, https:\/\/www.diarioimagen.net\/wp-content\/uploads\/2014\/04\/arco-2344-220x123.jpg 220w, https:\/\/www.diarioimagen.net\/wp-content\/uploads\/2014\/04\/arco-2344-237x132.jpg 237w, https:\/\/www.diarioimagen.net\/wp-content\/uploads\/2014\/04\/arco-2344.jpg 480w\" sizes=\"auto, (max-width: 240px) 100vw, 240px\" \/><\/a><p id=\"caption-attachment-172223\" class=\"wp-caption-text\">Eruviel \u00c1vila Villegas, gobernador del Estado de M\u00e9xico<\/p><\/div>\n<p>El gobierno de Eruviel \u00c1vila Villegas, preocupado por la seguridad de los mexiquenses, present\u00f3 la convocatoria para conformar la Fuerza Especial de Seguridad del Estado de M\u00e9xico, la cual estar\u00e1 compuesta por 2 mil elementos de entre 18 y 30 a\u00f1os de edad, con estudios m\u00ednimos de licenciatura y un sueldo mensual m\u00ednimo de 15 mil pesos. El nuevo cuerpo policiaco es parte de la estrategia integral en la materia que lleva a cabo el actual gobierno estatal para combatir la delincuencia y fortalecer sus instituciones de prevenci\u00f3n y procuraci\u00f3n de justicia. Esta unidad especializada apoyar\u00e1 en las labores de prevenci\u00f3n del delito, vigilancia y atenci\u00f3n a la sociedad en los municipios con mayores niveles de incidencia delictiva. Asimismo, el mandatario estatal se\u00f1ala que se seguir\u00e1 con las labores de depuraci\u00f3n y profesionalizaci\u00f3n de los elementos en activo de la Secretar\u00eda de Seguridad Ciudadana (SSC) y cuerpos de seguridad p\u00fablica municipal. \u201cComo en su momento lo referimos, ofrec\u00ed en el Estado de M\u00e9xico implementar una nueva estrategia de seguridad, una estrategia con acciones, con programas, con mediciones espec\u00edficas de lo que vamos hablando, de lo que vamos proponiendo y de lo que estamos haciendo, no voy a bajar la guardia y vamos a continuar con toda seguridad, con todo entusiasmo, con toda energ\u00eda aplicando los programas preventivos en materia de seguridad. Esta presentaci\u00f3n de la convocatoria de la Fuerza Especial de Seguridad es parte de los compromisos y del plan estrat\u00e9gico de seguridad que estamos llevando a cabo en el Estado de M\u00e9xico\u201d.<\/p>\n<p><em><a href=\"mailto:montanezaguilar@gmail.com\" target=\"_blank\">montanezaguilar@gmail.com<\/a><\/em><\/p>\n","protected":false},"excerpt":{"rendered":"<p><span style=\"color: #005497;\"><strong>Jos\u00e9 Luis Monta\u00f1ez Aguilar<\/strong><\/span><br \/>\n<br \/>\nEl gobierno de Eruviel \u00c1vila Villegas, preocupado por la seguridad de los mexiquenses, present\u00f3 la convocatoria para conformar la Fuerza Especial de Seguridad del Estado de M\u00e9xico, la cual estar\u00e1 compuesta por 2 mil elementos de entre 18 y 30 a\u00f1os de edad, con estudios m\u00ednimos de licenciatura y un sueldo mensual m\u00ednimo de 15 mil pesos.<\/p>\n","protected":false},"author":3,"featured_media":172223,"comment_status":"open","ping_status":"open","sticky":false,"template":"","format":"standard","meta":{"_monsterinsights_skip_tracking":false,"_monsterinsights_sitenote_active":false,"_monsterinsights_sitenote_note":"","_monsterinsights_sitenote_category":0,"footnotes":""},"categories":[5],"tags":[13284,5828,43704,43674],"class_list":["post-172136","post","type-post","status-publish","format-standard","has-post-thumbnail","hentry","category-estado-de-mexico","tag-arco-norte","tag-eruviel-avila-villegas","tag-jose-luis-montanez-aguilar","tag-opinion"],"_links":{"self":[{"href":"https:\/\/www.diarioimagen.net\/index.php?rest_route=\/wp\/v2\/posts\/172136","targetHints":{"allow":["GET"]}}],"collection":[{"href":"https:\/\/www.diarioimagen.net\/index.php?rest_route=\/wp\/v2\/posts"}],"about":[{"href":"https:\/\/www.diarioimagen.net\/index.php?rest_route=\/wp\/v2\/types\/post"}],"author":[{"embeddable":true,"href":"https:\/\/www.diarioimagen.net\/index.php?rest_route=\/wp\/v2\/users\/3"}],"replies":[{"embeddable":true,"href":"https:\/\/www.diarioimagen.net\/index.php?rest_route=%2Fwp%2Fv2%2Fcomments&post=172136"}],"version-history":[{"count":0,"href":"https:\/\/www.diarioimagen.net\/index.php?rest_route=\/wp\/v2\/posts\/172136\/revisions"}],"wp:featuredmedia":[{"embeddable":true,"href":"https:\/\/www.diarioimagen.net\/index.php?rest_route=\/wp\/v2\/media\/172223"}],"wp:attachment":[{"href":"https:\/\/www.diarioimagen.net\/index.php?rest_route=%2Fwp%2Fv2%2Fmedia&parent=172136"}],"wp:term":[{"taxonomy":"category","embeddable":true,"href":"https:\/\/www.diarioimagen.net\/index.php?rest_route=%2Fwp%2Fv2%2Fcategories&post=172136"},{"taxonomy":"post_tag","embeddable":true,"href":"https:\/\/www.diarioimagen.net\/index.php?rest_route=%2Fwp%2Fv2%2Ftags&post=172136"}],"curies":[{"name":"wp","href":"https:\/\/api.w.org\/{rel}","templated":true}]}}