{"id":172344,"date":"2014-04-30T00:03:51","date_gmt":"2014-04-30T05:03:51","guid":{"rendered":"http:\/\/www.diarioimagen.net\/?p=172344"},"modified":"2014-05-01T05:22:51","modified_gmt":"2014-05-01T10:22:51","slug":"calderon-contra-madero","status":"publish","type":"post","link":"https:\/\/www.diarioimagen.net\/?p=172344","title":{"rendered":"\u00bfCalder\u00f3n contra Madero?"},"content":{"rendered":"<h2>Detr\u00e1s del Poder<\/h2>\n<h5>Jos\u00e9 Antonio L\u00f3pez Sosa<\/h5>\n<p>&nbsp;<\/p>\n<p>Los mismos militantes y simpatizantes del Partido Acci\u00f3n Nacional (PAN), se han encargado de denigrar la imagen p\u00fablica de su partido pol\u00edtico.<\/p>\n<p>Si bien el objetivo de cualquier partido pol\u00edtico es el poder y, dentro de ellos el fin \u00faltimo de sus militantes tambi\u00e9n es el poder, la lucha interna debe tener mesura y sobre todo, respeto ante todo para proteger la imagen de un partido. No se trata de mermar los aspectos negativos o pretender que todo es unidad, pero debieran existir l\u00edmites en las contiendas, sobre todo cuando se rebasa el terreno pol\u00edtico y se penetra al personal.<\/p>\n<p>Ernesto Cordero, del lado de Felipe Calder\u00f3n, Gustavo Madero, del lado de Enrique Pe\u00f1a Nieto, \u00bfverdad o mito?, este rumor se hace escuchar entre los panistas desde las \u00faltimas semanas, en especial ayer que se llevara a cabo el debate entre ambos contendientes por la presidencia nacional de su partido.<\/p>\n<p>La realidad \u2014esa que ning\u00fan panista quiere ver\u2014 es que de ser poder ejecutivo pasaron a ser la tercera fuerza pol\u00edtica en materia electoral en las presidenciales de 2012, en el Distrito Federal lograron la haza\u00f1a de colocar al PRI-DF en segunda posici\u00f3n pol\u00edtica y perdieron pr\u00e1cticamente todos los espacios que les llev\u00f3 d\u00e9cadas ganar.<\/p>\n<p>Cualquiera pensar\u00eda en una renovaci\u00f3n al interior despu\u00e9s de una tr\u00e1gica derrota, sin embargo, la ambici\u00f3n personal y de grupo ha llevado al PAN al borde del abismo a\u00fan por debajo del s\u00f3tano electoral donde est\u00e1n sumidos.<\/p>\n<p>A estas alturas, pareciera irrelevante si gana Cordero o Madero para fines del propio PAN, hay muchos intereses en juego, pero como estructura pol\u00edtica el desgaste que han sufrido tras esta confrontaci\u00f3n, lo deja como un instituto pol\u00edtico muy poco serio con una militancia carente de todo sentido democr\u00e1tico.<\/p>\n<p>M\u00e1s bien, esta contienda es del PAN contra el PAN, \u00bfqui\u00e9n gana?, nadie, \u00bfqui\u00e9n pierde? todos, as\u00ed que sin cuidado est\u00e1 si la presidencia la ostentar\u00e1 Cordero o Madero, el de Calder\u00f3n o el de Pe\u00f1a como dicen los propios panistas.<\/p>\n<p><em><a href=\"mailto:lopez.sosa@mexico.com\" target=\"_blank\">lopez.sosa@mexico.com<\/a><\/em><br \/>\n<em><a href=\"http:\/\/twitter.com\/#%21\/joseantonio1977\" target=\"_blank\">@joseantonio1977<br \/>\n<\/a><a href=\"http:\/\/www.formulaconfidencial.com.mx\/\" target=\"_blank\">www.formulaconfidencial.com.mx<\/a><\/em><\/p>\n","protected":false},"excerpt":{"rendered":"<p><span style=\"color: #005497;\"><strong>Jos\u00e9 Antonio L\u00f3pez Sosa<\/strong><\/span><\/p>\n","protected":false},"author":3,"featured_media":0,"comment_status":"open","ping_status":"open","sticky":false,"template":"","format":"standard","meta":{"_monsterinsights_skip_tracking":false,"_monsterinsights_sitenote_active":false,"_monsterinsights_sitenote_note":"","_monsterinsights_sitenote_category":0,"footnotes":""},"categories":[637],"tags":[638,43690,43674,982],"class_list":["post-172344","post","type-post","status-publish","format-standard","hentry","category-jose-antonio-lopez-sosa","tag-detras-del-poder","tag-jose-antonio-lopez-sosa","tag-opinion","tag-partido-accion-nacional"],"_links":{"self":[{"href":"https:\/\/www.diarioimagen.net\/index.php?rest_route=\/wp\/v2\/posts\/172344","targetHints":{"allow":["GET"]}}],"collection":[{"href":"https:\/\/www.diarioimagen.net\/index.php?rest_route=\/wp\/v2\/posts"}],"about":[{"href":"https:\/\/www.diarioimagen.net\/index.php?rest_route=\/wp\/v2\/types\/post"}],"author":[{"embeddable":true,"href":"https:\/\/www.diarioimagen.net\/index.php?rest_route=\/wp\/v2\/users\/3"}],"replies":[{"embeddable":true,"href":"https:\/\/www.diarioimagen.net\/index.php?rest_route=%2Fwp%2Fv2%2Fcomments&post=172344"}],"version-history":[{"count":0,"href":"https:\/\/www.diarioimagen.net\/index.php?rest_route=\/wp\/v2\/posts\/172344\/revisions"}],"wp:attachment":[{"href":"https:\/\/www.diarioimagen.net\/index.php?rest_route=%2Fwp%2Fv2%2Fmedia&parent=172344"}],"wp:term":[{"taxonomy":"category","embeddable":true,"href":"https:\/\/www.diarioimagen.net\/index.php?rest_route=%2Fwp%2Fv2%2Fcategories&post=172344"},{"taxonomy":"post_tag","embeddable":true,"href":"https:\/\/www.diarioimagen.net\/index.php?rest_route=%2Fwp%2Fv2%2Ftags&post=172344"}],"curies":[{"name":"wp","href":"https:\/\/api.w.org\/{rel}","templated":true}]}}