{"id":172476,"date":"2014-05-01T00:06:41","date_gmt":"2014-05-01T05:06:41","guid":{"rendered":"http:\/\/www.diarioimagen.net\/?p=172476"},"modified":"2014-05-02T04:59:24","modified_gmt":"2014-05-02T09:59:24","slug":"edomex-tendra-la-universidad-de-petroleos-anuncia-eruviel-avila","status":"publish","type":"post","link":"https:\/\/www.diarioimagen.net\/?p=172476","title":{"rendered":"Edomex tendr\u00e1 la Universidad de Petr\u00f3leos, anuncia Eruviel \u00c1vila"},"content":{"rendered":"<ul>\n<li><strong><em>El objetivo de la nueva instituci\u00f3n ser\u00e1 la de preparar mano de obra calificada, especializada y competitiva en materia de hidrocarburos<\/em><\/strong><\/li>\n<\/ul>\n<div id=\"attachment_172529\" style=\"width: 250px\" class=\"wp-caption alignleft\"><a href=\"http:\/\/www.diarioimagen.net\/wp-content\/uploads\/2014\/05\/eruviel-2346.jpg\"><img loading=\"lazy\" decoding=\"async\" aria-describedby=\"caption-attachment-172529\" class=\"size-medium wp-image-172529\" src=\"http:\/\/www.diarioimagen.net\/wp-content\/uploads\/2014\/05\/eruviel-2346-240x135.jpg\" alt=\"El proyecto de crear la Universidad de Petr\u00f3leos en el Estado de M\u00e9xico fue anunciado por el gobernador Eruviel \u00c1vila Villegas al encabezar una reuni\u00f3n con l\u00edderes sindicales para conmemorar el D\u00eda del Trabajo y detall\u00f3 que se contar\u00e1 con el asesoramiento de especialistas en la materia, principalmente de Pemex.\" width=\"240\" height=\"135\" srcset=\"https:\/\/www.diarioimagen.net\/wp-content\/uploads\/2014\/05\/eruviel-2346-240x135.jpg 240w, https:\/\/www.diarioimagen.net\/wp-content\/uploads\/2014\/05\/eruviel-2346-420x236.jpg 420w, https:\/\/www.diarioimagen.net\/wp-content\/uploads\/2014\/05\/eruviel-2346-235x132.jpg 235w, https:\/\/www.diarioimagen.net\/wp-content\/uploads\/2014\/05\/eruviel-2346-202x114.jpg 202w, https:\/\/www.diarioimagen.net\/wp-content\/uploads\/2014\/05\/eruviel-2346-350x196.jpg 350w, https:\/\/www.diarioimagen.net\/wp-content\/uploads\/2014\/05\/eruviel-2346-220x123.jpg 220w, https:\/\/www.diarioimagen.net\/wp-content\/uploads\/2014\/05\/eruviel-2346-237x132.jpg 237w, https:\/\/www.diarioimagen.net\/wp-content\/uploads\/2014\/05\/eruviel-2346.jpg 480w\" sizes=\"auto, (max-width: 240px) 100vw, 240px\" \/><\/a><p id=\"caption-attachment-172529\" class=\"wp-caption-text\">El proyecto de crear la Universidad de Petr\u00f3leos en el Estado de M\u00e9xico fue anunciado por el gobernador Eruviel \u00c1vila Villegas al encabezar una reuni\u00f3n con l\u00edderes sindicales para conmemorar el D\u00eda del Trabajo y detall\u00f3 que se contar\u00e1 con el asesoramiento de especialistas en la materia, principalmente de Pemex.<\/p><\/div>\n<p><strong>Toluca, Estado de M\u00e9xico<\/strong>.-\u00a0 El gobernador Eruviel \u00c1vila Villegas anunci\u00f3 que las secretar\u00edas de Educaci\u00f3n y de Trabajo y la Universidad Aut\u00f3noma del Estado de M\u00e9xico (UAEM) trabajan en el estudio que sentar\u00e1 las bases de lo que ser\u00e1 la Universidad de Petr\u00f3leos en el Estado de M\u00e9xico, la cual contar\u00e1 con el asesoramiento de especialistas en la materia, principalmente de Petr\u00f3leos Mexicanos (Pemex), para conformar los planes de estudios de las ingenier\u00edas y licenciaturas que formar\u00e1n parte de su oferta acad\u00e9mica, con lo que la entidad se convierte en pionera a nivel nacional en la implementaci\u00f3n de proyectos educativos en este rubro, que dar\u00e1n vigencia a la Reforma Energ\u00e9tica, impulsada por el presidente Enrique Pe\u00f1a Nieto.<\/p>\n<p>\u201cHe instruido al secretario del Trabajo y al de Educaci\u00f3n, y he solicitado al se\u00f1or rector de la m\u00e1xima casa de estudios de nuestra entidad, que a la brevedad hagamos el estudio correspondiente para poder fundar en el Estado de M\u00e9xico la Universidad de Petr\u00f3leos, para aprovechar la infraestructura ya instalada para crear la Ingenier\u00eda de Petr\u00f3leos, desde la formaci\u00f3n de T\u00e9cnico Superior Universitario, por ejemplo, licenciaturas, ingenier\u00edas en la materia, diplomados, maestr\u00edas, certificaci\u00f3n de competencias en esta materia; es muy importante que la podamos llevar a cabo a la brevedad. \u00c9sta es una acci\u00f3n, por ejemplo, que los gobiernos locales, a trav\u00e9s de los sistemas educativos que tenemos debemos y podemos implementar\u201d, expres\u00f3.<\/p>\n<p>Al reunirse con m\u00e1s de 90 l\u00edderes sindicales para conmemorar el D\u00eda del Trabajo, Eruviel \u00c1vila se\u00f1al\u00f3 que para que las reformas estructurales comiencen a arrojar resultados palpables en beneficio de la poblaci\u00f3n, todos los sectores deben realizar la parte que les corresponde, por lo que el Gobierno del Estado de M\u00e9xico encabezar\u00e1 la creaci\u00f3n de esta nueva instituci\u00f3n, cuyo objetivo es preparar mano de obra calificada, especializada y competitiva en esta materia, para que pueda participar en todos los procesos de exploraci\u00f3n, producci\u00f3n y refinaci\u00f3n del petr\u00f3leo, y dotar a los j\u00f3venes mexiquenses de mayores oportunidades de desarrollo conforme lo va demandando el pa\u00eds.<\/p>\n<p>Agreg\u00f3 que el Senado de la Rep\u00fablica ya recibi\u00f3 m\u00e1s de 30 leyes reglamentarias de la Reforma Energ\u00e9tica, por lo que llam\u00f3 a sus integrantes a debatir, reformar y adicionar \u00e9stas con responsabilidad, para que se convierta en una realidad y se traduzca en m\u00e1s y mejores empleos, as\u00ed como en un incremento para los ingresos de los mexicanos y los mexiquenses.<\/p>\n<p>En este marco, el gobernador destac\u00f3 que la entidad cuenta con mano de obra calificada y un sector laboral comprometido y entregado que, con su labor diaria, le ha permitido colocarse como una de las seis que m\u00e1s aport\u00f3 al Producto Interno Bruto (PIB) del pa\u00eds en 2013, y crecer m\u00e1s de 3 por ciento en materia econ\u00f3mica con la llegada de empresas al territorio mexiquense.<\/p>\n<p>Acompa\u00f1ado de Francisco Javier Garc\u00eda Bejos, secretario del Trabajo, asever\u00f3 que a pesar de que el Estado de M\u00e9xico cuenta con el mercado de trabajo m\u00e1s grande y la fuerza laboral m\u00e1s productiva del pa\u00eds, existe paz y tranquilidad social; adem\u00e1s, se impulsan acciones a favor de los m\u00e1s de 7 millones de mexiquenses que conforman la Poblaci\u00f3n Econ\u00f3mica Activa, como el lanzamiento del programa de radio La oferta del d\u00eda, para acercar m\u00e1s de 20 diferentes vacantes diarias al p\u00fablico; y la realizaci\u00f3n de 17 ferias del empleo, ofertando a alrededor de 24 mil vacantes por parte de cerca de 2 mil empresas, con las que se han colocado m\u00e1s de 3 mil 700 mexiquenses, incluyendo a j\u00f3venes, personas con alguna discapacidad y adultos mayores.<\/p>\n<p>&nbsp;<\/p>\n","protected":false},"excerpt":{"rendered":"<p>El gobernador Eruviel \u00c1vila Villegas anunci\u00f3 que las secretar\u00edas de Educaci\u00f3n y de Trabajo y la Universidad Aut\u00f3noma del Estado de M\u00e9xico (UAEM) trabajan en el estudio que sentar\u00e1 las bases de lo que ser\u00e1 la Universidad de Petr\u00f3leos en el Estado de M\u00e9xico, la cual contar\u00e1 con el asesoramiento de especialistas en la materia, principalmente de Petr\u00f3leos Mexicanos (Pemex), para conformar los planes de estudios de las ingenier\u00edas y licenciaturas que formar\u00e1n parte de su oferta acad\u00e9mica, con lo que la entidad se convierte en pionera a nivel nacional en la implementaci\u00f3n de proyectos educativos en este rubro, que dar\u00e1n vigencia a la Reforma Energ\u00e9tica, impulsada por el presidente Enrique Pe\u00f1a Nieto.   <\/p>\n","protected":false},"author":3,"featured_media":172529,"comment_status":"open","ping_status":"open","sticky":false,"template":"","format":"standard","meta":{"_monsterinsights_skip_tracking":false,"_monsterinsights_sitenote_active":false,"_monsterinsights_sitenote_note":"","_monsterinsights_sitenote_category":0,"footnotes":""},"categories":[17,5],"tags":[18,5828,43675,452],"class_list":["post-172476","post","type-post","status-publish","format-standard","has-post-thumbnail","hentry","category-especiales","category-estado-de-mexico","tag-enrique-pena-nieto","tag-eruviel-avila-villegas","tag-estado-de-mexico","tag-toluca"],"_links":{"self":[{"href":"https:\/\/www.diarioimagen.net\/index.php?rest_route=\/wp\/v2\/posts\/172476","targetHints":{"allow":["GET"]}}],"collection":[{"href":"https:\/\/www.diarioimagen.net\/index.php?rest_route=\/wp\/v2\/posts"}],"about":[{"href":"https:\/\/www.diarioimagen.net\/index.php?rest_route=\/wp\/v2\/types\/post"}],"author":[{"embeddable":true,"href":"https:\/\/www.diarioimagen.net\/index.php?rest_route=\/wp\/v2\/users\/3"}],"replies":[{"embeddable":true,"href":"https:\/\/www.diarioimagen.net\/index.php?rest_route=%2Fwp%2Fv2%2Fcomments&post=172476"}],"version-history":[{"count":0,"href":"https:\/\/www.diarioimagen.net\/index.php?rest_route=\/wp\/v2\/posts\/172476\/revisions"}],"wp:featuredmedia":[{"embeddable":true,"href":"https:\/\/www.diarioimagen.net\/index.php?rest_route=\/wp\/v2\/media\/172529"}],"wp:attachment":[{"href":"https:\/\/www.diarioimagen.net\/index.php?rest_route=%2Fwp%2Fv2%2Fmedia&parent=172476"}],"wp:term":[{"taxonomy":"category","embeddable":true,"href":"https:\/\/www.diarioimagen.net\/index.php?rest_route=%2Fwp%2Fv2%2Fcategories&post=172476"},{"taxonomy":"post_tag","embeddable":true,"href":"https:\/\/www.diarioimagen.net\/index.php?rest_route=%2Fwp%2Fv2%2Ftags&post=172476"}],"curies":[{"name":"wp","href":"https:\/\/api.w.org\/{rel}","templated":true}]}}