{"id":172556,"date":"2014-05-01T00:08:42","date_gmt":"2014-05-01T05:08:42","guid":{"rendered":"http:\/\/www.diarioimagen.net\/?p=172556"},"modified":"2014-05-01T05:00:11","modified_gmt":"2014-05-01T10:00:11","slug":"presidencia-contesta-las-diez-preguntas-de-cuaron","status":"publish","type":"post","link":"https:\/\/www.diarioimagen.net\/?p=172556","title":{"rendered":"Presidencia contesta las diez preguntas de Cuar\u00f3n"},"content":{"rendered":"<ul>\n<li><strong><em>El gobierno federal cre\u00f3 un sitio de internet exclusivo para explicar las leyes secundarias de la reforma<\/em><\/strong><\/li>\n<\/ul>\n<div id=\"attachment_172570\" style=\"width: 250px\" class=\"wp-caption alignleft\"><a href=\"http:\/\/www.diarioimagen.net\/wp-content\/uploads\/2014\/05\/cuaron-2346.jpg\"><img loading=\"lazy\" decoding=\"async\" aria-describedby=\"caption-attachment-172570\" class=\"size-medium wp-image-172570\" src=\"http:\/\/www.diarioimagen.net\/wp-content\/uploads\/2014\/05\/cuaron-2346-240x135.jpg\" alt=\"El cineasta mexicano Alfonso Cuar\u00f3n ofreci\u00f3 una conferencia de prensa, donde pidi\u00f3 dar continuidad a los cuestionamientos entregados a la Presidencia de la Rep\u00fablica.\" width=\"240\" height=\"135\" srcset=\"https:\/\/www.diarioimagen.net\/wp-content\/uploads\/2014\/05\/cuaron-2346-240x135.jpg 240w, https:\/\/www.diarioimagen.net\/wp-content\/uploads\/2014\/05\/cuaron-2346-420x236.jpg 420w, https:\/\/www.diarioimagen.net\/wp-content\/uploads\/2014\/05\/cuaron-2346-235x132.jpg 235w, https:\/\/www.diarioimagen.net\/wp-content\/uploads\/2014\/05\/cuaron-2346-202x114.jpg 202w, https:\/\/www.diarioimagen.net\/wp-content\/uploads\/2014\/05\/cuaron-2346-350x196.jpg 350w, https:\/\/www.diarioimagen.net\/wp-content\/uploads\/2014\/05\/cuaron-2346-220x123.jpg 220w, https:\/\/www.diarioimagen.net\/wp-content\/uploads\/2014\/05\/cuaron-2346-237x132.jpg 237w, https:\/\/www.diarioimagen.net\/wp-content\/uploads\/2014\/05\/cuaron-2346.jpg 480w\" sizes=\"auto, (max-width: 240px) 100vw, 240px\" \/><\/a><p id=\"caption-attachment-172570\" class=\"wp-caption-text\">El cineasta mexicano Alfonso Cuar\u00f3n ofreci\u00f3 una conferencia de prensa, donde pidi\u00f3 dar continuidad a los cuestionamientos entregados a la Presidencia de la Rep\u00fablica.<\/p><\/div>\n<p>El presidente Enrique Pe\u00f1a Nieto respondi\u00f3 a las diez preguntas que le hizo el director Alfonso Cuar\u00f3n sobre la reforma energ\u00e9tica.<\/p>\n<p>En el sitio de internet creado por el gobierno federal para explicar las leyes secundarias de la reforma energ\u00e9tica fue agregada una pesta\u00f1a con las 10 respuestas al cineasta.<\/p>\n<p>Dos de las diez preguntas elaboradas por el cineasta mexicano al presidente Pe\u00f1a Nieto fueron respondidas por el secretario de Energ\u00eda, Pedro Joaqu\u00edn Coldwell, y por el de Hacienda, Luis Videgaray, durante la presentaci\u00f3n de la iniciativa presidencial de leyes secundarias de energ\u00eda.<\/p>\n<p>El gobierno federal responde al cineasta que los precios de los combustibles bajar\u00e1n en el mediano plazo, luego de que sean aprobadas las leyes secundarias en materia energ\u00e9tica.<\/p>\n<p>Asimismo, indica que la Agencia Nacional de Seguridad Industrial y de Protecci\u00f3n al Medio Ambiente del Sector Hidrocarburos se plantea como un \u00f3rgano administrativo desconcentrado de la Secretar\u00eda de Medio Ambiente y Recursos Naturales (Semarnat) que tendr\u00e1 dentro de sus atribuciones regular y supervisar, en materia de seguridad industrial, operativa y protecci\u00f3n al medio ambiente, las instalaciones y actividades del sector hidrocarburos, incluyendo las actividades de desmantelamiento y abandono de instalaciones, as\u00ed como el control integral de residuos.<\/p>\n<p>Sobre la tercera pregunta dice que existen planes concretos para desarrollar tecnolog\u00edas e infraestructuras de energ\u00eda alternativa en nuestro pa\u00eds, y ya est\u00e1n implement\u00e1ndose.<\/p>\n<p>Tal es el caso de los Centros Mexicanos en Innovaci\u00f3n en Energ\u00eda, financiados con fondos de la Secretar\u00eda de Energ\u00eda y el Consejo Nacional de Ciencia y Tecnolog\u00eda (Conacyt), enfocados a desarrollar las tecnolog\u00edas y aprovechar los recursos renovables del pa\u00eds.<\/p>\n<p>Sobre c\u00f3mo evitar la corrupci\u00f3n, Presidencia menciona que la reforma energ\u00e9tica establece siete mecanismos principales de transparencia y de combate a la corrupci\u00f3n, que obedecen a las mejores pr\u00e1cticas internacionales.<\/p>\n<p>Sobre los posibles financiamientos il\u00edcitos a partidos pol\u00edticos por parte de trasnacionales, menciona tres puntos: separaci\u00f3n de decisiones t\u00e9cnicas del proceso electoral, asegurar esquemas de pesos y contrapesos y promoci\u00f3n de la transparencia.<\/p>\n<p>Tambi\u00e9n crea la CNH que ser\u00e1 la encargada de controlar los contratos.<\/p>\n<p>Respecto al sindicato, afirma que se abrir\u00e1n nuevas oportunidades laborales bien remuneradas, que representen retos profesionales interesantes, permitiendo mayor satisfacci\u00f3n personal. Para ello es esencial que se respeten todos los derechos laborales, incluyendo los de los trabajadores de Pemex, quienes durante d\u00e9cadas han demostrado su capacidad y su entrega en beneficio de M\u00e9xico, tanto asegurando que el pa\u00eds cuente con energ\u00e9ticos como por la importante contribuci\u00f3n de su labor para las finanzas p\u00fablicas.<\/p>\n<p>Sobre las aportaciones de Pemex al desarrollo contesta que la situaci\u00f3n actual del sector petrolero representa un reto significativo para las finanzas p\u00fablicas del pa\u00eds. Aun cuando la inversi\u00f3n de Pemex se ha triplicado en los \u00faltimos 13 a\u00f1os pasando de 9 mil millones de d\u00f3lares en 2001 a 28 mil millones de d\u00f3lares en 2014, la producci\u00f3n de crudo ha disminuido en alrededor de una tercera parte de 2004 a 2014.<\/p>\n<p>Se\u00f1ala que el Fondo Mexicano del Petr\u00f3leo para la Estabilizaci\u00f3n y el Desarrollo ser\u00e1 el encargado de recibir todos los ingresos, con excepci\u00f3n de los impuestos, que correspondan al Estado mexicano derivados de las asignaciones y contratos a que se refiere el p\u00e1rrafo s\u00e9ptimo del art\u00edculo 27 de la Constituci\u00f3n.<\/p>\n<p>Finalmente, le dice que la reforma energ\u00e9tica busca justamente evitar el que se repita una crisis como la de 1982. Quienes argumentan que Pemex debe desarrollar el sector por si s\u00f3lo est\u00e1n justamente optando por el mismo modelo insostenible que llev\u00f3 a la crisis de 1982.<\/p>\n<p>La reforma energ\u00e9tica no est\u00e1 privatizando ninguna empresa ni bien p\u00fablico.<\/p>\n<p>Por el contrario, Pemex y la CFE se fortalecer\u00e1n y se transformar\u00e1n en empresas productivas propiedad 100% del Estado, con incentivos para asociarse o competir con empresas particulares, bajo la estricta regulaci\u00f3n de los \u00f3rganos del Estado.<\/p>\n<p>&nbsp;<\/p>\n","protected":false},"excerpt":{"rendered":"<p>El presidente Enrique Pe\u00f1a Nieto respondi\u00f3 a las diez preguntas que le hizo el director Alfonso Cuar\u00f3n sobre la reforma energ\u00e9tica.<\/p>\n","protected":false},"author":3,"featured_media":172570,"comment_status":"open","ping_status":"open","sticky":false,"template":"","format":"standard","meta":{"_monsterinsights_skip_tracking":false,"_monsterinsights_sitenote_active":false,"_monsterinsights_sitenote_note":"","_monsterinsights_sitenote_category":0,"footnotes":""},"categories":[3],"tags":[2106,18,43673],"class_list":["post-172556","post","type-post","status-publish","format-standard","has-post-thumbnail","hentry","category-nacional","tag-alfonso-cuaron","tag-enrique-pena-nieto","tag-nacional"],"_links":{"self":[{"href":"https:\/\/www.diarioimagen.net\/index.php?rest_route=\/wp\/v2\/posts\/172556","targetHints":{"allow":["GET"]}}],"collection":[{"href":"https:\/\/www.diarioimagen.net\/index.php?rest_route=\/wp\/v2\/posts"}],"about":[{"href":"https:\/\/www.diarioimagen.net\/index.php?rest_route=\/wp\/v2\/types\/post"}],"author":[{"embeddable":true,"href":"https:\/\/www.diarioimagen.net\/index.php?rest_route=\/wp\/v2\/users\/3"}],"replies":[{"embeddable":true,"href":"https:\/\/www.diarioimagen.net\/index.php?rest_route=%2Fwp%2Fv2%2Fcomments&post=172556"}],"version-history":[{"count":0,"href":"https:\/\/www.diarioimagen.net\/index.php?rest_route=\/wp\/v2\/posts\/172556\/revisions"}],"wp:featuredmedia":[{"embeddable":true,"href":"https:\/\/www.diarioimagen.net\/index.php?rest_route=\/wp\/v2\/media\/172570"}],"wp:attachment":[{"href":"https:\/\/www.diarioimagen.net\/index.php?rest_route=%2Fwp%2Fv2%2Fmedia&parent=172556"}],"wp:term":[{"taxonomy":"category","embeddable":true,"href":"https:\/\/www.diarioimagen.net\/index.php?rest_route=%2Fwp%2Fv2%2Fcategories&post=172556"},{"taxonomy":"post_tag","embeddable":true,"href":"https:\/\/www.diarioimagen.net\/index.php?rest_route=%2Fwp%2Fv2%2Ftags&post=172556"}],"curies":[{"name":"wp","href":"https:\/\/api.w.org\/{rel}","templated":true}]}}