{"id":172617,"date":"2014-05-01T20:30:46","date_gmt":"2014-05-02T01:30:46","guid":{"rendered":"http:\/\/www.diarioimagen.net\/?p=172617"},"modified":"2014-05-02T05:00:20","modified_gmt":"2014-05-02T10:00:20","slug":"los-fernys-presentan-su-disco-el-sube-y-baja","status":"publish","type":"post","link":"https:\/\/www.diarioimagen.net\/?p=172617","title":{"rendered":"Los Fernys presentan su disco \u201cEl sube y baja\u201d"},"content":{"rendered":"<ul>\n<li><strong><em>Los originarios de Atoyac, Guerrero, promocionan \u201cEl hi jue su\u201d<\/em><\/strong><\/li>\n<\/ul>\n<div id=\"attachment_172618\" style=\"width: 250px\" class=\"wp-caption alignleft\"><img loading=\"lazy\" decoding=\"async\" aria-describedby=\"caption-attachment-172618\" class=\"size-medium wp-image-172618\" src=\"http:\/\/www.diarioimagen.net\/wp-content\/uploads\/2014\/05\/los-fernys-PORTAL-240x135.jpg\" alt=\"En abril del 2014 se presentaron en vivo en el \u201cCasino Life\u201d de la ciudad de M\u00e9xico donde con \u00e9xito presentaron su m\u00e1s reciente CD \u201cEl sube y baja\u201d que ya est\u00e1 a la venta en todo M\u00e9xico.\" width=\"240\" height=\"135\" srcset=\"https:\/\/www.diarioimagen.net\/wp-content\/uploads\/2014\/05\/los-fernys-PORTAL-240x135.jpg 240w, https:\/\/www.diarioimagen.net\/wp-content\/uploads\/2014\/05\/los-fernys-PORTAL-420x236.jpg 420w, https:\/\/www.diarioimagen.net\/wp-content\/uploads\/2014\/05\/los-fernys-PORTAL-235x132.jpg 235w, https:\/\/www.diarioimagen.net\/wp-content\/uploads\/2014\/05\/los-fernys-PORTAL-202x114.jpg 202w, https:\/\/www.diarioimagen.net\/wp-content\/uploads\/2014\/05\/los-fernys-PORTAL-350x196.jpg 350w, https:\/\/www.diarioimagen.net\/wp-content\/uploads\/2014\/05\/los-fernys-PORTAL-220x123.jpg 220w, https:\/\/www.diarioimagen.net\/wp-content\/uploads\/2014\/05\/los-fernys-PORTAL-237x132.jpg 237w, https:\/\/www.diarioimagen.net\/wp-content\/uploads\/2014\/05\/los-fernys-PORTAL.jpg 480w\" sizes=\"auto, (max-width: 240px) 100vw, 240px\" \/><p id=\"caption-attachment-172618\" class=\"wp-caption-text\">En abril del 2014 se presentaron en vivo en el \u201cCasino Life\u201d de la ciudad de M\u00e9xico donde con \u00e9xito presentaron su m\u00e1s reciente CD \u201cEl sube y baja\u201d que ya est\u00e1 a la venta en todo M\u00e9xico.<\/p><\/div>\n<p>El popular grupo de Los Fernys, originarios de Atoyac de \u00c1lvarez, Guerrero, finalmente lanzan al mercado su segundo \u00e1lbum titulado \u201cEl sube y baja\u201d, el cual fue grabado en los estudios Un\u00ecsono records de la ciudad de M\u00e9xico y con el cual esperan consolidarse como uno de los conjuntos favoritos del g\u00e9nero tropical.<\/p>\n<p>La direcci\u00f3n musical estuvo a cargo del director de Los Fernys, Fernando Lugardo Galindo, con los arreglos de Rodolfo G\u00f3mez y el propio Fernando, con un sonido muy bailable con el sabor de la costa guerrerense y sus letras son de corte chusco y divertidos, manejando el doble sentido de manera fina y humor\u00edstica sin ser ofensivo.<\/p>\n<p>Entre los temas que comprende esta producci\u00f3n musical que ya se encuentra a la venta en las principales tiendas de departamentales y autoservicio, as\u00ed como de manera digital en iTtunes, destacan. \u201cAmor salvaje\u201d, \u201cPuebla\u201d, \u201cMi suegra\u201d, \u201cNo me enga\u00f1es\u201d, \u201cNadie como t\u00fa\u201d y \u201cEl hi jue su\u201d, que es el primer sencillo promocional y ya se escucha en las principales radiodifusoras del pa\u00eds .<\/p>\n<p>Fernando Lugardo, padre y Fernando Lugardo, hijo, son los fundadores y principales impulsores de esta gran agrupaci\u00f3n, que se han constituido en uno de los consentidos de Guerrero, as\u00ed como estados vecinos como Oaxaca, Morelos, Michoac\u00e1n, Estado de M\u00e9xico, Puebla, Veracruz, Chiapas as\u00ed como el Distrito Federal.<\/p>\n<p>Se tardaron un a\u00f1o en grabar este \u00e1lbum ya que se cuid\u00f3 hasta el m\u00e1s m\u00ednimo detalle, \u201cdurante varios meses estuvimos componiendo los temas, luego los arreglos y as\u00ed transcurri\u00f3 el tiempo hasta que logramos terminar y quedamos satisfechos con este logro, que bien vali\u00f3 la pena, sobre todo por la respuesta de la gente que lo ha escuchado y nos han felicitado, lo cual agradecemos profundamente\u201d.<\/p>\n<p>Los Fernys se fundaron en 1994 por iniciativa de Fernando Lugardo y sus hijos Fernando y Gustavo Lugardo D\u00edaz, quienes iniciaron una aventura musical con la cual en dos d\u00e9cadas han logrado pisar escenarios capitalinos como el California Dancing Club, sal\u00f3n Hidalgo y el Gran F\u00f3rum del Sindicato de M\u00fasicos del DF.<\/p>\n<p>Su anterior disco se titul\u00f3 \u201cSobrecargados\u201d e incluyeron temas que posteriormente se convirtieron en hits como \u201cLoco\u201d y \u201cEl baile del cuartetazo\u201d, que son de las m\u00e1s solicitadas en sus presentaciones personales tanto p\u00fablicas como privadas.<\/p>\n<p>Los Fernys reconocen a grupos como la Sonora Santanera, Sonora Dinamita y Rigo Tovar y su Costa Azul, entre otro, como los precursores e impulsores de la m\u00fasica tropical en nuestro pa\u00eds, \u201clos admiramos por su legado musical y lo que aportaron y que siguen aportando, esperamos pronto alg\u00fan d\u00eda llegar a tener un lugar como ellos!\u201d concluy\u00f3 Fernando Lugardo.<\/p>\n","protected":false},"excerpt":{"rendered":"<p>El popular grupo de Los Fernys, originarios de Atoyac de \u00c1lvarez, Guerrero, finalmente lanzan al mercado su segundo \u00e1lbum titulado \u201cEl sube y baja\u201d, el cual fue grabado en los estudios Un\u00ecsono records de la ciudad de M\u00e9xico y con el cual esperan consolidarse como uno de los conjuntos favoritos del g\u00e9nero tropical.<\/p>\n","protected":false},"author":5,"featured_media":172618,"comment_status":"open","ping_status":"open","sticky":false,"template":"","format":"standard","meta":{"_monsterinsights_skip_tracking":false,"_monsterinsights_sitenote_active":false,"_monsterinsights_sitenote_note":"","_monsterinsights_sitenote_category":0,"footnotes":""},"categories":[17,12],"tags":[3244],"class_list":["post-172617","post","type-post","status-publish","format-standard","has-post-thumbnail","hentry","category-especiales","category-espectaculos","tag-guerrero"],"_links":{"self":[{"href":"https:\/\/www.diarioimagen.net\/index.php?rest_route=\/wp\/v2\/posts\/172617","targetHints":{"allow":["GET"]}}],"collection":[{"href":"https:\/\/www.diarioimagen.net\/index.php?rest_route=\/wp\/v2\/posts"}],"about":[{"href":"https:\/\/www.diarioimagen.net\/index.php?rest_route=\/wp\/v2\/types\/post"}],"author":[{"embeddable":true,"href":"https:\/\/www.diarioimagen.net\/index.php?rest_route=\/wp\/v2\/users\/5"}],"replies":[{"embeddable":true,"href":"https:\/\/www.diarioimagen.net\/index.php?rest_route=%2Fwp%2Fv2%2Fcomments&post=172617"}],"version-history":[{"count":0,"href":"https:\/\/www.diarioimagen.net\/index.php?rest_route=\/wp\/v2\/posts\/172617\/revisions"}],"wp:featuredmedia":[{"embeddable":true,"href":"https:\/\/www.diarioimagen.net\/index.php?rest_route=\/wp\/v2\/media\/172618"}],"wp:attachment":[{"href":"https:\/\/www.diarioimagen.net\/index.php?rest_route=%2Fwp%2Fv2%2Fmedia&parent=172617"}],"wp:term":[{"taxonomy":"category","embeddable":true,"href":"https:\/\/www.diarioimagen.net\/index.php?rest_route=%2Fwp%2Fv2%2Fcategories&post=172617"},{"taxonomy":"post_tag","embeddable":true,"href":"https:\/\/www.diarioimagen.net\/index.php?rest_route=%2Fwp%2Fv2%2Ftags&post=172617"}],"curies":[{"name":"wp","href":"https:\/\/api.w.org\/{rel}","templated":true}]}}