{"id":172620,"date":"2014-05-02T00:01:57","date_gmt":"2014-05-02T05:01:57","guid":{"rendered":"http:\/\/www.diarioimagen.net\/?p=172620"},"modified":"2014-05-05T03:13:54","modified_gmt":"2014-05-05T08:13:54","slug":"festival-balagan-regresa-al-plaza-condesa-con-musica-de-nueva-york-y-mexico","status":"publish","type":"post","link":"https:\/\/www.diarioimagen.net\/?p=172620","title":{"rendered":"Festival Balag\u00e1n regresa al Plaza Condesa con m\u00fasica de Nueva York y M\u00e9xico"},"content":{"rendered":"<ul>\n<li><strong><em>Regresa la banda neoyorquina de klezmer punk para participar en este gran evento, al lado de la banda originaria de Oaxaca, Pasatono Orquesta, quienes compartir\u00e1n escenario con los neoyorquinos Slavic Soul Party! en formato de soundsystem<\/em><\/strong><\/li>\n<\/ul>\n<h6>Asael Grande<\/h6>\n<p>&nbsp;<\/p>\n<div id=\"attachment_172621\" style=\"width: 250px\" class=\"wp-caption alignleft\"><img loading=\"lazy\" decoding=\"async\" aria-describedby=\"caption-attachment-172621\" class=\"wp-image-172621 size-medium\" src=\"http:\/\/www.diarioimagen.net\/wp-content\/uploads\/2014\/05\/balagan-PORTAL-240x135.jpg\" alt=\"En conferencia de prensa, Curtis Hasselbring (Golem), Rub\u00e9n Luengas (Pasatono Orquesta), Mary Farquharson (Discos Corason), Annette Ezekiel Kogan (Golem).\" width=\"240\" height=\"135\" srcset=\"https:\/\/www.diarioimagen.net\/wp-content\/uploads\/2014\/05\/balagan-PORTAL-240x135.jpg 240w, https:\/\/www.diarioimagen.net\/wp-content\/uploads\/2014\/05\/balagan-PORTAL-420x236.jpg 420w, https:\/\/www.diarioimagen.net\/wp-content\/uploads\/2014\/05\/balagan-PORTAL-235x132.jpg 235w, https:\/\/www.diarioimagen.net\/wp-content\/uploads\/2014\/05\/balagan-PORTAL-202x114.jpg 202w, https:\/\/www.diarioimagen.net\/wp-content\/uploads\/2014\/05\/balagan-PORTAL-350x196.jpg 350w, https:\/\/www.diarioimagen.net\/wp-content\/uploads\/2014\/05\/balagan-PORTAL-220x123.jpg 220w, https:\/\/www.diarioimagen.net\/wp-content\/uploads\/2014\/05\/balagan-PORTAL-237x132.jpg 237w, https:\/\/www.diarioimagen.net\/wp-content\/uploads\/2014\/05\/balagan-PORTAL.jpg 480w\" sizes=\"auto, (max-width: 240px) 100vw, 240px\" \/><p id=\"caption-attachment-172621\" class=\"wp-caption-text\">En conferencia de prensa, Curtis Hasselbring (Golem), Rub\u00e9n Luengas (Pasatono Orquesta), Mary Farquharson (Discos Corason), Annette Ezekiel Kogan (Golem).<\/p><\/div>\n<p>Evento que siempre resulta ser un programa de excelentes m\u00fasicos que logran combinar melancol\u00eda, locura y ambiente festivo, aspectos que sin duda han hecho la escena balkan tan exitosa en M\u00e9xico, por el gozo indomable de la fiesta, y en esta edici\u00f3n 2014 a realizarse el pr\u00f3ximo s\u00e1bado 3 de mayo en el Plaza Condesa, Golem, Pasatono Orquesta y Slavic Soul Party ser\u00e1n el elenco de este tercer a\u00f1o consecutivo del Festival Balag\u00e1n.<\/p>\n<p>En conferencia de prensa, Curtis Hasselbring (Golem), Rub\u00e9n Luengas (Pasatono Orquesta), Mary Farquharson (Discos Corason) y Annette Ezekiel Kogan (Golem), hablaron al respecto:<\/p>\n<p>Rub\u00e9n Luengas, de Pasatono Orquesta, coment\u00f3 que \u201cnuestro sustento musical viene de distintas tradiciones y fuentes, siempre he hablado que somos como m\u00fasicos y personas que hemos aprendido a vivir en dos mundos, el rural, que es de donde viene la mayor\u00eda, y el urbano, que es donde migramos y es en esos procesos que nos nutrimos de muchas cosas, principalmente de la tradici\u00f3n musical oaxaque\u00f1a, del rock, del danz\u00f3n y de tradiciones familiares oaxaque\u00f1as\u201d.<\/p>\n<p>Por parte de Discos Corason, Mary Farquharson, recalc\u00f3 que \u201cestamos muy contentos, porque habr\u00e1 baile de \u2018ulaula\u2019s\u2019, bailes balc\u00e1nicos y algunos miembros fundadores de la escena balkana, es realmente emocionante la parte visual, este a\u00f1o es importante cambiar de formato, pues queremos ir enriqueciendo e invitar a varios grupos mexicanos e internacionales con sus ra\u00edces y Golem regresa a M\u00e9xico, adem\u00e1s este a\u00f1o es el lanzamiento de dos discos, el de Pasatono Orquesta, \u2018Maroma\u2019, y el de Golem, \u2018Tanz\u2019\u201d.<\/p>\n<p>Golem, la banda neoyorquina de klezmer punk, regresa al Plaza Condesa para participar en el Festival Balag\u00e1n 2014, al lado de la banda originaria de Oaxaca, Pasatono Orquesta quienes compartir\u00e1n escenario con los neoyorquinos Slavic Soul Party! en formato de soundsystem. Hace un a\u00f1o que Golem, nombre que se refiere al monstruo en la mitolog\u00eda jud\u00eda, arras\u00f3 en el mismo festival y ahora regresan con nuevo material discogr\u00e1fico, Tanz! (\u00a1Baila!), el cual se lanzar\u00e1 mundialmente en este concierto en la ciudad de M\u00e9xico. Preguntando por qu\u00e9 decidieron lanzar su disco en M\u00e9xico en vez de Nueva York, la directora de Golem, Annette Ezekiel, responde: \u201cencuentras el amor en donde menos lo esperas\u201d.<\/p>\n<p>La m\u00fasica de Pasatono, una propuesta de mucha calidad que incluye referencias a la m\u00fasica h\u00fangara de caravanas gitanas que llevaban cine de pueblo en pueblo, al dixieland que gustaba mucho en Oaxaca, los pasodobles, mazurcas y las chilenas que se consideran m\u00fasica tradicional de la regi\u00f3n.<\/p>\n<p>En el Festival Balag\u00e1n 2014, uno de los \u00faltimos payasos de pueblo acompa\u00f1ar\u00e1 a Pasatono Orquesta para ofrecer un concierto que, en el estilo de Balag\u00e1n, combina lo visual con lo musical. Para cerrar esta noche de fiesta, el Plaza Condesa contar\u00e1 con la presencia de Slavic Soul Party! en formato soundsystem, quienes interpretan ritmos balc\u00e1nicos mezclados con el klezmer y el jazz al mismo tiempo que fusionan el g\u00f3spel, funk, latin y rag.<\/p>\n<p>El Festival Balag\u00e1n se presentar\u00e1 en el Plaza Condesa el pr\u00f3ximo s\u00e1bado 3 de mayo. Los boletos est\u00e1n a la venta en la taquilla del inmueble y a trav\u00e9s del Sistema Ticketmaster.<\/p>\n","protected":false},"excerpt":{"rendered":"<p>Evento que siempre resulta ser un programa de excelentes m\u00fasicos que logran combinar melancol\u00eda, locura y ambiente festivo, aspectos que sin duda han hecho la escena balkan tan exitosa en M\u00e9xico, por el gozo indomable de la fiesta, y en esta edici\u00f3n 2014 a realizarse el pr\u00f3ximo s\u00e1bado 3 de mayo en el Plaza Condesa, Golem, Pasatono Orquesta y Slavic Soul Party ser\u00e1n el elenco de este tercer a\u00f1o consecutivo del Festival Balag\u00e1n.<\/p>\n","protected":false},"author":5,"featured_media":172621,"comment_status":"open","ping_status":"open","sticky":false,"template":"","format":"standard","meta":{"_monsterinsights_skip_tracking":false,"_monsterinsights_sitenote_active":false,"_monsterinsights_sitenote_note":"","_monsterinsights_sitenote_category":0,"footnotes":""},"categories":[17,12],"tags":[6423,43682,44,942,24937],"class_list":["post-172620","post","type-post","status-publish","format-standard","has-post-thumbnail","hentry","category-especiales","category-espectaculos","tag-asael-grande","tag-espectaculos","tag-mexico","tag-nueva-york","tag-plaza-condesa"],"_links":{"self":[{"href":"https:\/\/www.diarioimagen.net\/index.php?rest_route=\/wp\/v2\/posts\/172620","targetHints":{"allow":["GET"]}}],"collection":[{"href":"https:\/\/www.diarioimagen.net\/index.php?rest_route=\/wp\/v2\/posts"}],"about":[{"href":"https:\/\/www.diarioimagen.net\/index.php?rest_route=\/wp\/v2\/types\/post"}],"author":[{"embeddable":true,"href":"https:\/\/www.diarioimagen.net\/index.php?rest_route=\/wp\/v2\/users\/5"}],"replies":[{"embeddable":true,"href":"https:\/\/www.diarioimagen.net\/index.php?rest_route=%2Fwp%2Fv2%2Fcomments&post=172620"}],"version-history":[{"count":0,"href":"https:\/\/www.diarioimagen.net\/index.php?rest_route=\/wp\/v2\/posts\/172620\/revisions"}],"wp:featuredmedia":[{"embeddable":true,"href":"https:\/\/www.diarioimagen.net\/index.php?rest_route=\/wp\/v2\/media\/172621"}],"wp:attachment":[{"href":"https:\/\/www.diarioimagen.net\/index.php?rest_route=%2Fwp%2Fv2%2Fmedia&parent=172620"}],"wp:term":[{"taxonomy":"category","embeddable":true,"href":"https:\/\/www.diarioimagen.net\/index.php?rest_route=%2Fwp%2Fv2%2Fcategories&post=172620"},{"taxonomy":"post_tag","embeddable":true,"href":"https:\/\/www.diarioimagen.net\/index.php?rest_route=%2Fwp%2Fv2%2Ftags&post=172620"}],"curies":[{"name":"wp","href":"https:\/\/api.w.org\/{rel}","templated":true}]}}