{"id":172626,"date":"2014-05-01T20:36:45","date_gmt":"2014-05-02T01:36:45","guid":{"rendered":"http:\/\/www.diarioimagen.net\/?p=172626"},"modified":"2014-05-02T05:00:33","modified_gmt":"2014-05-02T10:00:33","slug":"premian-los-locutores-de-mexico-a-claudia-cervantes","status":"publish","type":"post","link":"https:\/\/www.diarioimagen.net\/?p=172626","title":{"rendered":"Premian los locutores de M\u00e9xico a Claudia Cervantes"},"content":{"rendered":"<ul>\n<li><strong><em>La autora y protagonista de \u201cSoltera per no sola\u00b7, recibe reconocimiento al \u00e9xito profesional\u201d por parte de la Asociaci\u00f3n Nacional de Locutores de M\u00e9xico A. C.<\/em><\/strong><\/li>\n<\/ul>\n<div id=\"attachment_172627\" style=\"width: 250px\" class=\"wp-caption alignleft\"><img loading=\"lazy\" decoding=\"async\" aria-describedby=\"caption-attachment-172627\" class=\"size-medium wp-image-172627\" src=\"http:\/\/www.diarioimagen.net\/wp-content\/uploads\/2014\/05\/claudia-cervantes-PORTAL-240x135.jpg\" alt=\"Claudia Cervantes agradeci\u00f3 a Rosal\u00eda Bua\u00fan por haber sido reconocida por la Asociaci\u00f3n Nacional de Locutores de M\u00e9xico A. C.\" width=\"240\" height=\"135\" srcset=\"https:\/\/www.diarioimagen.net\/wp-content\/uploads\/2014\/05\/claudia-cervantes-PORTAL-240x135.jpg 240w, https:\/\/www.diarioimagen.net\/wp-content\/uploads\/2014\/05\/claudia-cervantes-PORTAL-420x236.jpg 420w, https:\/\/www.diarioimagen.net\/wp-content\/uploads\/2014\/05\/claudia-cervantes-PORTAL-235x132.jpg 235w, https:\/\/www.diarioimagen.net\/wp-content\/uploads\/2014\/05\/claudia-cervantes-PORTAL-202x114.jpg 202w, https:\/\/www.diarioimagen.net\/wp-content\/uploads\/2014\/05\/claudia-cervantes-PORTAL-350x196.jpg 350w, https:\/\/www.diarioimagen.net\/wp-content\/uploads\/2014\/05\/claudia-cervantes-PORTAL-220x123.jpg 220w, https:\/\/www.diarioimagen.net\/wp-content\/uploads\/2014\/05\/claudia-cervantes-PORTAL-237x132.jpg 237w, https:\/\/www.diarioimagen.net\/wp-content\/uploads\/2014\/05\/claudia-cervantes-PORTAL.jpg 480w\" sizes=\"auto, (max-width: 240px) 100vw, 240px\" \/><p id=\"caption-attachment-172627\" class=\"wp-caption-text\">Claudia Cervantes agradeci\u00f3 a Rosal\u00eda Bua\u00fan por haber sido reconocida por la Asociaci\u00f3n Nacional de Locutores de M\u00e9xico A. C.<\/p><\/div>\n<p>Claudia Cervantes, actriz, escritora y cantante ha recibido distinguidos galardones como el Premio Nacional de la Mujer, Gaviota, Gr\u00e1fica de Oro, Cocktail de la Moda, Luna del Auditorio, por sus destacadas producciones como su mon\u00f3logo musical \u201cSoltera pero no sola\u201d y el espect\u00e1culo internacional \u201cFuerzabruta M\u00e9xico 2008\u201d; as\u00ed como por la publicaci\u00f3n de su libro \u201cLa hoja en blanco\u201d y recientemente, con editorial Santillana, el libro que lleva el nombre de su obra teatral.<\/p>\n<p>Recienteemente, Claudia Cervantes fue parte del pres\u00eddium en la Ruta de las Sonrisas, actividad realizada por la Delegaci\u00f3n Miguel Hidalgo, evento en el que junto a Victor Hugo Romo Guerra, Jefe Delegacional y otros artistas embajadores, repartieron juguetes a ni\u00f1os en situaci\u00f3n vulnerable de la demarcaci\u00f3n, haciendo un recorrido en bicicleta.<\/p>\n<p>El pr\u00f3ximo 9 de mayo, la artista dar\u00e1 una funci\u00f3n de su exitosa obra \u201cSoltera pero no sola\u201d en el Teatro Diana de Guadalajara, Jalisco; en esta ocasi\u00f3n, asociada a una nueva causa social, como es el empoderamiento de las mujeres polic\u00edas. En Julio del 2013, se present\u00f3 en el mismo escenario, en el que recibi\u00f3 un reconocimiento por parte del Hospital Civil por su labor altruista.<\/p>\n<p>Para Octubre de este a\u00f1o, Cervantes planea estrenar su nuevo espect\u00e1culo \u201cNi\u00f1a eterna\u201d, el cual preparar\u00e1 actoralmente en Madrid durante el verano. Mientras tanto, se encuentra grabando los temas musicales compuestos por ella misma para su segundo material discogr\u00e1fico.<\/p>\n","protected":false},"excerpt":{"rendered":"<p>Claudia Cervantes, actriz, escritora y cantante ha recibido distinguidos galardones como el Premio Nacional de la Mujer, Gaviota, Gr\u00e1fica de Oro, Cocktail de la Moda, Luna del Auditorio, por sus destacadas producciones como su mon\u00f3logo musical \u201cSoltera pero no sola\u201d y el espect\u00e1culo internacional \u201cFuerzabruta M\u00e9xico 2008\u201d; as\u00ed como por la publicaci\u00f3n de su libro \u201cLa hoja en blanco\u201d y recientemente, con editorial Santillana, el libro que lleva el nombre de su obra teatral.<\/p>\n","protected":false},"author":5,"featured_media":172627,"comment_status":"open","ping_status":"open","sticky":false,"template":"","format":"standard","meta":{"_monsterinsights_skip_tracking":false,"_monsterinsights_sitenote_active":false,"_monsterinsights_sitenote_note":"","_monsterinsights_sitenote_category":0,"footnotes":""},"categories":[17,12],"tags":[],"class_list":["post-172626","post","type-post","status-publish","format-standard","has-post-thumbnail","hentry","category-especiales","category-espectaculos"],"_links":{"self":[{"href":"https:\/\/www.diarioimagen.net\/index.php?rest_route=\/wp\/v2\/posts\/172626","targetHints":{"allow":["GET"]}}],"collection":[{"href":"https:\/\/www.diarioimagen.net\/index.php?rest_route=\/wp\/v2\/posts"}],"about":[{"href":"https:\/\/www.diarioimagen.net\/index.php?rest_route=\/wp\/v2\/types\/post"}],"author":[{"embeddable":true,"href":"https:\/\/www.diarioimagen.net\/index.php?rest_route=\/wp\/v2\/users\/5"}],"replies":[{"embeddable":true,"href":"https:\/\/www.diarioimagen.net\/index.php?rest_route=%2Fwp%2Fv2%2Fcomments&post=172626"}],"version-history":[{"count":0,"href":"https:\/\/www.diarioimagen.net\/index.php?rest_route=\/wp\/v2\/posts\/172626\/revisions"}],"wp:featuredmedia":[{"embeddable":true,"href":"https:\/\/www.diarioimagen.net\/index.php?rest_route=\/wp\/v2\/media\/172627"}],"wp:attachment":[{"href":"https:\/\/www.diarioimagen.net\/index.php?rest_route=%2Fwp%2Fv2%2Fmedia&parent=172626"}],"wp:term":[{"taxonomy":"category","embeddable":true,"href":"https:\/\/www.diarioimagen.net\/index.php?rest_route=%2Fwp%2Fv2%2Fcategories&post=172626"},{"taxonomy":"post_tag","embeddable":true,"href":"https:\/\/www.diarioimagen.net\/index.php?rest_route=%2Fwp%2Fv2%2Ftags&post=172626"}],"curies":[{"name":"wp","href":"https:\/\/api.w.org\/{rel}","templated":true}]}}