{"id":172655,"date":"2014-05-02T00:07:43","date_gmt":"2014-05-02T05:07:43","guid":{"rendered":"http:\/\/www.diarioimagen.net\/?p=172655"},"modified":"2014-05-04T22:51:05","modified_gmt":"2014-05-05T03:51:05","slug":"por-si-habia-duda","status":"publish","type":"post","link":"https:\/\/www.diarioimagen.net\/?p=172655","title":{"rendered":"Por si hab\u00eda duda"},"content":{"rendered":"<h2>Tras la puerta del poder<\/h2>\n<h5>Roberto Vizca\u00edno<\/h5>\n<p>&nbsp;<\/p>\n<ul>\n<li><strong><em>La atenci\u00f3n del gobierno del presidente Enrique Pe\u00f1a Nieto estar\u00e1 en el desarrollo de la reforma de energ\u00eda <\/em><\/strong><\/li>\n<li><strong><em>Las secundarias m\u00e1s importantes y que requerir\u00e1n de cuidado extremo son las de esa norma<\/em><\/strong><\/li>\n<li><strong><em>La Comisi\u00f3n Permanente ser\u00e1 la que cite a los extraordinarios para sacar adelante estas leyes reglamentarias<\/em><\/strong><\/li>\n<\/ul>\n<div id=\"attachment_172733\" style=\"width: 250px\" class=\"wp-caption alignleft\"><a href=\"http:\/\/www.diarioimagen.net\/wp-content\/uploads\/2014\/05\/vas-al-super-o-ibas-LUIS-XAVIER-2347.jpg\" target=\"_blank\"><img loading=\"lazy\" decoding=\"async\" aria-describedby=\"caption-attachment-172733\" class=\"wp-image-172733 size-medium\" src=\"http:\/\/www.diarioimagen.net\/wp-content\/uploads\/2014\/05\/vas-al-super-o-ibas-LUIS-XAVIER-2347-240x185.jpg\" alt=\"\u00bfVas al s\u00faper? o... ibas... | Luis Xavier\" width=\"240\" height=\"185\" srcset=\"https:\/\/www.diarioimagen.net\/wp-content\/uploads\/2014\/05\/vas-al-super-o-ibas-LUIS-XAVIER-2347-240x185.jpg 240w, https:\/\/www.diarioimagen.net\/wp-content\/uploads\/2014\/05\/vas-al-super-o-ibas-LUIS-XAVIER-2347-420x324.jpg 420w, https:\/\/www.diarioimagen.net\/wp-content\/uploads\/2014\/05\/vas-al-super-o-ibas-LUIS-XAVIER-2347.jpg 700w\" sizes=\"auto, (max-width: 240px) 100vw, 240px\" \/><\/a><p id=\"caption-attachment-172733\" class=\"wp-caption-text\">\u00bfVas al s\u00faper? o&#8230; ibas&#8230; | Luis Xavier<\/p><\/div>\n<p>La obviedad dice que para el presidente Enrique Pe\u00f1a Nieto &#8211;y evidentemente el resto de su equipo: legisladores, gobernadores y PRI&#8211;, la reforma a cuidar es la de energ\u00eda.<\/p>\n<p>Las otras pueden seguir el camino sinuoso y los tiempos que quieran imponerles los de la oposici\u00f3n.<\/p>\n<p>Por ello, sus representantes y fracciones parlamentarias del PRI no hicieron mayores aspavientos por las veleidades panistas que finalmente terminaron posponiendo riesgosamente a la reforma pol\u00edtico-electoral de la cual los senadores aprobaron s\u00f3lo uno de los tres paquetes de leyes secundarias que esta reforma contiene, mientras que los otros dos tendr\u00e1n que ser tramitados en uno o dos extraordinarios previstos para las siguientes semanas.<\/p>\n<p>Menos reclamos hicieron porque la de telecomunicaciones &#8211;de la cual depende un mundo de dinero en nuevas cadenas de valor, transformaciones del sistema radial y de telefon\u00eda, entre otros&#8211;, haya sido pospuesta dos meses.<\/p>\n<p>La que mereci\u00f3 conferencia de prensa conjunta entre los secretarios de Hacienda, Luis Videgaray y de Energ\u00eda, Pedro Joaqu\u00edn Coldwell en el mism\u00edsimo Palacio Nacional fue la de energ\u00eda.<\/p>\n<p>Y esta fue acompa\u00f1ada por el staff fuerte y experimentado de senadores y diputados del PRI.<\/p>\n<p>Pero sobre todo, y para que no queden dudas que ah\u00ed s\u00ed no habr\u00e1 concesiones y estar\u00e1 puesta toda su fuerza y capital, destaca la intervenci\u00f3n del presidente Enrique Pe\u00f1a Nieto de ayer &#8211;en el foro de la celebraci\u00f3n del D\u00eda del Trabajo, ante la c\u00fapula de los trabajadores y empresarios&#8211;, quien suave como es \u00e9l, pero firme, dijo que de la reforma de energ\u00eda depende el futuro de M\u00e9xico.<\/p>\n<p>Sobre todo porque \u201catraer\u00e1 grandes inversiones al pa\u00eds, generando miles de nuevos empleos, tanto en el sector energ\u00e9tico, como en el resto de la econom\u00eda.<\/p>\n<p>\u201cSegundo: porque las empresas, especialmente las peque\u00f1as y medianas, tendr\u00e1n m\u00e1s energ\u00eda y a menor precio; ser\u00e1n m\u00e1s rentables y podr\u00e1n crecer y contratar a m\u00e1s personas.<\/p>\n<p>\u201cY tercero: porque con \u00e9sta y otras reformas y acciones que estamos impulsando, como el Programa Nacional de Infraestructura, estamos creando nuevas bases para el desarrollo econ\u00f3mico\u201d.<\/p>\n<p>Por eso y mucho m\u00e1s, agreg\u00f3: \u201cla reforma energ\u00e9tica permitir\u00e1 que M\u00e9xico crezca m\u00e1s r\u00e1pido y su econom\u00eda sea m\u00e1s competitiva a nivel mundial\u201d.<\/p>\n<p>Todo ello, coment\u00f3, sin contar con que adem\u00e1s se fortalecer\u00e1 la soberan\u00eda nacional y se incrementar\u00e1 la seguridad energ\u00e9tica del pa\u00eds, al reducir nuestra dependencia del exterior, pues con el nuevo andamiaje legal se podr\u00e1n explotar en beneficio de los mexicanos, los abundantes yacimientos de hidrocarburos a los que hasta ahora, no se tiene acceso.<\/p>\n<p>\u201cAl incrementarse la producci\u00f3n, transformaci\u00f3n y distribuci\u00f3n de hidrocarburos, ser\u00e1 posible, en el mediano plazo, reducir los precios de gas natural y electricidad que pagan los hogares y empresas del pa\u00eds\u201d, subray\u00f3.<\/p>\n<p>Pe\u00f1a Nieto expuso otros muchos argumentos y razones por las que deja en claro que la gran reforma de las ya aprobadas, es para \u00e9l la de energ\u00eda.<\/p>\n<p style=\"text-align: center;\">\u00a0<strong>LA VIDA SIGUE<\/strong><\/p>\n<p>Al fin parte de un proceso institucional, el primer per\u00edodo legislativo de este a\u00f1o termin\u00f3 el mi\u00e9rcoles 30 en medio de un estrepitoso fracaso para unos, y con grandes \u00e9xitos y logros, para otros.<\/p>\n<p>La verdad es que entre el 1 de febrero y el 30 de abril se tramitaron una gran cantidad de \u201cproductos legislativos\u201d al grado de que el coordinador de los diputados del PRI, el sonorense Manlio Fabio Beltrones \u2013el personaje sin duda m\u00e1s influyente y experimentado de esta legislatura&#8211;, calific\u00f3 a este congreso como el m\u00e1s exitoso en la historia de M\u00e9xico.<\/p>\n<p>Justo el 30 de abril la 62 legislatura entr\u00f3 en la segunda mitad de su calendario. Terminar\u00e1 el 30 de agosto pr\u00f3ximo aunque en los hechos s\u00f3lo le queda el tramo del primero de septiembre al 15 de diciembre, pues los procesos electorales del 2015 jalar\u00e1n toda la atenci\u00f3n del mundo pol\u00edtico mexicano.<\/p>\n<p>Y es que el a\u00f1o pr\u00f3ximo habr\u00e1 elecci\u00f3n de 9 gobernadores &#8211;un tercio de los que existen en el pa\u00eds&#8211;, se renovar\u00e1n las 500 diputaciones federales, y se elegir\u00e1 a los 16 nuevos delegados del DF y los 65 nuevos legisladores de la Asamblea Legislativa capitalina, as\u00ed como 990 nuevos alcaldes en 17 estados y quiz\u00e1 unos 500 diputados locales.<\/p>\n<p>No pocos senadores y diputados federales de todos los partidos dejar\u00e1n sus cargos para ir a competir por alguno de esos puestos de elecci\u00f3n, sobre todo gubernaturas y alcald\u00edas de ciudades importantes.<\/p>\n<p>Por eso deber\u00e1n tramitar entre hoy y junio, a m\u00e1s tardar julio, las leyes secundarias de las reformas pol\u00edtico-electoral, de telecomunicaciones y la de energ\u00eda.<\/p>\n<p style=\"text-align: center;\">\u00a0<strong>COMISI\u00d3N PERMANENTE<\/strong><\/p>\n<p>En buena medida completar estas reformas depender\u00e1 del trabajo de la Comisi\u00f3n Permanente del Congreso de la Uni\u00f3n, este cuerpo colegiado integrado por senadores y diputados federales de todas las fracciones, que operar\u00e1 entre hoy y el 1 de septiembre pr\u00f3ximo, y que ser\u00e1n quienes deber\u00e1n convocar a la realizaci\u00f3n de los per\u00edodos extraordinarios.<\/p>\n<p>Por eso, es importante conocer qui\u00e9nes integran este cuerpo colegiado y c\u00f3mo est\u00e1n los pesos y contrapesos partidarios internos.<\/p>\n<p>Luego de clausurar los trabajos en cada c\u00e1mara, se procedi\u00f3 a integral la Comisi\u00f3n Permanente que qued\u00f3 formada por los siguientes diputados y senadores.<\/p>\n<p>Senadores del PRI: Ver\u00f3nica Mart\u00ednez, Mar\u00eda Elena Barrera, Enrique Burgos, Ra\u00fal Cervantes, Omar Fayad, Emilio Gamboa, Diva Hadamira Gast\u00e9lum, Ismael Hern\u00e1ndez, y Ren\u00e9 Ju\u00e1rez y los diputados Manuel A\u00f1orve, Mar\u00eda de las Nieves Garc\u00eda, H\u00e9ctor Guti\u00e9rrez de la Garza, Francisco Gonz\u00e1lez, Williams Oswaldo Ochoa, Ricardo Fidel Pacheco y Abel Octavio Salgado.<\/p>\n<p>Por el PAN est\u00e1n los senadores Laura Ang\u00e9lica Rojas, Silvia Guadalupe Garza,<\/p>\n<p>Mariana G\u00f3mez del Campo, H\u00e9ctor Larios y Jorge Luis Lavalle, y los diputados Juan Pablo Adame, V\u00edctor Gonz\u00e1lez, Marcos Aguilar, Luis Alberto Villareal y Beatriz Zavala.<\/p>\n<p>Los senadores del PRD son Armando R\u00edos P\u00edter, Luis Miguel Barbosa, Alejandro Encinas y Fernando Z\u00e1rate y los diputados, Fernando Belaunzar\u00e1n, Guillermo S\u00e1nchez.<\/p>\n<p>Los otros son Ana Gabriela Guevara, Ricardo Cant\u00fa y Alfonso Durazo por el PT; Ricardo Astudillo del Verde y Dora Mar\u00eda Talamantes, de Nueva Alianza.<\/p>\n<p>La mesa directiva qued\u00f3 formada por Ra\u00fal Cervantes como presidente; H\u00e9ctor Guti\u00e9rrez de la Garza y Marcos Aguilar como vicepresidentes; William Osvaldo Ochoa Gallegos, Juan Pablo Adame, Fernando Z\u00e1rate y Mar\u00eda Elena Barrera, como secretarios.<\/p>\n<p style=\"text-align: center;\">\u00a0<strong>CASI RAZ\u00d3N DE ESTADO<\/strong><\/p>\n<p>Una de las m\u00e1s grandes preocupaciones del sector salud del gobierno del presidente Enrique Pe\u00f1a Nieto, luego del combate a la diabetes y la obesidad, est\u00e1 en los males bucales.<\/p>\n<p>La cuesti\u00f3n es que de la buena salud dental depende en mucho el combate a otras enfermedades, incluso las cardiovasculares.<\/p>\n<p>Por eso, destaca el nuevo concepto en el cuidado bucal creado por el grupo Dentalia, desarrollado dentro de una calidad y servicio excepcional dicen las autoridades del sector, que permitir\u00e1 fomentar una cultura de la prevenci\u00f3n y salud bucal entre los mexicanos, para as\u00ed contribuir a evitar que 9 de cada 10 personas en este pa\u00eds sigan padeciendo caries.<\/p>\n<p>Este nuevo modelo de atenci\u00f3n, informan, es aplicado ya en sus m\u00e1s de 45 cl\u00ednicas ubicadas en 13 ciudades, conscientes de que los problemas dentales de la poblaci\u00f3n mexicana deben ser atendidos de manera diferente a como se ha enfrentado hasta ahora.<\/p>\n<p>La cultura del cuidado bucal en M\u00e9xico hasta hoy, indica el sector salud, es sobre todo correctiva y no preventiva, ya que el 85 por ciento de los pacientes acuden cuando ya presentan dolor.<\/p>\n<p>Incluso, menciona el grupo Dentalia, m\u00e1s del 90 por ciento de la poblaci\u00f3n adulta ha padecido de gingivitis, periodontitis o ambas y, a pesar de ello, la frecuencia de visitas al dentista es de una vez cada 7 a\u00f1os. Eso tiene que cambiar para ser m\u00e1s una acci\u00f3n preventiva.<\/p>\n<p><em><a href=\"mailto:rvizcainoa@gmail.com\">rvizcainoa@gmail.com<\/a><\/em><\/p>\n","protected":false},"excerpt":{"rendered":"<p><span style=\"color: #005497;\"><strong>Roberto Vizca\u00edno<\/strong><\/span><br \/>\n<br \/>\nLa obviedad dice que para el presidente Enrique Pe\u00f1a Nieto &#8211;y evidentemente el resto de su equipo: legisladores, gobernadores y PRI&#8211;, la reforma a cuidar es la de energ\u00eda.<\/p>\n","protected":false},"author":3,"featured_media":172733,"comment_status":"open","ping_status":"open","sticky":false,"template":"","format":"standard","meta":{"_monsterinsights_skip_tracking":false,"_monsterinsights_sitenote_active":false,"_monsterinsights_sitenote_note":"","_monsterinsights_sitenote_category":0,"footnotes":""},"categories":[136],"tags":[43674,93,94],"class_list":["post-172655","post","type-post","status-publish","format-standard","has-post-thumbnail","hentry","category-roberto-vizcaino-opinion","tag-opinion","tag-roberto-vizcaino","tag-tras-la-puerta-del-poder"],"_links":{"self":[{"href":"https:\/\/www.diarioimagen.net\/index.php?rest_route=\/wp\/v2\/posts\/172655","targetHints":{"allow":["GET"]}}],"collection":[{"href":"https:\/\/www.diarioimagen.net\/index.php?rest_route=\/wp\/v2\/posts"}],"about":[{"href":"https:\/\/www.diarioimagen.net\/index.php?rest_route=\/wp\/v2\/types\/post"}],"author":[{"embeddable":true,"href":"https:\/\/www.diarioimagen.net\/index.php?rest_route=\/wp\/v2\/users\/3"}],"replies":[{"embeddable":true,"href":"https:\/\/www.diarioimagen.net\/index.php?rest_route=%2Fwp%2Fv2%2Fcomments&post=172655"}],"version-history":[{"count":0,"href":"https:\/\/www.diarioimagen.net\/index.php?rest_route=\/wp\/v2\/posts\/172655\/revisions"}],"wp:featuredmedia":[{"embeddable":true,"href":"https:\/\/www.diarioimagen.net\/index.php?rest_route=\/wp\/v2\/media\/172733"}],"wp:attachment":[{"href":"https:\/\/www.diarioimagen.net\/index.php?rest_route=%2Fwp%2Fv2%2Fmedia&parent=172655"}],"wp:term":[{"taxonomy":"category","embeddable":true,"href":"https:\/\/www.diarioimagen.net\/index.php?rest_route=%2Fwp%2Fv2%2Fcategories&post=172655"},{"taxonomy":"post_tag","embeddable":true,"href":"https:\/\/www.diarioimagen.net\/index.php?rest_route=%2Fwp%2Fv2%2Ftags&post=172655"}],"curies":[{"name":"wp","href":"https:\/\/api.w.org\/{rel}","templated":true}]}}