{"id":172662,"date":"2014-05-02T00:05:05","date_gmt":"2014-05-02T05:05:05","guid":{"rendered":"http:\/\/www.diarioimagen.net\/?p=172662"},"modified":"2014-05-02T04:18:44","modified_gmt":"2014-05-02T09:18:44","slug":"joel-desconoce-a-su-mentor","status":"publish","type":"post","link":"https:\/\/www.diarioimagen.net\/?p=172662","title":{"rendered":"Joel desconoce a su mentor"},"content":{"rendered":"<h2>De frente y de perfil<\/h2>\n<h5>Ram\u00f3n Zurita Sahag\u00fan<\/h5>\n<p>&nbsp;<\/p>\n<p>Tres veces neg\u00f3 Pedro a Jes\u00fas antes que cantara el gallo, con todo y que a \u00e9l le deb\u00eda y le debi\u00f3 parte de su historia y su trascendencia.<\/p>\n<p>Desde entonces, el negar a su maestro se convirti\u00f3 en una tradici\u00f3n, principalmente en los medios pol\u00edticos nacionales.<\/p>\n<p>Eso sucede ahora con Joel Ortega Cuevas, el flamante director del Metro de la ciudad de M\u00e9xico, quien se deslinda de lo que sucede con la L\u00ednea 12 y aprovecha para hacerlo tambi\u00e9n de Marcelo Ebrard Casaubon, su protector y gu\u00eda durante varios lustros.<\/p>\n<p>Joel era un aprendiz de pol\u00edtico, simpatizante del Partido Popular Socialista, quien abrevaba del tema con un diputado pri\u00edsta, ahora converso al perredismo, quien presid\u00eda la Comisi\u00f3n de Energ\u00eda de la C\u00e1mara de Diputados en la LIII Legislatura.<\/p>\n<p>Jos\u00e9 Eduardo Beltr\u00e1n se convirti\u00f3 en presidente de dicha comisi\u00f3n a solicitud de licencia de Miguel \u00c1ngel Barberena, candidato al gobierno de Aguascalientes y con \u00e9l ascendi\u00f3 a secretario t\u00e9cnico su antiguo secretario particular, Ortega Cuevas.<\/p>\n<p>Con el cambio de gobierno y la llegada de Manuel Camacho Sol\u00eds al DDF, Marcelo Ebrard se convirti\u00f3 en su operador pol\u00edtico y cobij\u00f3 a Joel, luego que Beltr\u00e1n no pudo ser candidato al gobierno de Tabasco.<\/p>\n<p>Desde entonces, Marcelo y Joel hicieron mancuerna, caminando juntos en todos los cargos p\u00fablicos por los que pasaba Marcelo.<\/p>\n<p>Cercanos al poder emanado del PRI, los dos personajes laboraron al lado de Manuel Camacho, siendo Marcelo el impulsor para que Joel alcanzara por vez primera la direcci\u00f3n general del Autotransporte Urbano del Distrito Federal.<\/p>\n<p>El crecimiento de Marcelo iba a la par de las oportunidades pol\u00edticas que recib\u00eda Joel, siempre unidos, marcharon por diversas posiciones del gobierno capitalino.<\/p>\n<p>As\u00ed, Joel alcanz\u00f3 su m\u00e1xima posici\u00f3n dentro del gobierno citadino, la Secretar\u00eda de Seguridad P\u00fablica, a la que lleg\u00f3 para suceder a Marcelo, luego de la destituci\u00f3n de Ebrard motivada por los linchamientos de Tl\u00e1huac.<\/p>\n<p>Joel fue ratificado al ascender Marcelo a jefe de gobierno capitalino y desde ah\u00ed aspiraba a convertirse en el sucesor de Ebrard, pero en su camino se cruzaron los acontecimientos del \u201cNews Divine\u201d.<\/p>\n<p>Como responsables de esa tragedia fueron se\u00f1alados el entonces secretario de Seguridad P\u00fablica, Joel Ortega y el procurador general de Justicia, Rodolfo F\u00e9lix C\u00e1rdenas, siendo relevados de sus cargos, lo que dio un vuelco tremendo en la sucesi\u00f3n perredista y alej\u00f3 un poco a Joel de Marcelo.<\/p>\n<p>Se comprob\u00f3 que los polic\u00edas de la SSP-DF fueron los causantes del caos y se cort\u00f3 el hilo por lo m\u00e1s delegado, para evitar que impactara en el jefe de gobierno.<\/p>\n<p>Ello no min\u00f3 el \u00e1nimo de Ortega Cuevas, quien tres a\u00f1os despu\u00e9s busc\u00f3 la candidatura del sol azteca, pero sabedor de sus nulas posibilidades, prefiri\u00f3 aliarse con el hoy jefe de gobierno, Miguel \u00c1ngel Mancera Espinosa, obteniendo como recompensa el cargo que hoy detenta.<\/p>\n<p>Hoy, la oportunidad de cobrar viejos agravios a su antiguo mentor se le presentaron a Joel, quien se sinti\u00f3 desprotegido por Marcelo a su salida de Seguridad P\u00fablica.<\/p>\n<p>La incierta situaci\u00f3n de la L\u00ednea 12 y la presunci\u00f3n de malos manejos en su operaci\u00f3n, son la oportunidad esperada por Joel Ortega para negar a su maestro y dejarlo inerme ante sus voraces perseguidores.<\/p>\n<p>Cuenta el columnista Francisco Garfias que Joel lleg\u00f3 a la C\u00e1mara de Diputados para comparecer ante los legisladores de la comisi\u00f3n respectiva y endosarle la responsabilidad de los errores al anterior jefe de gobierno del Distrito Federal. Solamente lleg\u00f3 a pasearse y repartir culpas al por mayor, especialmente para un Marcelo que se ve como los bofes del boxeo, todo apaleado.<\/p>\n<p>De pronto, todo se derrumb\u00f3 para el ex jefe de gobierno del Distrito Federal y sus aspiraciones quedaron hechas a\u00f1icos.<\/p>\n<p>Primero, se qued\u00f3 rezagado en la posibilidad de competir por la candidatura presidencial de la izquierda, donde Andr\u00e9s Manuel L\u00f3pez Obrador lo super\u00f3 por mucho en las encuestas definitorias.<\/p>\n<p>Al t\u00e9rmino de su gesti\u00f3n, Ebrard aprovech\u00f3 para descansar seis meses de la pol\u00edtica y cuando mostr\u00f3 su inter\u00e9s en presidir al partido en que milita se dio cuenta del error cometido. Ya le hab\u00edan comido el mandado y su candidatura se advert\u00eda sumamente endeble, pero adem\u00e1s de ello, mantuvo una gran indecisi\u00f3n sobre el tema.<\/p>\n<p>Marcelo se repleg\u00f3 cuando estall\u00f3 el tema de la L\u00ednea12 del Metro, una de las grandes obras de la administraci\u00f3n que encabez\u00f3.<\/p>\n<p>Errores en su trazo, la adquisici\u00f3n de trenes no adecuados para ella, m\u00e1s el extrav\u00edo (por decir lo menos) de 489 millones de pesos, los que nadie ha justificado ni conoce el destino que se le dieron, son otros clavos que penden sobre el ata\u00fad pol\u00edtico de un Marcelo que se defiende como gato boca arriba, aunque son m\u00e1s los que prefieren deslindarse de \u00e9l.<\/p>\n<p style=\"text-align: center;\"><strong>\u00bfCU\u00c1NTOS M\u00c1S?<\/strong><\/p>\n<p>Un alcalde Guerrero y un ex diputado federal michoacano, son los m\u00e1s recientes pol\u00edticos que han sido vinculados con las organizaciones criminales.<\/p>\n<p>Feliciano \u00c1lvarez Mesino, presidente municipal de Cuetzala del Progreso, Guerrero, es quien presuntamente brindaba protecci\u00f3n al c\u00e1rtel de \u201cLa Familia Michoacana\u201d y quien est\u00e1 involucrado en al menos 15 secuestros cometidos en diferentes municipios de esa entidad.<\/p>\n<p>Jos\u00e9 Trinidad Mart\u00ednez Pasalagua, es el ex diputado michoacano quien fue detenido y liberado como parte de las investigaciones que se realizan sobre la eventual implicaci\u00f3n de pol\u00edticos de Michoac\u00e1n con la organizaci\u00f3n \u201cLos Caballeros Templarios\u201d.<\/p>\n<p>Mart\u00ednez Pasalagua, l\u00edder de la Comisi\u00f3n Reguladora del Transporte rindi\u00f3 su declaraci\u00f3n, mientras se presume que existen otros pol\u00edticos que seguir\u00e1n el mismo camino.<\/p>\n<p><em><a href=\"mailto:ramonzurita44@hotmail.com\" target=\"_blank\">ramonzurita44@hotmail.com<\/a><\/em><\/p>\n","protected":false},"excerpt":{"rendered":"<p><span style=\"color: #005497;\"><strong>Ram\u00f3n Zurita Sahag\u00fan<\/strong><\/span><\/p>\n","protected":false},"author":3,"featured_media":0,"comment_status":"open","ping_status":"open","sticky":false,"template":"","format":"standard","meta":{"_monsterinsights_skip_tracking":false,"_monsterinsights_sitenote_active":false,"_monsterinsights_sitenote_note":"","_monsterinsights_sitenote_category":0,"footnotes":""},"categories":[234],"tags":[304,28007,43674,43687],"class_list":["post-172662","post","type-post","status-publish","format-standard","hentry","category-ramon-zurita-sahagun","tag-de-frente-y-de-perfil","tag-joel-ortega-cuevas","tag-opinion","tag-ramon-zurita-sahagun"],"_links":{"self":[{"href":"https:\/\/www.diarioimagen.net\/index.php?rest_route=\/wp\/v2\/posts\/172662","targetHints":{"allow":["GET"]}}],"collection":[{"href":"https:\/\/www.diarioimagen.net\/index.php?rest_route=\/wp\/v2\/posts"}],"about":[{"href":"https:\/\/www.diarioimagen.net\/index.php?rest_route=\/wp\/v2\/types\/post"}],"author":[{"embeddable":true,"href":"https:\/\/www.diarioimagen.net\/index.php?rest_route=\/wp\/v2\/users\/3"}],"replies":[{"embeddable":true,"href":"https:\/\/www.diarioimagen.net\/index.php?rest_route=%2Fwp%2Fv2%2Fcomments&post=172662"}],"version-history":[{"count":0,"href":"https:\/\/www.diarioimagen.net\/index.php?rest_route=\/wp\/v2\/posts\/172662\/revisions"}],"wp:attachment":[{"href":"https:\/\/www.diarioimagen.net\/index.php?rest_route=%2Fwp%2Fv2%2Fmedia&parent=172662"}],"wp:term":[{"taxonomy":"category","embeddable":true,"href":"https:\/\/www.diarioimagen.net\/index.php?rest_route=%2Fwp%2Fv2%2Fcategories&post=172662"},{"taxonomy":"post_tag","embeddable":true,"href":"https:\/\/www.diarioimagen.net\/index.php?rest_route=%2Fwp%2Fv2%2Ftags&post=172662"}],"curies":[{"name":"wp","href":"https:\/\/api.w.org\/{rel}","templated":true}]}}