{"id":172688,"date":"2014-05-02T00:05:12","date_gmt":"2014-05-02T05:05:12","guid":{"rendered":"http:\/\/www.diarioimagen.net\/?p=172688"},"modified":"2014-05-05T03:14:15","modified_gmt":"2014-05-05T08:14:15","slug":"tromba-causa-siete-muertos-en-puebla","status":"publish","type":"post","link":"https:\/\/www.diarioimagen.net\/?p=172688","title":{"rendered":"Tromba causa siete muertos en Puebla"},"content":{"rendered":"<ul>\n<li><strong><em>Elementos de Protecci\u00f3n Civil, Ej\u00e9rcito y de Urgencias M\u00e9dicas laboran en Huehuetl\u00e1n El Grande en busca de m\u00e1s v\u00edctimas<\/em><\/strong><\/li>\n<\/ul>\n<div id=\"attachment_172737\" style=\"width: 250px\" class=\"wp-caption alignleft\"><a href=\"http:\/\/www.diarioimagen.net\/wp-content\/uploads\/2014\/05\/Tromba-2347.jpg\" target=\"_blank\"><img loading=\"lazy\" decoding=\"async\" aria-describedby=\"caption-attachment-172737\" class=\"size-medium wp-image-172737\" src=\"http:\/\/www.diarioimagen.net\/wp-content\/uploads\/2014\/05\/Tromba-2347-240x160.jpg\" alt=\"Elementos del Ej\u00e9rcito colaboran en las labores de rescate y limpieza en Huhuetl\u00e1n El Grande, Puebla, donde hay por lo menos siete v\u00edctimas mortales.\" width=\"240\" height=\"160\" srcset=\"https:\/\/www.diarioimagen.net\/wp-content\/uploads\/2014\/05\/Tromba-2347-240x160.jpg 240w, https:\/\/www.diarioimagen.net\/wp-content\/uploads\/2014\/05\/Tromba-2347-420x280.jpg 420w, https:\/\/www.diarioimagen.net\/wp-content\/uploads\/2014\/05\/Tromba-2347.jpg 700w\" sizes=\"auto, (max-width: 240px) 100vw, 240px\" \/><\/a><p id=\"caption-attachment-172737\" class=\"wp-caption-text\">Elementos del Ej\u00e9rcito colaboran en las labores de rescate y limpieza en Huhuetl\u00e1n El Grande, Puebla, donde hay por lo menos siete v\u00edctimas mortales.<\/p><\/div>\n<p>Mientras en el estado de Puebla autoridades de Protecci\u00f3n Civil informan que hasta el momento suman siete los decesos ocasionados por la tormenta que cay\u00f3 la noche del mi\u00e9rcoles en Huehuetl\u00e1n El Grande, en Veracruz se reporta que las lluvias causaron un deslave en el tramo carretero Chocam\u00e1n-Fort\u00edn que afect\u00f3 a por lo menos cinco viviendas, una de ellas totalmente destruida, por lo que los habitantes de la zona fueron desalojados y no se han reportado v\u00edctimas.<\/p>\n<p>En Puebla, la cifra de muertos suma hasta el momento siete, luego de localizar a dos cuerpos en donde desemboca el r\u00edo que arrastr\u00f3 varios autom\u00f3viles.<\/p>\n<p>Durante la madrugada de ayer fueron hallados los cuerpos de dos mujeres, quienes respond\u00edan a los nombres de Araceli Salas Gonz\u00e1lez, de 30 a\u00f1os, y de Mar\u00eda del Rosario Valencia, de 24, la \u00faltima ten\u00eda 7 meses de embarazo.<\/p>\n<p>Por la ma\u00f1ana se encontraron los cuerpos de los menores Dorian Quinto Valencia, de 5 a\u00f1os, y V\u00edctor Jim\u00e9nez Salas, de 11, a dos kil\u00f3metros de distancia de la tragedia.<\/p>\n<p>Al filo del medio d\u00eda se dio con el paradero de la quinta v\u00edctima en Coatzingo, a una distancia aproximada de 17 kil\u00f3metros del primer punto, y que fue arrastrada por la corriente hasta ese lugar.<\/p>\n<p>En la misma zona fueron localizadas dos personas m\u00e1s, para una cifra de siete muertos en total, cuatro menores y tres adultos.<\/p>\n<p>Tras realizar un recorrido por la zona de desastre, junto con personal de Protecci\u00f3n Civil del estado, del Ej\u00e9rcito Mexicano y pobladores, el gobernador Rafael Moreno Valle, garantiz\u00f3 apoyo a las familias de los deudos para cubrir los gastos funerarios. Adem\u00e1s, ofreci\u00f3 respaldo a las personas que perdieron sus unidades y que se encontraban de visita en el municipio.<\/p>\n<p>La tormenta registrada la noche del mi\u00e9rcoles en la zona caus\u00f3 una venida de agua y lodo que desemboc\u00f3 en una calle de la poblaci\u00f3n y arrastr\u00f3 a por lo menos cinco veh\u00edculos.<\/p>\n<p>Ante ello elementos de Protecci\u00f3n Civil estatal, Ej\u00e9rcito Mexicano y el Sistema de Urgencias M\u00e9dicas Avanzadas mantienen desde la noche del mi\u00e9rcoles las labores de rescate y apoyo a la poblaci\u00f3n afectada.<\/p>\n<p>Desde que se conoci\u00f3 la contingencia en el lugar, el gobernador Rafael Moreno Valle instruy\u00f3 el traslado de elementos de rescate de la Direcci\u00f3n General de Protecci\u00f3n Civil (DGPC) y el Sistema de Urgencias M\u00e9dicas Avanzadas (SUMA) para que apoyaran a la poblaci\u00f3n.<\/p>\n<p style=\"text-align: center;\"><strong>Deslave afecta cinco viviendas en Veracruz<\/strong><\/p>\n<p>Mientras, en Veracruz, un deslave que se registr\u00f3 la noche del mi\u00e9rcoles afect\u00f3 al menos cinco viviendas y dej\u00f3 pr\u00e1cticamente destruida a una de ellas, confirmaron las autoridades.<\/p>\n<p>Alrededor de las 20:30 horas del mi\u00e9rcoles un deslizamiento provoc\u00f3 que el lodo invadiera totalmente una vivienda y cuatro m\u00e1s resultaran afectadas en la comunidad Calaquioco, municipio de Chocam\u00e1n, en la regi\u00f3n monta\u00f1osa central de Veracruz.<\/p>\n<p>Sus moradores lograron salir a tiempo, de acuerdo con lo reportado por la dependencia estatal.<\/p>\n<p>Durante toda la noche, los grupos de auxilio acordonaron la zona y a los habitantes de las viviendas afectadas los trasladaron a un refugio temporal.<\/p>\n<p>El Grupo Taj\u00edn, de la Secretar\u00eda de Seguridad P\u00fablica, arrib\u00f3 al sitio para iniciar las labores de limpieza tanto en la carretera como en las viviendas afectadas.<\/p>\n<p>De acuerdo con lo informado por personal de Protecci\u00f3n Civil, har\u00e1n un estudio de riesgo para conocer las condiciones del suelo y es probable que al menos una de las familias que result\u00f3 afectada por este deslizamiento ser\u00e1 reubicada.<\/p>\n","protected":false},"excerpt":{"rendered":"<p>Mientras en el estado de Puebla autoridades de Protecci\u00f3n Civil informan que hasta el momento suman siete los decesos ocasionados por la tormenta que cay\u00f3 la noche del mi\u00e9rcoles en Huehuetl\u00e1n El Grande, en Veracruz se reporta que las lluvias causaron un deslave en el tramo carretero Chocam\u00e1n-Fort\u00edn que afect\u00f3 a por lo menos cinco viviendas, una de ellas totalmente destruida, por lo que los habitantes de la zona fueron desalojados y no se han reportado v\u00edctimas.<\/p>\n","protected":false},"author":3,"featured_media":172737,"comment_status":"open","ping_status":"open","sticky":false,"template":"","format":"standard","meta":{"_monsterinsights_skip_tracking":false,"_monsterinsights_sitenote_active":false,"_monsterinsights_sitenote_note":"","_monsterinsights_sitenote_category":0,"footnotes":""},"categories":[17,3],"tags":[2135,57,46],"class_list":["post-172688","post","type-post","status-publish","format-standard","has-post-thumbnail","hentry","category-especiales","category-nacional","tag-muertos","tag-proteccion-civil","tag-puebla"],"_links":{"self":[{"href":"https:\/\/www.diarioimagen.net\/index.php?rest_route=\/wp\/v2\/posts\/172688","targetHints":{"allow":["GET"]}}],"collection":[{"href":"https:\/\/www.diarioimagen.net\/index.php?rest_route=\/wp\/v2\/posts"}],"about":[{"href":"https:\/\/www.diarioimagen.net\/index.php?rest_route=\/wp\/v2\/types\/post"}],"author":[{"embeddable":true,"href":"https:\/\/www.diarioimagen.net\/index.php?rest_route=\/wp\/v2\/users\/3"}],"replies":[{"embeddable":true,"href":"https:\/\/www.diarioimagen.net\/index.php?rest_route=%2Fwp%2Fv2%2Fcomments&post=172688"}],"version-history":[{"count":0,"href":"https:\/\/www.diarioimagen.net\/index.php?rest_route=\/wp\/v2\/posts\/172688\/revisions"}],"wp:featuredmedia":[{"embeddable":true,"href":"https:\/\/www.diarioimagen.net\/index.php?rest_route=\/wp\/v2\/media\/172737"}],"wp:attachment":[{"href":"https:\/\/www.diarioimagen.net\/index.php?rest_route=%2Fwp%2Fv2%2Fmedia&parent=172688"}],"wp:term":[{"taxonomy":"category","embeddable":true,"href":"https:\/\/www.diarioimagen.net\/index.php?rest_route=%2Fwp%2Fv2%2Fcategories&post=172688"},{"taxonomy":"post_tag","embeddable":true,"href":"https:\/\/www.diarioimagen.net\/index.php?rest_route=%2Fwp%2Fv2%2Ftags&post=172688"}],"curies":[{"name":"wp","href":"https:\/\/api.w.org\/{rel}","templated":true}]}}