{"id":172815,"date":"2014-05-05T00:05:18","date_gmt":"2014-05-05T05:05:18","guid":{"rendered":"http:\/\/www.diarioimagen.net\/?p=172815"},"modified":"2014-05-05T01:57:11","modified_gmt":"2014-05-05T06:57:11","slug":"amar-y-querer-hace-historia-en-el-teatro-blanquita","status":"publish","type":"post","link":"https:\/\/www.diarioimagen.net\/?p=172815","title":{"rendered":"\u201cAmar y querer\u201d hace historia en el Teatro Blanquita"},"content":{"rendered":"<ul>\n<li><em><strong>En cada funci\u00f3n de este musical La Catedral del Teatro de Revista revive su \u00e9poca de gloria al tener nuevamente en su majestuoso recinto a Jos\u00e9 Jos\u00e9<\/strong><\/em><\/li>\n<li><em><strong>Ver el teatro sin una butaca vac\u00eda, gente extasiada hasta las l\u00e1grimas y ovacionando al \u201cPr\u00edncipe de la Canci\u00f3n\u201d, fue vivir un momento inolvidable<\/strong><\/em><\/li>\n<\/ul>\n<h6>Gloria Carpio<\/h6>\n<p>&nbsp;<\/p>\n<div id=\"attachment_172816\" style=\"width: 250px\" class=\"wp-caption alignleft\"><img loading=\"lazy\" decoding=\"async\" aria-describedby=\"caption-attachment-172816\" class=\"wp-image-172816 size-medium\" src=\"http:\/\/www.diarioimagen.net\/wp-content\/uploads\/2014\/05\/jose-jose-PORTAL-240x135.jpg\" alt=\"Jos\u00e9 Joel y Jos\u00e9 Jos\u00e9, felices de poder hacer realidad \u201cAmar y querer\u201d.\" width=\"240\" height=\"135\" srcset=\"https:\/\/www.diarioimagen.net\/wp-content\/uploads\/2014\/05\/jose-jose-PORTAL-240x135.jpg 240w, https:\/\/www.diarioimagen.net\/wp-content\/uploads\/2014\/05\/jose-jose-PORTAL-420x236.jpg 420w, https:\/\/www.diarioimagen.net\/wp-content\/uploads\/2014\/05\/jose-jose-PORTAL-235x132.jpg 235w, https:\/\/www.diarioimagen.net\/wp-content\/uploads\/2014\/05\/jose-jose-PORTAL-202x114.jpg 202w, https:\/\/www.diarioimagen.net\/wp-content\/uploads\/2014\/05\/jose-jose-PORTAL-350x196.jpg 350w, https:\/\/www.diarioimagen.net\/wp-content\/uploads\/2014\/05\/jose-jose-PORTAL-220x123.jpg 220w, https:\/\/www.diarioimagen.net\/wp-content\/uploads\/2014\/05\/jose-jose-PORTAL-237x132.jpg 237w, https:\/\/www.diarioimagen.net\/wp-content\/uploads\/2014\/05\/jose-jose-PORTAL.jpg 480w\" sizes=\"auto, (max-width: 240px) 100vw, 240px\" \/><p id=\"caption-attachment-172816\" class=\"wp-caption-text\">Jos\u00e9 Joel y Jos\u00e9 Jos\u00e9, felices de poder hacer realidad \u201cAmar y querer\u201d. \/ <strong>Cortes\u00eda Lul\u00fa Urdapilleta<\/strong>.<\/p><\/div>\n<p>El Teatro Blanquita revivi\u00f3 su \u00e9poca de gloria al vibrar y vivir hasta las l\u00e1grimas sus legendarias noches como la del pasado viernes 2 de mayo, la cual fue hist\u00f3rica, ya que nada m\u00e1s y nada menos se presentaron con alegr\u00eda, amor, pasi\u00f3n, entrega y respeto a su p\u00fablico, en primer lugar \u201cEl Pr\u00edncipe de la Canci\u00f3n\u201d, el muy amado Jos\u00e9 Jos\u00e9, as\u00ed como Los Amantes en Concierto, grupo conformado por Manoella Torres, quien sin duda naci\u00f3 para cantar, Alejandra \u00c1valos, Laura Zapata, Gualberto Castro, Yoshio y Mario Pintor, qu\u00e9 voces, qu\u00e9 disfrute gozarlos, qu\u00e9 placer de emociones se vivieron cuando compartieron el majestuoso escenario de la Catedral del Teatro de Revista para ser parte del musical \u201cAmar y querer\u201d que con llenos totales se present\u00f3 este 2, 3 y 4 de mayo y que continuar\u00e1 el 9, 10 y 11 de este mes.<\/p>\n<p>\u201cAmar y querer\u201d es el t\u00edtulo de uno de los temas m\u00e1s exitosos de Jos\u00e9 Jos\u00e9, canci\u00f3n de la cual su hijo Jos\u00e9 Joel toma el nombre para escribirle a su padre esta pieza musical cuyo tema es el da\u00f1o irreversible que provoca el abuso del alcohol en cualquier \u00e1mbito de la sociedad.<\/p>\n<p>Jos\u00e9 Joel utiliza grandes temas de su padre en el musical \u201cAmar y querer\u201d donde se le rinde tributo a sus 51 a\u00f1os de trayectoria art\u00edstica.<\/p>\n<p>Ver el majestuoso recinto del Teatro Blanquita sin una butaca vac\u00eda (1,900 en total), gente extasiada hasta las l\u00e1grimas y ovacionando al \u201cPr\u00edncipe de la Canci\u00f3n\u201d, fue vivir un momento hist\u00f3rico.<\/p>\n<p>Previo a la tercera llamada, el p\u00fablico ya se encontraba impaciente pues la espera fue larga (una hora y media), sin embargo tuvo su recompensa al ver en el escenario a la leyenda que es Jos\u00e9 Jos\u00e9.<\/p>\n<p>Entre el p\u00fablico se encontraban Ana Elena Nore\u00f1a Grass, mejor conocida como Anel, ex esposa de Jos\u00e9 Jos\u00e9, quien lleg\u00f3 acompa\u00f1ada de su hija Marisol Sosa, quien se\u00f1al\u00f3 a los medios de comunicaci\u00f3n su deseo de ser parte de este proyecto, que encabeza su hermano Jos\u00e9 Joel: \u201cVoy a ser parte de este gran homenaje, a\u00fan no tengo la fecha en que participar\u00e9, pero sin duda voy a rendirle tributo a mi padre, porque se lo merece. Mi hermano y yo estamos platicando, s\u00e9 hacer las tres cosas, cantar, bailar y actuar\u201d.<\/p>\n<p>Tambi\u00e9n estuvieron presentes Lalo \u201cEl Mimo\u201d y su esposa, la tambi\u00e9n actriz Maricarmen de la Pe\u00f1a, el productor Eduardo Paz, Alfredo Palacios, Carlos Cuevas, Lorena Vel\u00e1zquez, as\u00ed como la \u00faltima esposa de Jos\u00e9 Jos\u00e9, Sara Salazar, el director de <strong>DIARIO IMAGEN, <\/strong>Jos\u00e9 Luis Monta\u00f1ez, la periodista Flor Rubio y su esposo Rafael Amador, entre otros.<\/p>\n<p>Fue entonces que se dio la tercera llamada y en dos pantallas se transmit\u00eda parte de la carrera de Jos\u00e9 Jos\u00e9.<\/p>\n<p>Minutos despu\u00e9s apareci\u00f3 Jos\u00e9 Jos\u00e9 del brazo de dos bailarinas, y con la sencillez y el carisma con los que se les identifica dijo, \u201cped\u00ed que me trajeran dos bellezas, porque yo nunca voy a salir del cl\u00f3set, porque yo soy antiguo\u201d, expres\u00f3 Jos\u00e9 Jos\u00e9 que luc\u00eda un smoking azul.<\/p>\n<p>\u201cA\u00fan me duele lo del accidente en que me fractur\u00e9 la mano y el hombro, vengo cansado y mi voz est\u00e1 muy cansada, pero mi coraz\u00f3n esta rebosante de alegr\u00eda, porque hoy Dios dispuso que mi hijo pudiera estrenar su proyecto que inici\u00f3 hace cuatro a\u00f1os, dedicado a celebrar mis 51 a\u00f1os de trayectoria.\u201d, indic\u00f3 el int\u00e9rprete de \u201cAlmohada\u201d.<\/p>\n<p>Al comienzo de la obra explic\u00f3 que \u201cAmar y querer\u201d son dos palabras con un significado diferente, \u201cque hoy vamos a ver a hombres y mujeres que tarde o temprano se enfrentan a la enorme diferencia que existe entre lo que es querer y amar. Estas son dos palabras que nos ense\u00f1an a crecer y a reconocer el cari\u00f1o incontrolable. Hoy cualquiera suelta un \u2018te quiero\u2019 o un \u2018te amo\u2019, sin importar los resultados. Me siento feliz de que, a mis 66 a\u00f1os de edad, Dios me permite venir hoy a este escenario como lo es el gran Teatro Blanquita\u201d.<\/p>\n<p>Como toda una estrella que es Jos\u00e9 Jos\u00e9, ofreci\u00f3 disculpas por la tardanza para dar comienzo a la segunda funci\u00f3n y dedic\u00f3 esa noche a su inmenso p\u00fablico y en especial a los medios de comunicaci\u00f3n.<\/p>\n<p>Y es como Jos\u00e9 Jos\u00e9 da la bienvenida para que comience el musical en que Jos\u00e9 Joel, Ninel Conde, Ivonne Montero, Donnatella Pelayo, Daniel Riolobos y Alejandro \u00c1vila, den vida a la historia escrita por Jos\u00e9 Joel, \u201cAmar y querer\u201d, una historia de tres parejas, que unen sus historias a trav\u00e9s de las canciones que hizo \u00e9xito Jos\u00e9 Jos\u00e9 como \u201cLinda\u201d, \u201cDe pueblo en pueblo\u201d, \u201cUna ma\u00f1ana\u201d y \u201cAmor amor\u201d, fueron los primeros en escucharse.<\/p>\n<p>El musical \u201cAmar y querer\u201d que dura cerca de 3 horas y media, con m\u00fasicos en vivo, una escenograf\u00eda virtual, se percibe que los actores gozan que el p\u00fablico cante de principio a fin las canciones que Jos\u00e9 Jos\u00e9 hiciera \u00e9xitos y que todo M\u00e9xico conoce como \u201cPreso\u201d, \u201cSi me dejas ahora\u201d, \u201cDesesperado\u201d, \u201cPayaso\u201d, \u201cGavil\u00e1n o paloma\u201d,\u00a0 \u201cAlmohada\u201d, entre muchas m\u00e1s.<\/p>\n<p>En el musical \u201cAmar y querer\u201d, la presencia de Jos\u00e9 Jos\u00e9, as\u00ed como las canciones que hizo \u00e9xito, son los grandes y verdaderos protagonistas, pues en lo personal considero que a Ivonne Montero, Ninel Conde (quien luce un bello y encantador vestuario), Donatella Pelayo, Alejandro \u00c1vila y Daniel Riolobos les falta esa fuerza vocal y ese gran sentimiento para interpretar esas canciones convertidas en himnos de amor y desamor. Asimismo considero que a la historia le falta un poco m\u00e1s de intensidad, pues las canciones que hizo \u00e9xito Jos\u00e9 Jos\u00e9 son pasionales, sin embargo la historia es amena, divertida, y tiene un gran mensaje como son las secuelas de ese gran villano llamado alcoholismo.<\/p>\n<p>El final de la obra se convierte en hist\u00f3rico al ver nuevamente la presencia de Jos\u00e9 Jos\u00e9, ahora vestido con un smoking color blanco y luces en los bordes del traje, y ver al Teatro Blanquita rendido a los pies del \u201cPr\u00edncipe de la Canci\u00f3n\u201d, llorando, tomando fotos, videos, cantando, aplaudiendo. Pero el p\u00fablico se conmovi\u00f3 cuando Jos\u00e9 Jos\u00e9 trat\u00f3 de cantar \u201cAmar y querer\u201d y a pesar que est\u00e1 muy deteriorado f\u00edsicamente, su alma, esp\u00edritu y talento siguen brillando en todo su esplendor. Su garganta est\u00e1 pr\u00e1cticamente destrozada pero eso al p\u00fablico no le importa porque no lo quiere, lo ama.<\/p>\n<p>\u201cMe han dado un regalo enorme con su presencia\u201d, agradeci\u00f3, muy conmovido Jos\u00e9 Jos\u00e9, mientras la gente lo ovacionaba de pie por m\u00e1s de cinco minutos y le lanzaban porras.<\/p>\n<p>Tras el final de la obra aparecen Los Amantes en Concierto: Gualberto Castro, Laura Zapata, Alejandra \u00c1valos, Manoella Torres, Yoshio y Mario Pintor, todos ellos m\u00e1s el elenco base de esta puesta, m\u00e1s el ensamble de cantantes y actores, y juntos cantar \u201cEl triste\u201d, himno indiscutible de Jos\u00e9 Jos\u00e9.<\/p>\n<p>Y aunque el p\u00fablico hab\u00eda disfrutado ya de 3 horas y media, no quer\u00eda que acabara esa noche m\u00e1gica.<\/p>\n<p>Es as\u00ed como el Teatro Blanquita revive su \u00e9poca de gloria con \u201cAmar y querer\u201d que seguramente permanecer\u00e1 muchas semanas m\u00e1s en cartelera. Por lo pronto regresa a la Catedral del Teatro de Revista este 9, 10 y 11 de mayo, en esta ocasi\u00f3n como invitados especiales estar\u00e1n Los Hermanos Castro.<\/p>\n<p>\u201cAmar y querer\u201d es un musical que desde su estreno hizo historia y que para todos los fans de Jos\u00e9 Jos\u00e9 y del teatro es indispensable ver.<\/p>\n<blockquote><p>Venta de boletos en taquillas del Teatro Blanquita y en Ticketmaster.<\/p><\/blockquote>\n","protected":false},"excerpt":{"rendered":"<p>El Teatro Blanquita revivi\u00f3 su \u00e9poca de gloria al vibrar y vivir hasta las l\u00e1grimas sus legendarias noches como la del pasado viernes 2 de mayo, la cual fue hist\u00f3rica, ya que nada m\u00e1s y nada menos se presentaron con alegr\u00eda, amor, pasi\u00f3n, entrega y respeto a su p\u00fablico, en primer lugar \u201cEl Pr\u00edncipe de la Canci\u00f3n\u201d, el muy amado Jos\u00e9 Jos\u00e9, as\u00ed como Los Amantes en Concierto, grupo conformado por Manoella Torres, quien sin duda naci\u00f3 para cantar, Alejandra \u00c1valos, Laura Zapata, Gualberto Castro, Yoshio y Mario Pintor, qu\u00e9 voces, qu\u00e9 disfrute gozarlos, qu\u00e9 placer de emociones se vivieron cuando compartieron el majestuoso escenario de la Catedral del Teatro de Revista para ser parte del musical \u201cAmar y querer\u201d que con llenos totales se present\u00f3 este 2, 3 y 4 de mayo y que continuar\u00e1 el 9, 10 y 11 de este mes.<\/p>\n","protected":false},"author":5,"featured_media":172816,"comment_status":"open","ping_status":"open","sticky":false,"template":"","format":"standard","meta":{"_monsterinsights_skip_tracking":false,"_monsterinsights_sitenote_active":false,"_monsterinsights_sitenote_note":"","_monsterinsights_sitenote_category":0,"footnotes":""},"categories":[12],"tags":[31070,10966,2069],"class_list":["post-172815","post","type-post","status-publish","format-standard","has-post-thumbnail","hentry","category-espectaculos","tag-amar-y-querer","tag-jose-jose","tag-teatro-blanquita"],"_links":{"self":[{"href":"https:\/\/www.diarioimagen.net\/index.php?rest_route=\/wp\/v2\/posts\/172815","targetHints":{"allow":["GET"]}}],"collection":[{"href":"https:\/\/www.diarioimagen.net\/index.php?rest_route=\/wp\/v2\/posts"}],"about":[{"href":"https:\/\/www.diarioimagen.net\/index.php?rest_route=\/wp\/v2\/types\/post"}],"author":[{"embeddable":true,"href":"https:\/\/www.diarioimagen.net\/index.php?rest_route=\/wp\/v2\/users\/5"}],"replies":[{"embeddable":true,"href":"https:\/\/www.diarioimagen.net\/index.php?rest_route=%2Fwp%2Fv2%2Fcomments&post=172815"}],"version-history":[{"count":0,"href":"https:\/\/www.diarioimagen.net\/index.php?rest_route=\/wp\/v2\/posts\/172815\/revisions"}],"wp:featuredmedia":[{"embeddable":true,"href":"https:\/\/www.diarioimagen.net\/index.php?rest_route=\/wp\/v2\/media\/172816"}],"wp:attachment":[{"href":"https:\/\/www.diarioimagen.net\/index.php?rest_route=%2Fwp%2Fv2%2Fmedia&parent=172815"}],"wp:term":[{"taxonomy":"category","embeddable":true,"href":"https:\/\/www.diarioimagen.net\/index.php?rest_route=%2Fwp%2Fv2%2Fcategories&post=172815"},{"taxonomy":"post_tag","embeddable":true,"href":"https:\/\/www.diarioimagen.net\/index.php?rest_route=%2Fwp%2Fv2%2Ftags&post=172815"}],"curies":[{"name":"wp","href":"https:\/\/api.w.org\/{rel}","templated":true}]}}