{"id":172828,"date":"2014-05-05T00:09:45","date_gmt":"2014-05-05T05:09:45","guid":{"rendered":"http:\/\/www.diarioimagen.net\/?p=172828"},"modified":"2014-05-05T02:53:30","modified_gmt":"2014-05-05T07:53:30","slug":"modernizan-la-estacion-revolucion-del-metro","status":"publish","type":"post","link":"https:\/\/www.diarioimagen.net\/?p=172828","title":{"rendered":"Modernizan la estaci\u00f3n Revoluci\u00f3n del Metro"},"content":{"rendered":"<ul>\n<li><strong><em>Los trabajos se realizan en dos etapas, la primera en el acceso norte y la segunda en el sur, afirma Joel Ortega<\/em><\/strong><\/li>\n<\/ul>\n<div id=\"attachment_172936\" style=\"width: 250px\" class=\"wp-caption alignleft\"><a href=\"http:\/\/www.diarioimagen.net\/wp-content\/uploads\/2014\/05\/METRO-2348.jpg\"><img loading=\"lazy\" decoding=\"async\" aria-describedby=\"caption-attachment-172936\" class=\"size-medium wp-image-172936\" src=\"http:\/\/www.diarioimagen.net\/wp-content\/uploads\/2014\/05\/METRO-2348-240x153.jpg\" alt=\"El director general del Servicio de Transporte Colectivo inform\u00f3 de los trabajos que se realizan en la estaci\u00f3n Revoluci\u00f3n del Metro.\" width=\"240\" height=\"153\" srcset=\"https:\/\/www.diarioimagen.net\/wp-content\/uploads\/2014\/05\/METRO-2348-240x153.jpg 240w, https:\/\/www.diarioimagen.net\/wp-content\/uploads\/2014\/05\/METRO-2348-420x268.jpg 420w, https:\/\/www.diarioimagen.net\/wp-content\/uploads\/2014\/05\/METRO-2348.jpg 500w\" sizes=\"auto, (max-width: 240px) 100vw, 240px\" \/><\/a><p id=\"caption-attachment-172936\" class=\"wp-caption-text\">El director general del Servicio de Transporte Colectivo inform\u00f3 de los trabajos que se realizan en la estaci\u00f3n Revoluci\u00f3n del Metro.<\/p><\/div>\n<p>Con una inversi\u00f3n de m\u00e1s de 73 millones de pesos, el Sistema de Transporte Colectivo (STC) Metro llevar\u00e1 a cabo, a partir de este lunes, la modernizaci\u00f3n de la estaci\u00f3n Revoluci\u00f3n correspondiente a la L\u00ednea 2, que corre de Taxque\u00f1a a Cuatro Caminos.<\/p>\n<p>En conferencia de prensa, el director general del STC Metro, Joel Ortega Cuevas, explic\u00f3 que la modernizaci\u00f3n de esa estaci\u00f3n se har\u00e1 en dos etapas; la primera de ellas en el acceso norte direcci\u00f3n Cuatro Caminos y que las actividades de la misma ya comenzaron con el confinamiento del acceso a usuarios mediante un tapeado para delimitar el \u00e1rea de trabajo.<\/p>\n<p>\u201cDentro de los compromisos del ajuste a la tarifa se dijo que se iba a trabajar de manera muy fuerte en la recuperaci\u00f3n de trenes, ya que una cuarta parte de nuestro equipo se detuvo desde hace 10 a\u00f1os y tambi\u00e9n en la compra de equipo nuevo\u201d, destac\u00f3.<\/p>\n<p>Ortega Cuevas se\u00f1al\u00f3 que una cuesti\u00f3n que no pod\u00edan soslayar es el deterioro que han tenido las instalaciones el Metro, sobre todo en las l\u00edneas fundadoras que son la 1, 2 y 3.<\/p>\n<p>Por tal motivo, el director general del Metro indic\u00f3 que se decidi\u00f3 intervenir a la estaci\u00f3n Revoluci\u00f3n, que en promedio da atenci\u00f3n diaria a 39 mil usuarios en d\u00eda laborable.<\/p>\n<p>El funcionario se\u00f1al\u00f3 que est\u00e1 proyectado que la suspensi\u00f3n del servicio en el lado norte permanezca hasta finales de agosto y en septiembre sea reabierto al p\u00fablico, y una vez que sea abierto el mismo se proceder\u00e1 a cerrar el lado sur desde septiembre hasta diciembre.<\/p>\n<p>Detall\u00f3 que en la plaza de acceso se colocar\u00e1 piso color basalto de concreto prefabricado y acabado antiderrapante y rajuela de piedra volc\u00e1nica.<\/p>\n","protected":false},"excerpt":{"rendered":"<p>Con una inversi\u00f3n de m\u00e1s de 73 millones de pesos, el Sistema de Transporte Colectivo (STC) Metro llevar\u00e1 a cabo, a partir de este lunes, la modernizaci\u00f3n de la estaci\u00f3n Revoluci\u00f3n correspondiente a la L\u00ednea 2, que corre de Taxque\u00f1a a Cuatro Caminos.<\/p>\n","protected":false},"author":3,"featured_media":172936,"comment_status":"open","ping_status":"open","sticky":false,"template":"","format":"standard","meta":{"_monsterinsights_skip_tracking":false,"_monsterinsights_sitenote_active":false,"_monsterinsights_sitenote_note":"","_monsterinsights_sitenote_category":0,"footnotes":""},"categories":[6],"tags":[204,1889],"class_list":["post-172828","post","type-post","status-publish","format-standard","has-post-thumbnail","hentry","category-cd-de-mexico","tag-ciudad-de-mexico","tag-sistema-de-transporte-colectivo"],"_links":{"self":[{"href":"https:\/\/www.diarioimagen.net\/index.php?rest_route=\/wp\/v2\/posts\/172828","targetHints":{"allow":["GET"]}}],"collection":[{"href":"https:\/\/www.diarioimagen.net\/index.php?rest_route=\/wp\/v2\/posts"}],"about":[{"href":"https:\/\/www.diarioimagen.net\/index.php?rest_route=\/wp\/v2\/types\/post"}],"author":[{"embeddable":true,"href":"https:\/\/www.diarioimagen.net\/index.php?rest_route=\/wp\/v2\/users\/3"}],"replies":[{"embeddable":true,"href":"https:\/\/www.diarioimagen.net\/index.php?rest_route=%2Fwp%2Fv2%2Fcomments&post=172828"}],"version-history":[{"count":0,"href":"https:\/\/www.diarioimagen.net\/index.php?rest_route=\/wp\/v2\/posts\/172828\/revisions"}],"wp:featuredmedia":[{"embeddable":true,"href":"https:\/\/www.diarioimagen.net\/index.php?rest_route=\/wp\/v2\/media\/172936"}],"wp:attachment":[{"href":"https:\/\/www.diarioimagen.net\/index.php?rest_route=%2Fwp%2Fv2%2Fmedia&parent=172828"}],"wp:term":[{"taxonomy":"category","embeddable":true,"href":"https:\/\/www.diarioimagen.net\/index.php?rest_route=%2Fwp%2Fv2%2Fcategories&post=172828"},{"taxonomy":"post_tag","embeddable":true,"href":"https:\/\/www.diarioimagen.net\/index.php?rest_route=%2Fwp%2Fv2%2Ftags&post=172828"}],"curies":[{"name":"wp","href":"https:\/\/api.w.org\/{rel}","templated":true}]}}