{"id":172900,"date":"2014-05-05T00:08:59","date_gmt":"2014-05-05T05:08:59","guid":{"rendered":"http:\/\/www.diarioimagen.net\/?p=172900"},"modified":"2014-05-05T03:25:42","modified_gmt":"2014-05-05T08:25:42","slug":"bomberos-trabajan-para-controlar-incendio-en-mercado-corona","status":"publish","type":"post","link":"https:\/\/www.diarioimagen.net\/?p=172900","title":{"rendered":"Bomberos trabajan para controlar incendio en Mercado Corona"},"content":{"rendered":"<ul>\n<li><strong><em>70 por ciento de la estructura presenta da\u00f1o<\/em><\/strong><\/li>\n<\/ul>\n<div id=\"attachment_172901\" style=\"width: 250px\" class=\"wp-caption alignleft\"><a href=\"http:\/\/www.diarioimagen.net\/wp-content\/uploads\/2014\/05\/incendio-mercado-corona-2348.jpg\"><img loading=\"lazy\" decoding=\"async\" aria-describedby=\"caption-attachment-172901\" class=\"size-medium wp-image-172901\" src=\"http:\/\/www.diarioimagen.net\/wp-content\/uploads\/2014\/05\/incendio-mercado-corona-2348-240x160.jpg\" alt=\"Incendio en Mercado Corona.\u00a0\u00a0La Unidad Estatal de Protecci\u00f3n Civil y Bomberos de Jalisco (UEPCBJ) inform\u00f3 que registra un intenso incendio en el interior del Mercado Corona, en la zona centro de esta ciudad.\" width=\"240\" height=\"160\" srcset=\"https:\/\/www.diarioimagen.net\/wp-content\/uploads\/2014\/05\/incendio-mercado-corona-2348-240x160.jpg 240w, https:\/\/www.diarioimagen.net\/wp-content\/uploads\/2014\/05\/incendio-mercado-corona-2348-420x280.jpg 420w, https:\/\/www.diarioimagen.net\/wp-content\/uploads\/2014\/05\/incendio-mercado-corona-2348.jpg 700w\" sizes=\"auto, (max-width: 240px) 100vw, 240px\" \/><\/a><p id=\"caption-attachment-172901\" class=\"wp-caption-text\">Incendio en Mercado Corona.\u00a0\u00a0La Unidad Estatal de Protecci\u00f3n Civil y Bomberos de Jalisco (UEPCBJ) inform\u00f3 que registra un intenso incendio en el interior del Mercado Corona, en la zona centro de esta ciudad.<\/p><\/div>\n<p><strong>Guadalajara, Jalisco.-<\/strong> Con la colaboraci\u00f3n de todas las corporaciones de la zona metropolitana, Protecci\u00f3n Civil y Bomberos de Guadalajara tratan de controlar el incendio ocurrido la noche de este domingo en el Mercado Corona, en esta ciudad.<\/p>\n<p>El gobierno municipal de Guadalajara inform\u00f3 que hasta el momento se desconocen con exactitud las causas del siniestro, el cual se report\u00f3 a las 20:45 horas y en menos de un minuto lleg\u00f3 la unidad que se encontraba en Gonz\u00e1lez Ortega e Hidalgo, pero el fuego ya se hab\u00eda propagado.<\/p>\n<p>Se\u00f1al\u00f3 que los da\u00f1os materiales no se pueden precisar hasta el momento, pero alrededor de 70 por ciento de la estructura presenta afectaciones, el techo est\u00e1 colapsado y, por el momento, no hay v\u00edctimas humanas.<\/p>\n<p>Puntualiz\u00f3 que los tanques de gas del mercado permanecen resguardados para evitar riesgos de explosi\u00f3n.<\/p>\n<p>Indic\u00f3 que en el lugar participan m\u00e1s de 300 elementos de Protecci\u00f3n Civil y Bomberos de Zapopan, Tlaquepaque, Tonal\u00e1, Tlajomulco, El Salto y Brigada 249, adem\u00e1s de la Secretar\u00eda de Seguridad Ciudadana de Guadalajara, la Fiscal\u00eda del Estado y el Ej\u00e9rcito.<\/p>\n<p>Destac\u00f3 que el per\u00edmetro cercado corresponde a las avenidas Federalismo a Alcalde y de Miguel Blanco a Angulo.<\/p>\n<p>Subray\u00f3 que la Secretar\u00eda General del Ayuntamiento y la Secretar\u00eda de Promoci\u00f3n Econ\u00f3mica de Guadalajara recibieron a los locatarios del mercado en la Presidencia Municipal y se encuentran en di\u00e1logo para determinar lo que proceda.<\/p>\n","protected":false},"excerpt":{"rendered":"<p>Con la colaboraci\u00f3n de todas las corporaciones de la zona metropolitana, Protecci\u00f3n Civil y Bomberos de Guadalajara tratan de controlar el incendio ocurrido la noche de este domingo en el Mercado Corona, en esta ciudad.<\/p>\n","protected":false},"author":1,"featured_media":172901,"comment_status":"open","ping_status":"open","sticky":false,"template":"","format":"standard","meta":{"_monsterinsights_skip_tracking":false,"_monsterinsights_sitenote_active":false,"_monsterinsights_sitenote_note":"","_monsterinsights_sitenote_category":0,"footnotes":""},"categories":[17],"tags":[43677],"class_list":["post-172900","post","type-post","status-publish","format-standard","has-post-thumbnail","hentry","category-especiales","tag-seguridad"],"_links":{"self":[{"href":"https:\/\/www.diarioimagen.net\/index.php?rest_route=\/wp\/v2\/posts\/172900","targetHints":{"allow":["GET"]}}],"collection":[{"href":"https:\/\/www.diarioimagen.net\/index.php?rest_route=\/wp\/v2\/posts"}],"about":[{"href":"https:\/\/www.diarioimagen.net\/index.php?rest_route=\/wp\/v2\/types\/post"}],"author":[{"embeddable":true,"href":"https:\/\/www.diarioimagen.net\/index.php?rest_route=\/wp\/v2\/users\/1"}],"replies":[{"embeddable":true,"href":"https:\/\/www.diarioimagen.net\/index.php?rest_route=%2Fwp%2Fv2%2Fcomments&post=172900"}],"version-history":[{"count":0,"href":"https:\/\/www.diarioimagen.net\/index.php?rest_route=\/wp\/v2\/posts\/172900\/revisions"}],"wp:featuredmedia":[{"embeddable":true,"href":"https:\/\/www.diarioimagen.net\/index.php?rest_route=\/wp\/v2\/media\/172901"}],"wp:attachment":[{"href":"https:\/\/www.diarioimagen.net\/index.php?rest_route=%2Fwp%2Fv2%2Fmedia&parent=172900"}],"wp:term":[{"taxonomy":"category","embeddable":true,"href":"https:\/\/www.diarioimagen.net\/index.php?rest_route=%2Fwp%2Fv2%2Fcategories&post=172900"},{"taxonomy":"post_tag","embeddable":true,"href":"https:\/\/www.diarioimagen.net\/index.php?rest_route=%2Fwp%2Fv2%2Ftags&post=172900"}],"curies":[{"name":"wp","href":"https:\/\/api.w.org\/{rel}","templated":true}]}}