{"id":173012,"date":"2014-05-06T00:13:45","date_gmt":"2014-05-06T05:13:45","guid":{"rendered":"http:\/\/www.diarioimagen.net\/?p=173012"},"modified":"2014-05-06T04:03:16","modified_gmt":"2014-05-06T09:03:16","slug":"confianza-generadora-de-trabajo","status":"publish","type":"post","link":"https:\/\/www.diarioimagen.net\/?p=173012","title":{"rendered":"Confianza generadora de trabajo"},"content":{"rendered":"<h2>Arco Norte<\/h2>\n<h5>Jos\u00e9 Luis Monta\u00f1ez Aguilar<\/h5>\n<p>&nbsp;<\/p>\n<div id=\"attachment_173086\" style=\"width: 250px\" class=\"wp-caption alignleft\"><a href=\"http:\/\/www.diarioimagen.net\/wp-content\/uploads\/2014\/05\/arco-2349.jpg\"><img loading=\"lazy\" decoding=\"async\" aria-describedby=\"caption-attachment-173086\" class=\"size-medium wp-image-173086\" src=\"http:\/\/www.diarioimagen.net\/wp-content\/uploads\/2014\/05\/arco-2349-240x180.jpg\" alt=\"Eruviel \u00c1vila, gobernador del Estado de M\u00e9xico, al colocar la primera piedra de la tercer planta de la empresa Hitachi en la entidad.\" width=\"240\" height=\"180\" srcset=\"https:\/\/www.diarioimagen.net\/wp-content\/uploads\/2014\/05\/arco-2349-240x180.jpg 240w, https:\/\/www.diarioimagen.net\/wp-content\/uploads\/2014\/05\/arco-2349-420x316.jpg 420w, https:\/\/www.diarioimagen.net\/wp-content\/uploads\/2014\/05\/arco-2349.jpg 700w\" sizes=\"auto, (max-width: 240px) 100vw, 240px\" \/><\/a><p id=\"caption-attachment-173086\" class=\"wp-caption-text\">Eruviel \u00c1vila, gobernador del Estado de M\u00e9xico, al colocar la primera piedra de la tercer planta de la empresa Hitachi en la entidad.<\/p><\/div>\n<p>El gobernador del Estado de M\u00e9xico, Eruviel \u00c1vila Villegas, se\u00f1al\u00f3 que gracias a la confianza de los empresarios y a la paz laboral prevaleciente en la entidad, durante el primer trimestre de 2014 se generaron alrededor de 13 mil nuevas plazas laborales para los mexiquenses, lo que representa un incremento superior al 200 por ciento con respecto al mismo periodo del a\u00f1o pasado. El mandatario destac\u00f3 que el estado contin\u00faa aprovechando sus ventajas competitivas como localizaci\u00f3n estrat\u00e9gica, ser el mercado de consumo m\u00e1s grande del pa\u00eds y pioneros en materia de mejora regulatoria, para tener m\u00e1s inversi\u00f3n y empleos para los ciudadanos. \u201cDe acuerdo a estudios formalmente hechos por el gobierno federal, el primer trimestre de este a\u00f1o, incrementamos en un 200 por ciento los empleos respecto al mismo periodo del a\u00f1o pasado. As\u00ed es que en este primer trimestre generamos, gracias a la confianza de los empresarios del Estado de M\u00e9xico, a la paz laboral que nos ayuda a mantener los sindicatos en nuestra entidad, se generaron m\u00e1s de 13 mil nuevas plazas. \u201cEsto nos dice que las cosas van caminando por buen sentido, por buen sendero aqu\u00ed en el Estado de M\u00e9xico, que esta alianza que hemos generado entre el sector productivo, los empresarios, los sindicatos, y las facilidades que venimos brindando est\u00e1n dando frutos\u201d, expres\u00f3. As\u00ed lo se\u00f1al\u00f3 Eruviel \u00c1vila, al colocar la primera piedra de la tercer planta de la empresa Hitachi en la entidad,\u00a0 ubicada en el municipio de Lerma, donde se invertir\u00e1n m\u00e1s de 77 millones de d\u00f3lares, y generar\u00e1 750 empleos directos.<\/p>\n<p><em><a href=\"mailto:montanezaguilar@gmail.com\" target=\"_blank\">montanezaguilar@gmail.com<\/a><\/em><\/p>\n","protected":false},"excerpt":{"rendered":"<p><span style=\"color: #005497;\"><strong>Jos\u00e9 Luis Monta\u00f1ez Aguilar<\/strong><\/span><br \/>\n<br \/>\nEl gobernador del Estado de M\u00e9xico, Eruviel \u00c1vila Villegas, se\u00f1al\u00f3 que gracias <\/p>\n","protected":false},"author":3,"featured_media":173086,"comment_status":"open","ping_status":"open","sticky":false,"template":"","format":"standard","meta":{"_monsterinsights_skip_tracking":false,"_monsterinsights_sitenote_active":false,"_monsterinsights_sitenote_note":"","_monsterinsights_sitenote_category":0,"footnotes":""},"categories":[5],"tags":[13284,5828,43704,43674],"class_list":["post-173012","post","type-post","status-publish","format-standard","has-post-thumbnail","hentry","category-estado-de-mexico","tag-arco-norte","tag-eruviel-avila-villegas","tag-jose-luis-montanez-aguilar","tag-opinion"],"_links":{"self":[{"href":"https:\/\/www.diarioimagen.net\/index.php?rest_route=\/wp\/v2\/posts\/173012","targetHints":{"allow":["GET"]}}],"collection":[{"href":"https:\/\/www.diarioimagen.net\/index.php?rest_route=\/wp\/v2\/posts"}],"about":[{"href":"https:\/\/www.diarioimagen.net\/index.php?rest_route=\/wp\/v2\/types\/post"}],"author":[{"embeddable":true,"href":"https:\/\/www.diarioimagen.net\/index.php?rest_route=\/wp\/v2\/users\/3"}],"replies":[{"embeddable":true,"href":"https:\/\/www.diarioimagen.net\/index.php?rest_route=%2Fwp%2Fv2%2Fcomments&post=173012"}],"version-history":[{"count":0,"href":"https:\/\/www.diarioimagen.net\/index.php?rest_route=\/wp\/v2\/posts\/173012\/revisions"}],"wp:featuredmedia":[{"embeddable":true,"href":"https:\/\/www.diarioimagen.net\/index.php?rest_route=\/wp\/v2\/media\/173086"}],"wp:attachment":[{"href":"https:\/\/www.diarioimagen.net\/index.php?rest_route=%2Fwp%2Fv2%2Fmedia&parent=173012"}],"wp:term":[{"taxonomy":"category","embeddable":true,"href":"https:\/\/www.diarioimagen.net\/index.php?rest_route=%2Fwp%2Fv2%2Fcategories&post=173012"},{"taxonomy":"post_tag","embeddable":true,"href":"https:\/\/www.diarioimagen.net\/index.php?rest_route=%2Fwp%2Fv2%2Ftags&post=173012"}],"curies":[{"name":"wp","href":"https:\/\/api.w.org\/{rel}","templated":true}]}}