{"id":173399,"date":"2014-05-08T00:08:25","date_gmt":"2014-05-08T05:08:25","guid":{"rendered":"http:\/\/www.diarioimagen.net\/?p=173399"},"modified":"2014-05-08T03:50:34","modified_gmt":"2014-05-08T08:50:34","slug":"seguridad-tarea-de-ediles-y-legisladores","status":"publish","type":"post","link":"https:\/\/www.diarioimagen.net\/?p=173399","title":{"rendered":"Seguridad, tarea de ediles y legisladores"},"content":{"rendered":"<ul>\n<li><strong><em>Aar\u00f3n Urbina Bedolla<\/em><\/strong><\/li>\n<\/ul>\n<div id=\"attachment_173442\" style=\"width: 250px\" class=\"wp-caption alignleft\"><a href=\"http:\/\/www.diarioimagen.net\/wp-content\/uploads\/2014\/05\/edomex-2351.jpg\"><img loading=\"lazy\" decoding=\"async\" aria-describedby=\"caption-attachment-173442\" class=\"size-medium wp-image-173442\" src=\"http:\/\/www.diarioimagen.net\/wp-content\/uploads\/2014\/05\/edomex-2351-240x135.jpg\" alt=\"El presidente de la Junta de Coordinaci\u00f3n Pol\u00edtica del Congreso mexiquense, Aar\u00f3n Urbina, acus\u00f3 recibo del llamado de Eruviel \u00c1vila de sumarse a las tareas de seguridad.\" width=\"240\" height=\"135\" srcset=\"https:\/\/www.diarioimagen.net\/wp-content\/uploads\/2014\/05\/edomex-2351-240x135.jpg 240w, https:\/\/www.diarioimagen.net\/wp-content\/uploads\/2014\/05\/edomex-2351-420x236.jpg 420w, https:\/\/www.diarioimagen.net\/wp-content\/uploads\/2014\/05\/edomex-2351-235x132.jpg 235w, https:\/\/www.diarioimagen.net\/wp-content\/uploads\/2014\/05\/edomex-2351-202x114.jpg 202w, https:\/\/www.diarioimagen.net\/wp-content\/uploads\/2014\/05\/edomex-2351-350x196.jpg 350w, https:\/\/www.diarioimagen.net\/wp-content\/uploads\/2014\/05\/edomex-2351-220x123.jpg 220w, https:\/\/www.diarioimagen.net\/wp-content\/uploads\/2014\/05\/edomex-2351-237x132.jpg 237w, https:\/\/www.diarioimagen.net\/wp-content\/uploads\/2014\/05\/edomex-2351.jpg 480w\" sizes=\"auto, (max-width: 240px) 100vw, 240px\" \/><\/a><p id=\"caption-attachment-173442\" class=\"wp-caption-text\">El presidente de la Junta de Coordinaci\u00f3n Pol\u00edtica del Congreso mexiquense, Aar\u00f3n Urbina, acus\u00f3 recibo del llamado de Eruviel \u00c1vila de sumarse a las tareas de seguridad.<\/p><\/div>\n<p>Al reconocer la actuaci\u00f3n del gobernador Eruviel \u00c1vila Villegas en materia de seguridad p\u00fablica y respaldar la creaci\u00f3n de la Fuerza Especial de Seguridad del Estado de M\u00e9xico, el diputado Aar\u00f3n Urbina Bedolla, presidente de la Junta de Coordinaci\u00f3n Pol\u00edtica de la LVIII Legislatura estatal, dijo que los presidentes municipales son corresponsables en el desarrollo de acciones para que la poblaci\u00f3n se sienta segura y protegida, y los diputados, de legislar para que la gente del Estado de M\u00e9xico viva mejor y m\u00e1s tranquila.<\/p>\n<p>Al encabezar el Primer Informe de Actividades Legislativas y de Gesti\u00f3n Social, as\u00ed como la entrega de recursos por parte de la diputada Martha Elvia Fern\u00e1ndez S\u00e1nchez, el tambi\u00e9n coordinador del Grupo Parlamentario del PRI agreg\u00f3 que la fuerza especial de la entidad ser\u00e1 integrada por 2 mil elementos y realizar\u00e1 labores de prevenci\u00f3n del delito, vigilancia y atenci\u00f3n a la sociedad en los municipios con mayores niveles de incidencia delictiva.<\/p>\n<p>En presencia de diputados locales y de los presidentes municipales de Cuautitl\u00e1n, Gabriel Casillas Zanatta; Teoloyucan, Juan Salvador Montoya Moya, y Melchor Ocampo, Isidro Rivas Ju\u00e1rez, as\u00ed como de la secretaria del Comit\u00e9 Directivo Estatal del PRI, Lorena Mar\u00edn Moreno, reconoci\u00f3 que la diputada Martha Elvia Fern\u00e1ndez le est\u00e1 cumpliendo a la gente en coordinaci\u00f3n con los presidentes municipales del distrito XIX que tambi\u00e9n se integra por Tultepec.<\/p>\n","protected":false},"excerpt":{"rendered":"<p>Al reconocer la actuaci\u00f3n del gobernador Eruviel \u00c1vila Villegas en materia de seguridad p\u00fablica y respaldar la creaci\u00f3n<\/p>\n","protected":false},"author":3,"featured_media":173442,"comment_status":"open","ping_status":"open","sticky":false,"template":"","format":"standard","meta":{"_monsterinsights_skip_tracking":false,"_monsterinsights_sitenote_active":false,"_monsterinsights_sitenote_note":"","_monsterinsights_sitenote_category":0,"footnotes":""},"categories":[5],"tags":[5828,43675,43677],"class_list":["post-173399","post","type-post","status-publish","format-standard","has-post-thumbnail","hentry","category-estado-de-mexico","tag-eruviel-avila-villegas","tag-estado-de-mexico","tag-seguridad"],"_links":{"self":[{"href":"https:\/\/www.diarioimagen.net\/index.php?rest_route=\/wp\/v2\/posts\/173399","targetHints":{"allow":["GET"]}}],"collection":[{"href":"https:\/\/www.diarioimagen.net\/index.php?rest_route=\/wp\/v2\/posts"}],"about":[{"href":"https:\/\/www.diarioimagen.net\/index.php?rest_route=\/wp\/v2\/types\/post"}],"author":[{"embeddable":true,"href":"https:\/\/www.diarioimagen.net\/index.php?rest_route=\/wp\/v2\/users\/3"}],"replies":[{"embeddable":true,"href":"https:\/\/www.diarioimagen.net\/index.php?rest_route=%2Fwp%2Fv2%2Fcomments&post=173399"}],"version-history":[{"count":0,"href":"https:\/\/www.diarioimagen.net\/index.php?rest_route=\/wp\/v2\/posts\/173399\/revisions"}],"wp:featuredmedia":[{"embeddable":true,"href":"https:\/\/www.diarioimagen.net\/index.php?rest_route=\/wp\/v2\/media\/173442"}],"wp:attachment":[{"href":"https:\/\/www.diarioimagen.net\/index.php?rest_route=%2Fwp%2Fv2%2Fmedia&parent=173399"}],"wp:term":[{"taxonomy":"category","embeddable":true,"href":"https:\/\/www.diarioimagen.net\/index.php?rest_route=%2Fwp%2Fv2%2Fcategories&post=173399"},{"taxonomy":"post_tag","embeddable":true,"href":"https:\/\/www.diarioimagen.net\/index.php?rest_route=%2Fwp%2Fv2%2Ftags&post=173399"}],"curies":[{"name":"wp","href":"https:\/\/api.w.org\/{rel}","templated":true}]}}