{"id":173423,"date":"2014-05-08T00:01:08","date_gmt":"2014-05-08T05:01:08","guid":{"rendered":"http:\/\/www.diarioimagen.net\/?p=173423"},"modified":"2014-05-08T03:59:12","modified_gmt":"2014-05-08T08:59:12","slug":"el-aeropuerto-benito-juarez-debio-dejar-de-operar-hace-10-anos-jose-luis-garza","status":"publish","type":"post","link":"https:\/\/www.diarioimagen.net\/?p=173423","title":{"rendered":"El aeropuerto Benito Ju\u00e1rez, debi\u00f3 dejar de operar hace 10 a\u00f1os: Jos\u00e9 Luis Garza"},"content":{"rendered":"<h2>De cinco estrellas<\/h2>\n<h5>Victoria Gonz\u00e1lez Prado<\/h5>\n<p>&nbsp;<\/p>\n<ul>\n<li><em><strong>El Aeropuerto Internacional de la Ciudad de M\u00e9xico debi\u00f3 haber dejado de operar hace 10 a\u00f1os: Jos\u00e9 Luis Garza, director general de Interjet<\/strong><\/em><\/li>\n<li><em><strong>\u201cLa gastronom\u00eda, parte fundamental de la promoci\u00f3n de Guanajuato\u201d: Fernando Olivera<\/strong><\/em><\/li>\n<li><em><strong>Entre 2010 y 2014, Aerom\u00e9xico aument\u00f3 de 66 destinos en 14 pa\u00edses a 80 en 19 naciones<\/strong><\/em><\/li>\n<li><em><strong>Miguel Torruco Marqu\u00e9s, titular de Turismo capitalino, reiter\u00f3 ante empresarios su solicitud formal para organizar la XLI edici\u00f3n del Tianguis Tur\u00edstico<\/strong><\/em><\/li>\n<\/ul>\n<div id=\"attachment_173461\" style=\"width: 250px\" class=\"wp-caption alignleft\"><a href=\"http:\/\/www.diarioimagen.net\/wp-content\/uploads\/2014\/05\/turismo-2351.jpg\"><img loading=\"lazy\" decoding=\"async\" aria-describedby=\"caption-attachment-173461\" class=\"size-medium wp-image-173461\" src=\"http:\/\/www.diarioimagen.net\/wp-content\/uploads\/2014\/05\/turismo-2351-240x135.jpg\" alt=\"Jos\u00e9 Luis Garza.\" width=\"240\" height=\"135\" srcset=\"https:\/\/www.diarioimagen.net\/wp-content\/uploads\/2014\/05\/turismo-2351-240x135.jpg 240w, https:\/\/www.diarioimagen.net\/wp-content\/uploads\/2014\/05\/turismo-2351-420x236.jpg 420w, https:\/\/www.diarioimagen.net\/wp-content\/uploads\/2014\/05\/turismo-2351-235x132.jpg 235w, https:\/\/www.diarioimagen.net\/wp-content\/uploads\/2014\/05\/turismo-2351-202x114.jpg 202w, https:\/\/www.diarioimagen.net\/wp-content\/uploads\/2014\/05\/turismo-2351-350x196.jpg 350w, https:\/\/www.diarioimagen.net\/wp-content\/uploads\/2014\/05\/turismo-2351-220x123.jpg 220w, https:\/\/www.diarioimagen.net\/wp-content\/uploads\/2014\/05\/turismo-2351-237x132.jpg 237w, https:\/\/www.diarioimagen.net\/wp-content\/uploads\/2014\/05\/turismo-2351.jpg 480w\" sizes=\"auto, (max-width: 240px) 100vw, 240px\" \/><\/a><p id=\"caption-attachment-173461\" class=\"wp-caption-text\">Jos\u00e9 Luis Garza.<\/p><\/div>\n<p><strong>Canc\u00fan-Riviera Maya, Quintana Roo<\/strong>.- \u201cEl Aeropuerto de la Ciudad de M\u00e9xico debi\u00f3 haber dejado de operar hace 10 a\u00f1os y cada a\u00f1o que pase sin tener una nuev terminal a\u00e9rea, habr\u00e1 un impacto adverso. Sabemos que se est\u00e1 trabajando en un proyecto importante, lo que ser\u00e1 positivo para el pa\u00eds\u201d, asegur\u00f3 <strong>Jos\u00e9 Luis Garza<\/strong>, director general de Interjet, en el marco del Tianguis Tur\u00edstico. Por otra parte, al ser cuestionado sobre si existe alguna reglamentaci\u00f3n o facilidades para que viajen personas con alguna discapacidad o ni\u00f1os con s\u00edndrome de Down, el directivo indic\u00f3: \u201cen primer lugar tenemos que conciliar dos temas, no hacemos ninguna diferencia; sin embargo, ni en M\u00e9xico ni en el mundo existe una reglamentaci\u00f3n para que las personas con discapacidad puedan viajar solos y no pongan en riesgo la seguridad de los pasajeros\u201d. Al referirse a los logros de la aerol\u00ednea, destac\u00f3 que en 2013 registr\u00f3 un crecimiento de 29% en el n\u00famero de mercados que opera, un incremento de 16% en el n\u00famero de pasajeros, 46 destinos nacionales y 13 internacionales, con una flota de 49 aviones, de los cu\u00e1les 42 son Airbus y siete Superjet 100 y el a\u00f1o pasado fueron transportados 8.5 millones de pasajeros; \u201cnuestro modelo de negocios es el mismo con el que iniciamos hace casi nueve a\u00f1os: Viaja m\u00e1s y mejor por menos. Nuestro servicio a\u00e9reo no tiene comparaci\u00f3n con ninguna aerol\u00ednea en el mundo. Estamos centrados en la satisfacci\u00f3n del cliente y nuestro objetivo es que m\u00e1s mexicanos puedan volar a un precio accesible, sin cargos extras y con un servicio de calidad. Contamos con descuentos para adultos mayores, flexibilidad para no perder el viaje y que puedas cambiar fecha, hora y transferir a una tercera persona; 34 pulgadas m\u00e1s de espacio entre cada asiento. La ley dice que puedes llevar 25 kilos de equipaje y con nosotros dos maletas que sumen 50 kilos sin cargo extra, tenemos la mejor flota con los mejores niveles de seguridad. No cobramos por los refrescos, agua, caf\u00e9 y licores que se dan a bordo. Somos un modelo de alta eficiencia. Tambi\u00e9n se\u00f1al\u00f3 que si sumas todo lo que te cobran en otras aerol\u00edneas al final, el precio que ofrece Interjet siempre ser\u00e1 m\u00e1s bajo. Al hablar de conectividad, <strong>Jos\u00e9 Luis Garza<\/strong> recalc\u00f3: \u201cnuestro negocio es la conectividad, pero lo que no hacemos es abrir los cielos indiscriminadamente. Estamos creciendo a dos d\u00edgitos, no entramos en guerra en materia de precios y creemos que uno de nuestros mejores diferenciadores es dar a conocer a los pasajeros lo que ofrecemos\u201d.<\/p>\n<p>\u2730\u2730\u2730\u2730\u2730 <strong>Fernando Olivera Rocha<\/strong>, secretario de Turismo de Guanajuato, asegur\u00f3 que la gastronom\u00eda es parte fundamental de la promoci\u00f3n de la entidad y al referirse a la Segunda Semana Internacional de la Gastronom\u00eda Guanajuato \u00a1S\u00ed Sabe!, destac\u00f3 que el\u00a0\u00a0 pr\u00f3ximo 2 de junio recibir\u00e1 el nombramiento de Capital Iberoamericana de la Cultura Gastron\u00f3mica 2015. Se refiri\u00f3 a que durante los cuatro d\u00edas de tianguis, se presentar\u00e1 la oferta tur\u00edstica de la entidad con la intenci\u00f3n de motivar a que los viajeros lleguen hasta los destinos guanajuatenses para disfrutar de atractivos como: Cuatro zonas arqueol\u00f3gicas abiertas al p\u00fablico, Cinco Pueblos M\u00e1gicos, dos ciudades Patrimonio de la Humanidad, m\u00e1s de mil 400 inmuebles catalogados, circuitos como el del vino y el tequila. \u201cGuanajuato es un destino con gran vocaci\u00f3n tur\u00edstica, seguro y con una inmensa oferta para recibir a todo tipo de turismo\u201d. Al referirse a los detalles de Guanajuato \u00a1S\u00ed Sabe!, indic\u00f3 que se realizar\u00e1 como parte de la Segunda Semana Internacional de la Gastronom\u00eda, del 31 al 8 de junio pr\u00f3ximo. En Irapuato se presentar\u00e1 \u201cuna dulce parada en el camino\u2026\u201d con un tour gastron\u00f3mico y el segundo Festival de la Capital Mundial de las Fresas; el Segundo Encuentro de Cocineras Tradicionales, a realizarse en el Parque Guanajuato Bicentenario; Dulces del color de los templos centenarios, con el Tercer Festival de la Cajeta, el queso y sus dulces tradicionales, concurso de platillos celayenses; Guanajuato de mis sabores, con la ruta de \u201clos frutos de nuestra tierra\u201d, el cuarto festival Andar de la Paella; Le\u00f3n con sabor en la piel; Salamanca en la cazuela; San Francisco del Rinc\u00f3n, capital mundial del sombrero; La expresi\u00f3n de lo mexicano en la ciudad m\u00e1s cosmopolita, San Miguel de Allende, Patrimonio Cultural de la Humanidad. En resumen, <strong>Olivera Rocha<\/strong> asegur\u00f3 que Celaya, Dolores Hidalgo, Guanajuato, Irapuato, Le\u00f3n, P\u00e9njamo, Salamanca, San Miguel de Allende, Silao, estar\u00e1n de fiesta con Guanajuato \u00a1S\u00ed sabe!, donde en total habr\u00e1 30 comidas, cinco concursos gastron\u00f3micos, siete muestras gastron\u00f3micas, seis festivales, 35 actividades acad\u00e9micas, 342 expositores, conciertos y una muestra cinematogr\u00e1fica. M\u00e1s informaci\u00f3n:\u00a0<a href=\"http:\/\/www.guanajuatosisabe.com\/gtosisabe\/\" target=\"_blank\">www.guanajuatosisabe.com<\/a><\/p>\n<p>\u2730\u2730\u2730\u2730\u2730 <strong>Jorge Goytortua<\/strong>, director Corporativo de Ventas, y<strong> Carlos Torres<\/strong>, subdirector de Comunicaci\u00f3n Corporativa hablaron del crecimiento de conectividad nacional e internacional y aseguraron que entre el 2010 y 2014 la aerol\u00ednea aumento de 66 destinos en 14 pa\u00edses, a 80 destinos, conectando a 19 naciones hac\u00eda y desde M\u00e9xico y m\u00e1s de mil rutas gracias a sus alianzas, periodo en el que la l\u00ednea a\u00e9rea increment\u00f3 su conectividad 10 puntos porcentuales, tendencia que esperan contin\u00fae al cierre del a\u00f1o. Por otra parte, indicaron que en el mercado de negocios incrementaron la conectividad en las tres principales ciudades de ese segmento con 17 vuelos diarios en promedio desde la ciudad de M\u00e9xico a Monterrey y Guadalajara, as\u00ed como ocho vuelos diarios promedio entre estas dos \u00faltimas. A nivel regional, la l\u00ednea a\u00e9rea ofrece c\u00f3digos compartidos con Aeromar a nueve destinos desde la ciudad de M\u00e9xico, adem\u00e1s de dos operaciones diarias en la ruta del Golfo: Monterrey-Tamaulipas-Veracruz-Villahermosa-M\u00e9rida. Tambi\u00e9n ha incrementado su oferta de asientos en sus 20 vuelos semanales a Europa -Madrid, Par\u00eds y Londres-, con la incorporaci\u00f3n del <em>Boeing 787 Dreamliner. <\/em>Adem\u00e1s incorpor\u00f3 su cuarta frecuencia a Tokio y una tercera a Shaghai para sumar un total de siete vuelos semanales. Recordaron que ya inici\u00f3 la ruta a Quito, Ecuador y en junio pr\u00f3ximo iniciar\u00e1 operaciones hacia su segundo destino en Brasil.<\/p>\n<p>\u2730\u2730\u2730\u2730\u2730 <strong>Miguel Torruco Marqu\u00e9s<\/strong>, secretario de Turismo de la capital del pa\u00eds, destac\u00f3 la solicitud formal que hizo a finales de marzo pasado a la secretaria de Turismo federal, <strong>Claudia Ruiz Massieu<\/strong>, para organizar la XLI edici\u00f3n del Tianguis Tur\u00edstico en el a\u00f1o 2016.Durante un desayuno a 48 empresas, socios estrat\u00e9gicos e invitados especiales que participan en el pabell\u00f3n de la ciudad de M\u00e9xico,\u00a0\u00a0 se\u00f1al\u00f3 que ser\u00e1 respetuoso de la convocatoria y de los tiempos que fije la dependencia federal para la elecci\u00f3n de la sede del Tianguis Tur\u00edstico del a\u00f1o 2016.Detall\u00f3 los argumentos que fundamentan su solicitud: la capital tiene la mejor conectividad del pa\u00eds; vuelos directos a tres continentes y cuatro regiones de Am\u00e9rica, en total, 40 ciudades en 21 naciones. Cuenta con 49 mil 500 cuartos en 606 hoteles; mil 500 restaurantes de calidad tur\u00edstica, 186 museos; cuatro sitios declarados por la Unesco Patrimonio de la Humanidad y numerosos atractivos.Coment\u00f3 que el inter\u00e9s de organizar el Tianguis en 2016, responde a la declaratoria de prioridad tur\u00edstica como estrategia para el desarrollo econ\u00f3mico y social de la capital del pa\u00eds, publicada en la Gaceta Oficial\u00a0\u00a0del DF tan s\u00f3lo 16\u00a0d\u00edas despu\u00e9s de haber tomado posesi\u00f3n de su cargo el jefe de gobierno, <strong>Miguel \u00c1ngel Mancera. <\/strong>Anunci\u00f3 que en breve har\u00e1 la solicitud formal a las autoridades federales\u00a0para\u00a0la aplicaci\u00f3n de la tasa cero en materia de congresos y convenciones, pues subray\u00f3\u00a0que en el DF, est\u00e1n los centros de convenciones, congresos y exposiciones m\u00e1s importantes de M\u00e9xico, Centro y Sudam\u00e9rica .En su presentaci\u00f3n, <strong>Torruco<\/strong> expuso los logros alcanzados durante el 2013, mencionando las cinco nuevas rutas de Turib\u00fas; la diversificaci\u00f3n del producto de salud; la puesta en marcha de los Programas\u00a0Sonrisas por tu Ciudad,\u00a0Disfruta Ciudad de M\u00e9xico,\u00a0Hacer Turismo es hacer vida\u2026 Con ello, dijo, se generaron por primera vez en la historia de la capital m\u00e1s de un mill\u00f3n de empleos directos e indirectos.Inform\u00f3 que al cierre del 2013, la actividad tur\u00edstica en la ciudad de M\u00e9xico alcanz\u00f3 cifras r\u00e9cord que superan a las obtenidas durante los \u00faltimos siete a\u00f1os: derrama econ\u00f3mica de 4 mil 438 millones de d\u00f3lares, 9.2% superior al 2012; 12 millones 677 mil turistas hospedados en hoteles, lo que signific\u00f3 un incremento del 3% con respecto al 2012.Para 2014, explic\u00f3, como parte de \u201cOperaci\u00f3n Toca Puertas\u201d, se particip\u00f3 en la Feria de ITB, en Alemania, y se acudir\u00e1 a Par\u00eds, Francia; Mosc\u00fa, Rusia; Sao Paulo, Brasil; Buenos Aires, Argentina; Londres, Inglaterra y Shangai, China. Adem\u00e1s, de giras de trabajo a Panam\u00e1 y Dubai, en Emiratos \u00c1rabes Unidos. Por \u00faltimo dijo que para el presente a\u00f1o, se estima el arribo de 12 millones 900 mil turistas, con una derrama econ\u00f3mica de 4 mil 606 millones de d\u00f3lares.<\/p>\n<p><i><em><a href=\"mailto:victoriagprado@gmail.com\" target=\"_blank\">victoriagprado@gmail.com<\/a><\/em><\/i><\/p>\n","protected":false},"excerpt":{"rendered":"<p>\u201cEl Aeropuerto de la Ciudad de M\u00e9xico debi\u00f3 haber dejado de operar hace 10 a\u00f1os y cada a\u00f1o que pase sin tener una nuev terminal a\u00e9rea, habr\u00e1 un impacto adverso. Sabemos que se est\u00e1 trabajando en un proyecto importante, lo que ser\u00e1 positivo para el pa\u00eds\u201d, asegur\u00f3 <strong>Jos\u00e9 Luis Garza<\/strong>, directorgeneral de Interjet, en el marco del Tianguis Tur\u00edstico. <\/p>\n","protected":false},"author":3,"featured_media":173461,"comment_status":"open","ping_status":"open","sticky":false,"template":"","format":"standard","meta":{"_monsterinsights_skip_tracking":false,"_monsterinsights_sitenote_active":false,"_monsterinsights_sitenote_note":"","_monsterinsights_sitenote_category":0,"footnotes":""},"categories":[11],"tags":[5736,107,3086,1250,43681,106],"class_list":["post-173423","post","type-post","status-publish","format-standard","has-post-thumbnail","hentry","category-turismo","tag-aeropuerto-internacional-de-la-ciudad-de-mexico","tag-de-cinco-estrellas","tag-interjet","tag-quintana-roo","tag-turismo","tag-victoria-gonzalez-prado"],"_links":{"self":[{"href":"https:\/\/www.diarioimagen.net\/index.php?rest_route=\/wp\/v2\/posts\/173423","targetHints":{"allow":["GET"]}}],"collection":[{"href":"https:\/\/www.diarioimagen.net\/index.php?rest_route=\/wp\/v2\/posts"}],"about":[{"href":"https:\/\/www.diarioimagen.net\/index.php?rest_route=\/wp\/v2\/types\/post"}],"author":[{"embeddable":true,"href":"https:\/\/www.diarioimagen.net\/index.php?rest_route=\/wp\/v2\/users\/3"}],"replies":[{"embeddable":true,"href":"https:\/\/www.diarioimagen.net\/index.php?rest_route=%2Fwp%2Fv2%2Fcomments&post=173423"}],"version-history":[{"count":0,"href":"https:\/\/www.diarioimagen.net\/index.php?rest_route=\/wp\/v2\/posts\/173423\/revisions"}],"wp:featuredmedia":[{"embeddable":true,"href":"https:\/\/www.diarioimagen.net\/index.php?rest_route=\/wp\/v2\/media\/173461"}],"wp:attachment":[{"href":"https:\/\/www.diarioimagen.net\/index.php?rest_route=%2Fwp%2Fv2%2Fmedia&parent=173423"}],"wp:term":[{"taxonomy":"category","embeddable":true,"href":"https:\/\/www.diarioimagen.net\/index.php?rest_route=%2Fwp%2Fv2%2Fcategories&post=173423"},{"taxonomy":"post_tag","embeddable":true,"href":"https:\/\/www.diarioimagen.net\/index.php?rest_route=%2Fwp%2Fv2%2Ftags&post=173423"}],"curies":[{"name":"wp","href":"https:\/\/api.w.org\/{rel}","templated":true}]}}