{"id":173502,"date":"2014-05-09T00:01:43","date_gmt":"2014-05-09T05:01:43","guid":{"rendered":"http:\/\/www.diarioimagen.net\/?p=173502"},"modified":"2014-05-12T04:09:47","modified_gmt":"2014-05-12T09:09:47","slug":"sale-del-hospital-juan-gabriel","status":"publish","type":"post","link":"https:\/\/www.diarioimagen.net\/?p=173502","title":{"rendered":"Sale del hospital Juan Gabriel"},"content":{"rendered":"<ul>\n<li><strong><em>\u00a0Tras el rumor de que hab\u00eda muerto, <\/em>El Divo de Ju\u00e1rez, <em>fue dado de alta<\/em><\/strong><\/li>\n<\/ul>\n<div id=\"attachment_173503\" style=\"width: 250px\" class=\"wp-caption alignleft\"><img loading=\"lazy\" decoding=\"async\" aria-describedby=\"caption-attachment-173503\" class=\"size-medium wp-image-173503\" src=\"http:\/\/www.diarioimagen.net\/wp-content\/uploads\/2014\/05\/juan-gabriel-PORTAL1-240x135.jpg\" alt=\"El representante de Juan Gabriel, informa que el cantante no tiene problemas cardiacos,  ni de c\u00e1ncer, diabetes, presi\u00f3n arterial, ni ha sido sometido a ninguna cirug\u00eda tal como mencionar\u00e1n medios poco confiables. \" width=\"240\" height=\"135\" srcset=\"https:\/\/www.diarioimagen.net\/wp-content\/uploads\/2014\/05\/juan-gabriel-PORTAL1-240x135.jpg 240w, https:\/\/www.diarioimagen.net\/wp-content\/uploads\/2014\/05\/juan-gabriel-PORTAL1-420x236.jpg 420w, https:\/\/www.diarioimagen.net\/wp-content\/uploads\/2014\/05\/juan-gabriel-PORTAL1-235x132.jpg 235w, https:\/\/www.diarioimagen.net\/wp-content\/uploads\/2014\/05\/juan-gabriel-PORTAL1-202x114.jpg 202w, https:\/\/www.diarioimagen.net\/wp-content\/uploads\/2014\/05\/juan-gabriel-PORTAL1-350x196.jpg 350w, https:\/\/www.diarioimagen.net\/wp-content\/uploads\/2014\/05\/juan-gabriel-PORTAL1-220x123.jpg 220w, https:\/\/www.diarioimagen.net\/wp-content\/uploads\/2014\/05\/juan-gabriel-PORTAL1-237x132.jpg 237w, https:\/\/www.diarioimagen.net\/wp-content\/uploads\/2014\/05\/juan-gabriel-PORTAL1.jpg 480w\" sizes=\"auto, (max-width: 240px) 100vw, 240px\" \/><p id=\"caption-attachment-173503\" class=\"wp-caption-text\">El representante de Juan Gabriel, informa que el cantante no tiene problemas cardiacos, ni de c\u00e1ncer, diabetes, presi\u00f3n arterial, ni ha sido sometido a ninguna cirug\u00eda tal como mencionar\u00e1n medios poco confiables.<\/p><\/div>\n<p>Luego de que diferentes sitios de Internet informaran que el cantante Juan Gabriel hab\u00eda fallecido, la noche del 7 de mayo, Jes\u00fas Salas, el representante del cantante Juan Gabriel, inform\u00f3 que la estrella mexicana fue dado de alta y se encuentra en buen estado de salud.<\/p>\n<p>El <em>Divo de Ju\u00e1rez<\/em> fue dado de alta el jueves 8 de mayo a las 9 de la ma\u00f1ana, se encuentra en buen estado de salud y est\u00e1 comenzando su etapa de reposo en su residencia en Estados Unidos.<\/p>\n<p>Asimismo afirm\u00f3 que el artista no tiene problemas cardiacos,\u00a0 ni de c\u00e1ncer, diabetes, presi\u00f3n arterial, ni ha sido sometido a ninguna cirug\u00eda tal como mencionar\u00e1n medios poco confiables.<br \/>\nDe igual manera el artista se encuentra de buen \u00e1nimo y con toda la motivaci\u00f3n para recuperarse.<\/p>\n","protected":false},"excerpt":{"rendered":"<p>Luego de que diferentes sitios de Internet informaran que el cantante Juan Gabriel hab\u00eda fallecido, la noche del 7 de mayo, Jes\u00fas Salas, el representante del cantante Juan Gabriel, inform\u00f3 que la estrella mexicana fue dado de alta y se encuentra en buen estado de salud. El \u00abDivo de Ju\u00e1rez\u00bb fue dado de alta el jueves 8 de mayo a las 9 de la ma\u00f1ana, se encuentra en buen estado de salud y est\u00e1 comenzando su etapa de reposo en su residencia en Estados Unidos.<\/p>\n","protected":false},"author":5,"featured_media":173503,"comment_status":"open","ping_status":"open","sticky":false,"template":"","format":"standard","meta":{"_monsterinsights_skip_tracking":false,"_monsterinsights_sitenote_active":false,"_monsterinsights_sitenote_note":"","_monsterinsights_sitenote_category":0,"footnotes":""},"categories":[17,12],"tags":[15091,43682,4568],"class_list":["post-173502","post","type-post","status-publish","format-standard","has-post-thumbnail","hentry","category-especiales","category-espectaculos","tag-divo-de-juarez","tag-espectaculos","tag-juan-gabriel"],"_links":{"self":[{"href":"https:\/\/www.diarioimagen.net\/index.php?rest_route=\/wp\/v2\/posts\/173502","targetHints":{"allow":["GET"]}}],"collection":[{"href":"https:\/\/www.diarioimagen.net\/index.php?rest_route=\/wp\/v2\/posts"}],"about":[{"href":"https:\/\/www.diarioimagen.net\/index.php?rest_route=\/wp\/v2\/types\/post"}],"author":[{"embeddable":true,"href":"https:\/\/www.diarioimagen.net\/index.php?rest_route=\/wp\/v2\/users\/5"}],"replies":[{"embeddable":true,"href":"https:\/\/www.diarioimagen.net\/index.php?rest_route=%2Fwp%2Fv2%2Fcomments&post=173502"}],"version-history":[{"count":0,"href":"https:\/\/www.diarioimagen.net\/index.php?rest_route=\/wp\/v2\/posts\/173502\/revisions"}],"wp:featuredmedia":[{"embeddable":true,"href":"https:\/\/www.diarioimagen.net\/index.php?rest_route=\/wp\/v2\/media\/173503"}],"wp:attachment":[{"href":"https:\/\/www.diarioimagen.net\/index.php?rest_route=%2Fwp%2Fv2%2Fmedia&parent=173502"}],"wp:term":[{"taxonomy":"category","embeddable":true,"href":"https:\/\/www.diarioimagen.net\/index.php?rest_route=%2Fwp%2Fv2%2Fcategories&post=173502"},{"taxonomy":"post_tag","embeddable":true,"href":"https:\/\/www.diarioimagen.net\/index.php?rest_route=%2Fwp%2Fv2%2Ftags&post=173502"}],"curies":[{"name":"wp","href":"https:\/\/api.w.org\/{rel}","templated":true}]}}