{"id":173507,"date":"2014-05-09T00:06:30","date_gmt":"2014-05-09T05:06:30","guid":{"rendered":"http:\/\/www.diarioimagen.net\/?p=173507"},"modified":"2014-05-12T04:10:15","modified_gmt":"2014-05-12T09:10:15","slug":"eruviel-avila-exhorta-a-prevenir-que-ninos-padezcan-poliomielitis","status":"publish","type":"post","link":"https:\/\/www.diarioimagen.net\/?p=173507","title":{"rendered":"Eruviel \u00c1vila exhorta a prevenir que ni\u00f1os padezcan poliomielitis"},"content":{"rendered":"<ul>\n<li><strong><em>Puso en marcha el Sistema de Urgencias Especializadas del Estado de M\u00e9xico que atender\u00e1 percances en cualquier regi\u00f3n de la entidad<\/em><\/strong><\/li>\n<\/ul>\n<div id=\"attachment_173582\" style=\"width: 250px\" class=\"wp-caption alignleft\"><a href=\"http:\/\/www.diarioimagen.net\/wp-content\/uploads\/2014\/05\/eruviel-2352.jpg\"><img loading=\"lazy\" decoding=\"async\" aria-describedby=\"caption-attachment-173582\" class=\"size-medium wp-image-173582\" src=\"http:\/\/www.diarioimagen.net\/wp-content\/uploads\/2014\/05\/eruviel-2352-240x159.jpg\" alt=\"Luego de inaugurar el Centro de Salud La Ca\u00f1ada, y poner en operaci\u00f3n el Sistema de Urgencias Especializadas del Estado de M\u00e9xico, el gobernador Eruviel \u00c1vila Villegas invit\u00f3 a la poblaci\u00f3n a acudir a los m\u00f3dulos que se instalar\u00e1n en la entidad durante la Semana Nacional de Vacunaci\u00f3n, para aplicar a los ni\u00f1os mexiquenses la vacuna contra la poliomielitis.\" width=\"240\" height=\"159\" srcset=\"https:\/\/www.diarioimagen.net\/wp-content\/uploads\/2014\/05\/eruviel-2352-240x159.jpg 240w, https:\/\/www.diarioimagen.net\/wp-content\/uploads\/2014\/05\/eruviel-2352-420x279.jpg 420w, https:\/\/www.diarioimagen.net\/wp-content\/uploads\/2014\/05\/eruviel-2352.jpg 700w\" sizes=\"auto, (max-width: 240px) 100vw, 240px\" \/><\/a><p id=\"caption-attachment-173582\" class=\"wp-caption-text\">Luego de inaugurar el Centro de Salud La Ca\u00f1ada, y poner en operaci\u00f3n el Sistema de Urgencias Especializadas del Estado de M\u00e9xico, el gobernador Eruviel \u00c1vila Villegas invit\u00f3 a la poblaci\u00f3n a acudir a los m\u00f3dulos que se instalar\u00e1n en la entidad durante la Semana Nacional de Vacunaci\u00f3n, para aplicar a los ni\u00f1os mexiquenses la vacuna contra la poliomielitis.<\/p><\/div>\n<p><strong>Atizap\u00e1n de Zaragoza, Estado de M\u00e9xico<\/strong>.- Al inaugurar el Centro de Salud La Ca\u00f1ada en este municipio, el gobernador Eruviel \u00c1vila Villegas invit\u00f3 a los mexiquenses a acudir a los m\u00f3dulos que se instalar\u00e1n en el territorio mexiquense durante la Semana Nacional de Vacunaci\u00f3n, que se desarrollar\u00e1 del 24 al 30 de mayo, para que se aplique a los m\u00e1s peque\u00f1os la vacuna contra la poliomielitis, con el objetivo de continuar siendo preventivos ante esta enfermedad que no registra casos en M\u00e9xico desde 1990, como resultado de que el 95 por ciento de la poblaci\u00f3n total ya recibi\u00f3 la dosis correspondiente.<\/p>\n<p>\u201cM\u00e1s del 95 por ciento de la poblaci\u00f3n esta vacunada contra esta enfermedad, no nos podemos confiar desde luego, desde 1990 no tenemos ning\u00fan caso de polio en M\u00e9xico, es un logro muy importante, a\u00fan as\u00ed he instruido al secretario de Salud del estado, a la titular del Instituto de Salud de la entidad, en coordinaci\u00f3n con el sector salud federal, fortalecer la vigilancia epidemiol\u00f3gica para estar atentos en este tema\u201d, expres\u00f3.<\/p>\n<p>Ante la emergencia sanitaria decretada a nivel mundial por el incremento de esta enfermedad en los \u00faltimos 6 meses en 10 pa\u00edses de \u00c1frica y Asia, Eruviel \u00c1vila inform\u00f3 que instruy\u00f3 a C\u00e9sar Nomar G\u00f3mez Monge y Elizabeth D\u00e1vila Ch\u00e1vez, secretario de Salud y directora general del Instituto de Salud del Estado de M\u00e9xico (ISEM), respectivamente, para que en coordinaci\u00f3n con el gobierno de la Rep\u00fablica, se fortalezca en la entidad la vigilancia epidemiol\u00f3gica para evitar casos de contagio por este padecimiento.<\/p>\n<p>En este acto, el gobernador puso en marcha el Sistema de Urgencias Especializadas del Estado de M\u00e9xico, integrado por ginec\u00f3logos, pediatras, cirujano general, m\u00e9dico internista y trasfusional, anestesi\u00f3logo, t\u00e9cnico laboratorista, enfermera y conductor param\u00e9dico del ISEM, el Servicio de Urgencias de la entidad (SUEM) y de la Unidad de Rescate A\u00e9reo Rel\u00e1mpagos, los cuales apoyados del software SICS, atender\u00e1n emergencias en cualquier regi\u00f3n de la entidad sin importar hora y d\u00eda, teniendo como base los hospitales de Naucalpan, Adolfo L\u00f3pez Mateos de Toluca y Las Am\u00e9ricas de Ecatepec.<\/p>\n<p>Se\u00f1al\u00f3 que la administraci\u00f3n estatal trabaja para otorgar servicios de salud dignos, a trav\u00e9s del equipamiento y mejoramiento de las instalaciones de los centros de salud o de los nosocomios existentes, as\u00ed como la construcci\u00f3n de m\u00e1s infraestructura como la Cl\u00ednica Geri\u00e1trica que se edificar\u00e1 en la zona norte de este municipio, el Hospital General de Tlalnepantla y el Hospital Oncol\u00f3gico, en Ecatepec.<\/p>\n<p>El nuevo Centro de Salud de La Ca\u00f1ada atender\u00e1 a 4 mil personas de esta regi\u00f3n, con una inversi\u00f3n de casi 9 millones de pesos, a trav\u00e9s de un consultorio de medicina general y otro de preventiva, odontolog\u00eda, \u00e1rea de estimulaci\u00f3n temprana, m\u00f3dulo de afiliaci\u00f3n al seguro popular, un programa de desarrollo neurol\u00f3gico y una amplia gama de medicamentos.<\/p>\n<p>&nbsp;<\/p>\n","protected":false},"excerpt":{"rendered":"<p>Al inaugurar el Centro de Salud La Ca\u00f1ada en este municipio, el gobernador Eruviel \u00c1vila Villegas invit\u00f3 a los mexiquenses a acudir a los m\u00f3dulos que se instalar\u00e1n en el territorio mexiquense durante la Semana Nacional de Vacunaci\u00f3n, que se desarrollar\u00e1 del 24 al 30 de mayo, para que se aplique a los m\u00e1s peque\u00f1os la vacuna contra la poliomielitis, con el objetivo de continuar siendo preventivos ante esta enfermedad que no registra casos en M\u00e9xico desde 1990, como resultado de que el 95 por ciento de la poblaci\u00f3n total ya recibi\u00f3 la dosis correspondiente.<\/p>\n","protected":false},"author":3,"featured_media":173582,"comment_status":"open","ping_status":"open","sticky":false,"template":"","format":"standard","meta":{"_monsterinsights_skip_tracking":false,"_monsterinsights_sitenote_active":false,"_monsterinsights_sitenote_note":"","_monsterinsights_sitenote_category":0,"footnotes":""},"categories":[17,5],"tags":[3561,5828,43675],"class_list":["post-173507","post","type-post","status-publish","format-standard","has-post-thumbnail","hentry","category-especiales","category-estado-de-mexico","tag-atizapan-de-zaragoza","tag-eruviel-avila-villegas","tag-estado-de-mexico"],"_links":{"self":[{"href":"https:\/\/www.diarioimagen.net\/index.php?rest_route=\/wp\/v2\/posts\/173507","targetHints":{"allow":["GET"]}}],"collection":[{"href":"https:\/\/www.diarioimagen.net\/index.php?rest_route=\/wp\/v2\/posts"}],"about":[{"href":"https:\/\/www.diarioimagen.net\/index.php?rest_route=\/wp\/v2\/types\/post"}],"author":[{"embeddable":true,"href":"https:\/\/www.diarioimagen.net\/index.php?rest_route=\/wp\/v2\/users\/3"}],"replies":[{"embeddable":true,"href":"https:\/\/www.diarioimagen.net\/index.php?rest_route=%2Fwp%2Fv2%2Fcomments&post=173507"}],"version-history":[{"count":0,"href":"https:\/\/www.diarioimagen.net\/index.php?rest_route=\/wp\/v2\/posts\/173507\/revisions"}],"wp:featuredmedia":[{"embeddable":true,"href":"https:\/\/www.diarioimagen.net\/index.php?rest_route=\/wp\/v2\/media\/173582"}],"wp:attachment":[{"href":"https:\/\/www.diarioimagen.net\/index.php?rest_route=%2Fwp%2Fv2%2Fmedia&parent=173507"}],"wp:term":[{"taxonomy":"category","embeddable":true,"href":"https:\/\/www.diarioimagen.net\/index.php?rest_route=%2Fwp%2Fv2%2Fcategories&post=173507"},{"taxonomy":"post_tag","embeddable":true,"href":"https:\/\/www.diarioimagen.net\/index.php?rest_route=%2Fwp%2Fv2%2Ftags&post=173507"}],"curies":[{"name":"wp","href":"https:\/\/api.w.org\/{rel}","templated":true}]}}