{"id":173525,"date":"2014-05-09T00:02:00","date_gmt":"2014-05-09T05:02:00","guid":{"rendered":"http:\/\/www.diarioimagen.net\/?p=173525"},"modified":"2014-05-12T04:09:53","modified_gmt":"2014-05-12T09:09:53","slug":"mancera-anuncia-nuevo-atlas-de-riesgo-para-df","status":"publish","type":"post","link":"https:\/\/www.diarioimagen.net\/?p=173525","title":{"rendered":"Mancera anuncia nuevo Atlas de Riesgo para DF"},"content":{"rendered":"<ul>\n<li><strong><em>El mandatario se\u00f1ala que es un proyecto s\u00f3lido que se ha comentado con las \u00e1reas de Protecci\u00f3n Civil del gobierno federal<\/em><\/strong><\/li>\n<\/ul>\n<div id=\"attachment_173595\" style=\"width: 250px\" class=\"wp-caption alignleft\"><a href=\"http:\/\/www.diarioimagen.net\/wp-content\/uploads\/2014\/05\/MANCERA-2352.jpg\"><img loading=\"lazy\" decoding=\"async\" aria-describedby=\"caption-attachment-173595\" class=\"size-medium wp-image-173595\" src=\"http:\/\/www.diarioimagen.net\/wp-content\/uploads\/2014\/05\/MANCERA-2352-240x135.jpg\" alt=\"El jefe del gobierno capitalino,\u00a0Miguel \u00c1ngel Mancera, dijo que ya se prepara un nuevo Atlas de Riesgo para el Distrito Federal.\" width=\"240\" height=\"135\" srcset=\"https:\/\/www.diarioimagen.net\/wp-content\/uploads\/2014\/05\/MANCERA-2352-240x135.jpg 240w, https:\/\/www.diarioimagen.net\/wp-content\/uploads\/2014\/05\/MANCERA-2352-420x236.jpg 420w, https:\/\/www.diarioimagen.net\/wp-content\/uploads\/2014\/05\/MANCERA-2352-235x132.jpg 235w, https:\/\/www.diarioimagen.net\/wp-content\/uploads\/2014\/05\/MANCERA-2352-202x114.jpg 202w, https:\/\/www.diarioimagen.net\/wp-content\/uploads\/2014\/05\/MANCERA-2352-350x196.jpg 350w, https:\/\/www.diarioimagen.net\/wp-content\/uploads\/2014\/05\/MANCERA-2352-220x123.jpg 220w, https:\/\/www.diarioimagen.net\/wp-content\/uploads\/2014\/05\/MANCERA-2352-237x132.jpg 237w, https:\/\/www.diarioimagen.net\/wp-content\/uploads\/2014\/05\/MANCERA-2352.jpg 480w\" sizes=\"auto, (max-width: 240px) 100vw, 240px\" \/><\/a><p id=\"caption-attachment-173595\" class=\"wp-caption-text\">El jefe del gobierno capitalino,\u00a0Miguel \u00c1ngel Mancera, dijo que ya se prepara un nuevo Atlas de Riesgo para el Distrito Federal.<\/p><\/div>\n<p>Miguel \u00c1ngel Mancera, jefe del gobierno del Distrito Federal, anunci\u00f3 que las autoridades de la capital preparan un nuevo Atlas de Riesgo que contar\u00e1 con informaci\u00f3n s\u00edsmica.<\/p>\n<p>\u201cLa Secretar\u00eda de Protecci\u00f3n Civil de esta Capital est\u00e1 trabajando en un Atlas de Riesgo. Un Atlas de Riesgo que va a ser muy s\u00f3lido, es un proyecto importante que tambi\u00e9n se ha comentado con las \u00e1reas de Protecci\u00f3n Civil de la Federaci\u00f3n\u201d, dijo en conferencia de prensa.<\/p>\n<p>\u201cSabemos que la pr\u00f3xima semana habr\u00e1 una reuni\u00f3n, precisamente de este tema de Protecci\u00f3n Civil, en el estado de Guerrero. Estaremos ah\u00ed porque la ciudad de M\u00e9xico, obviamente, es una zona prioritaria de atender este asunto\u201d, dijo.<\/p>\n<p>El mandatario report\u00f3 saldo blanco tras el sismo de 6.4 grados ocurrido ayer, el cual s\u00f3lo provoc\u00f3 la ca\u00edda de una barda y crisis nerviosas en algunos capitalinos.<\/p>\n<p>Asegur\u00f3 que durante el sobrevuelo que hizo comprob\u00f3 que en edificios p\u00fablicos y privados, as\u00ed como en escuelas, las personas se concentraron en zonas de seguridad, lo que muestra la cultura de prevenci\u00f3n que existe en la ciudad.<\/p>\n<p>Mancera asever\u00f3 que todos los edificios reportados por haber sufrido agrietamientos ser\u00e1n revisados por personal calificado.<\/p>\n<p>\u201cTenemos, ahora, reportes de algunas grietas que en una primera impresi\u00f3n de los ingenieros pueden ser debido a fachadas o solamente la parte de yeso. Tuvimos tambi\u00e9n falla el\u00e9ctrica en algunas delegaciones, se est\u00e1 recuperando\u201d, se\u00f1al\u00f3.<\/p>\n<p>El suministro el\u00e9ctrico sufri\u00f3 algunos cortes en diversas zonas de la capital, agreg\u00f3, lo que afect\u00f3 al sistema de sem\u00e1foros en colonias como Roma, Ju\u00e1rez y Morelos y una parte de Coyoac\u00e1n.<\/p>\n<p>Mancera explic\u00f3 que sobrevol\u00f3 la ciudad, porque ten\u00edan a uno de los helic\u00f3pteros C\u00f3ndor cerca de la zona de la delegaci\u00f3n Benito Ju\u00e1rez, donde estaba en un acto p\u00fablico en el momento del sismo.<\/p>\n<p>El gobernante coment\u00f3 que el protocolo dicta que ante un sismo de 7.2\u00ba, con da\u00f1os materiales mayores y personas lesionadas.<\/p>\n","protected":false},"excerpt":{"rendered":"<p>Miguel \u00c1ngel Mancera, jefe del gobierno del Distrito Federal, anunci\u00f3 que las autoridades de la capital preparan un nuevo Atlas de Riesgo que contar\u00e1 con informaci\u00f3n s\u00edsmica. \u201cLa Secretar\u00eda de Protecci\u00f3n Civil de esta Capital est\u00e1 trabajando en un Atlas de Riesgo. Un Atlas de Riesgo que va a ser muy s\u00f3lido, es un proyecto importante que tambi\u00e9n se ha comentado con las \u00e1reas de Protecci\u00f3n Civil de la Federaci\u00f3n\u201d, dijo en conferencia de prensa.<\/p>\n","protected":false},"author":3,"featured_media":173595,"comment_status":"open","ping_status":"open","sticky":false,"template":"","format":"standard","meta":{"_monsterinsights_skip_tracking":false,"_monsterinsights_sitenote_active":false,"_monsterinsights_sitenote_note":"","_monsterinsights_sitenote_category":0,"footnotes":""},"categories":[17,6],"tags":[204,5314],"class_list":["post-173525","post","type-post","status-publish","format-standard","has-post-thumbnail","hentry","category-especiales","category-cd-de-mexico","tag-ciudad-de-mexico","tag-miguel-angel-mancera-espinosa"],"_links":{"self":[{"href":"https:\/\/www.diarioimagen.net\/index.php?rest_route=\/wp\/v2\/posts\/173525","targetHints":{"allow":["GET"]}}],"collection":[{"href":"https:\/\/www.diarioimagen.net\/index.php?rest_route=\/wp\/v2\/posts"}],"about":[{"href":"https:\/\/www.diarioimagen.net\/index.php?rest_route=\/wp\/v2\/types\/post"}],"author":[{"embeddable":true,"href":"https:\/\/www.diarioimagen.net\/index.php?rest_route=\/wp\/v2\/users\/3"}],"replies":[{"embeddable":true,"href":"https:\/\/www.diarioimagen.net\/index.php?rest_route=%2Fwp%2Fv2%2Fcomments&post=173525"}],"version-history":[{"count":0,"href":"https:\/\/www.diarioimagen.net\/index.php?rest_route=\/wp\/v2\/posts\/173525\/revisions"}],"wp:featuredmedia":[{"embeddable":true,"href":"https:\/\/www.diarioimagen.net\/index.php?rest_route=\/wp\/v2\/media\/173595"}],"wp:attachment":[{"href":"https:\/\/www.diarioimagen.net\/index.php?rest_route=%2Fwp%2Fv2%2Fmedia&parent=173525"}],"wp:term":[{"taxonomy":"category","embeddable":true,"href":"https:\/\/www.diarioimagen.net\/index.php?rest_route=%2Fwp%2Fv2%2Fcategories&post=173525"},{"taxonomy":"post_tag","embeddable":true,"href":"https:\/\/www.diarioimagen.net\/index.php?rest_route=%2Fwp%2Fv2%2Ftags&post=173525"}],"curies":[{"name":"wp","href":"https:\/\/api.w.org\/{rel}","templated":true}]}}