{"id":173560,"date":"2014-05-09T00:04:00","date_gmt":"2014-05-09T05:04:00","guid":{"rendered":"http:\/\/www.diarioimagen.net\/?p=173560"},"modified":"2014-05-09T04:31:56","modified_gmt":"2014-05-09T09:31:56","slug":"chocan-3-vehiculos-en-la-mexico-puebla","status":"publish","type":"post","link":"https:\/\/www.diarioimagen.net\/?p=173560","title":{"rendered":"Chocan 3 veh\u00edculos en la M\u00e9xico-Puebla"},"content":{"rendered":"<ul>\n<li><strong><em>Deja un muerto y dos lesionados<\/em><\/strong><\/li>\n<\/ul>\n<div id=\"attachment_173614\" style=\"width: 250px\" class=\"wp-caption alignleft\"><a href=\"http:\/\/www.diarioimagen.net\/wp-content\/uploads\/2014\/05\/seguridad-2352.jpg\"><img loading=\"lazy\" decoding=\"async\" aria-describedby=\"caption-attachment-173614\" class=\"size-medium wp-image-173614\" src=\"http:\/\/www.diarioimagen.net\/wp-content\/uploads\/2014\/05\/seguridad-2352-240x180.jpg\" alt=\"Saldo de un muerto y dos lesionados dej\u00f3 el choque entre tres veh\u00edculos sobre la autopista M\u00e9xico-Puebla.\" width=\"240\" height=\"180\" srcset=\"https:\/\/www.diarioimagen.net\/wp-content\/uploads\/2014\/05\/seguridad-2352-240x180.jpg 240w, https:\/\/www.diarioimagen.net\/wp-content\/uploads\/2014\/05\/seguridad-2352-420x315.jpg 420w, https:\/\/www.diarioimagen.net\/wp-content\/uploads\/2014\/05\/seguridad-2352.jpg 700w\" sizes=\"auto, (max-width: 240px) 100vw, 240px\" \/><\/a><p id=\"caption-attachment-173614\" class=\"wp-caption-text\">Saldo de un muerto y dos lesionados dej\u00f3 el choque entre tres veh\u00edculos sobre la autopista M\u00e9xico-Puebla.<\/p><\/div>\n<p><strong>Ixtapaluca, Estado de M\u00e9xico<\/strong>.- El choque de tres veh\u00edculos contra una camioneta de carga, que se encontraba parada en el carril de baja velocidad en la autopista M\u00e9xico-Puebla, dej\u00f3 un saldo de un muerto y dos heridos.<\/p>\n<p>Una camioneta de carga, de 3.5 toneladas, se encontraba parada y sin se\u00f1alamientos en el carril de baja velocidad en el kil\u00f3metro 24 de la autopista, lo que provoc\u00f3 que una vagoneta se impactara con \u00e9sta y cerrara el paso a dos veh\u00edculos.<\/p>\n<p>Dos veh\u00edculos m\u00e1s se impactaron contra la parte trasera de la camioneta de carga parada. Primero un autom\u00f3vil tipo Cavalier, lo que provoc\u00f3 la muerte del copiloto, y un veh\u00edculo tipo Ford K en el que viajaban dos personas, quienes quedaron prensados y gravemente heridos.<\/p>\n<p>Los conductores de la camioneta de carga, la vagoneta y el Cavalier huyeron del lugar de los hechos.<\/p>\n<p>Al lugar del accidente llegaron ambulancias de la Capufe para rescatar a las dos personas heridas, las cuales fueron trasladadas de inmediato a un hospital cercano. Elementos de la Polic\u00eda Federal llegaron al kil\u00f3metro 24 de la autopista M\u00e9xico- Puebla para acordonar el lugar y cerrar los carriles en que ocurri\u00f3 el percance.<\/p>\n","protected":false},"excerpt":{"rendered":"<p>Deja un muerto y dos lesionados Ixtapaluca, Estado de M\u00e9xico.- El choque de tres veh\u00edculos contra una camioneta de carga, que se encontraba parada en el carril de baja velocidad en la autopista M\u00e9xico-Puebla, dej\u00f3 un saldo de un muerto y dos heridos. Una camioneta de carga, de 3.5 toneladas, se encontraba parada y sin [&hellip;]<\/p>\n","protected":false},"author":3,"featured_media":173614,"comment_status":"open","ping_status":"open","sticky":false,"template":"","format":"standard","meta":{"_monsterinsights_skip_tracking":false,"_monsterinsights_sitenote_active":false,"_monsterinsights_sitenote_note":"","_monsterinsights_sitenote_category":0,"footnotes":""},"categories":[7],"tags":[688,43675,447,2367],"class_list":["post-173560","post","type-post","status-publish","format-standard","has-post-thumbnail","hentry","category-seguridad","tag-choque","tag-estado-de-mexico","tag-ixtapaluca","tag-mexico-puebla"],"_links":{"self":[{"href":"https:\/\/www.diarioimagen.net\/index.php?rest_route=\/wp\/v2\/posts\/173560","targetHints":{"allow":["GET"]}}],"collection":[{"href":"https:\/\/www.diarioimagen.net\/index.php?rest_route=\/wp\/v2\/posts"}],"about":[{"href":"https:\/\/www.diarioimagen.net\/index.php?rest_route=\/wp\/v2\/types\/post"}],"author":[{"embeddable":true,"href":"https:\/\/www.diarioimagen.net\/index.php?rest_route=\/wp\/v2\/users\/3"}],"replies":[{"embeddable":true,"href":"https:\/\/www.diarioimagen.net\/index.php?rest_route=%2Fwp%2Fv2%2Fcomments&post=173560"}],"version-history":[{"count":0,"href":"https:\/\/www.diarioimagen.net\/index.php?rest_route=\/wp\/v2\/posts\/173560\/revisions"}],"wp:featuredmedia":[{"embeddable":true,"href":"https:\/\/www.diarioimagen.net\/index.php?rest_route=\/wp\/v2\/media\/173614"}],"wp:attachment":[{"href":"https:\/\/www.diarioimagen.net\/index.php?rest_route=%2Fwp%2Fv2%2Fmedia&parent=173560"}],"wp:term":[{"taxonomy":"category","embeddable":true,"href":"https:\/\/www.diarioimagen.net\/index.php?rest_route=%2Fwp%2Fv2%2Fcategories&post=173560"},{"taxonomy":"post_tag","embeddable":true,"href":"https:\/\/www.diarioimagen.net\/index.php?rest_route=%2Fwp%2Fv2%2Ftags&post=173560"}],"curies":[{"name":"wp","href":"https:\/\/api.w.org\/{rel}","templated":true}]}}