{"id":173562,"date":"2014-05-09T00:03:13","date_gmt":"2014-05-09T05:03:13","guid":{"rendered":"http:\/\/www.diarioimagen.net\/?p=173562"},"modified":"2014-05-12T04:10:00","modified_gmt":"2014-05-12T09:10:00","slug":"elias-azar-demanda-universalizar-valores","status":"publish","type":"post","link":"https:\/\/www.diarioimagen.net\/?p=173562","title":{"rendered":"El\u00edas Azar demanda universalizar valores"},"content":{"rendered":"<ul>\n<li><strong><em>El presidente del TSJDF dio la bienvenida al presidente del Consejo General del Poder Judicial de L\u00edbano, Jean Fajed<\/em><\/strong><\/li>\n<\/ul>\n<div id=\"attachment_173591\" style=\"width: 250px\" class=\"wp-caption alignleft\"><a href=\"http:\/\/www.diarioimagen.net\/wp-content\/uploads\/2014\/05\/elias-azar-2352.jpg\"><img loading=\"lazy\" decoding=\"async\" aria-describedby=\"caption-attachment-173591\" class=\"size-medium wp-image-173591\" src=\"http:\/\/www.diarioimagen.net\/wp-content\/uploads\/2014\/05\/elias-azar-2352-240x161.jpg\" alt=\"El presidente del Tribunal Superior de Justiciadel Distrito Federal, magistrado Edgar El\u00edas Azar, recibi\u00f3 en la sede del Poder Judicial capitalino la visita del presidente del Consejo General del Poder Judicial de L\u00edbano, Jean Fajed. En sesi\u00f3n p\u00fablica del pleno de magistrados, El\u00edas Azar pronunci\u00f3 un discurso de bienvenida al visitante, a quien se le entreg\u00f3, un reconocimiento.(Foto: Alfonso Mora)\" width=\"240\" height=\"161\" srcset=\"https:\/\/www.diarioimagen.net\/wp-content\/uploads\/2014\/05\/elias-azar-2352-240x161.jpg 240w, https:\/\/www.diarioimagen.net\/wp-content\/uploads\/2014\/05\/elias-azar-2352-420x282.jpg 420w, https:\/\/www.diarioimagen.net\/wp-content\/uploads\/2014\/05\/elias-azar-2352.jpg 700w\" sizes=\"auto, (max-width: 240px) 100vw, 240px\" \/><\/a><p id=\"caption-attachment-173591\" class=\"wp-caption-text\">El presidente del Tribunal Superior de Justiciadel Distrito Federal, magistrado Edgar El\u00edas Azar, recibi\u00f3 en la sede del Poder Judicial capitalino la visita del presidente del Consejo General del Poder Judicial de L\u00edbano, Jean Fajed. En sesi\u00f3n p\u00fablica del pleno de magistrados, El\u00edas Azar pronunci\u00f3 un discurso de bienvenida al visitante, a quien se le entreg\u00f3, un reconocimiento.(Foto: Alfonso Mora)<\/p><\/div>\n<p>Ante el presidente del Consejo General del Poder Judicial de L\u00edbano, Jean Fajed, el presidente del Tribunal Superior de Justicia del Distrito Federal, magistrado Edgar El\u00edas Azar, plante\u00f3 la necesidad de universalizar valores, y llevar a todos los rincones una \u00e9tica de la humanidad.<\/p>\n<p>En sesi\u00f3n p\u00fablica del pleno de magistrados, en la que se recibi\u00f3 la visita de Jean Fajed, destac\u00f3 que los valores que rigen la justicia en L\u00edbano resultan ejemplo de ecuanimidad, de reflexi\u00f3n y ponderaci\u00f3n y un correcto balanceo de razones, con lo que se logra el fin anhelado de dar siempre a cada quien lo suyo.<\/p>\n<p>Consider\u00f3 que ante escenarios actuales de injusticia econ\u00f3mica y la voracidad de los mercados, que quieren mirar hambrunas, desempleo y sufrimiento, pa\u00edses como M\u00e9xico y L\u00edbano tienen mucho que decir al respecto, \u201cpero tambi\u00e9n mucho que ense\u00f1ar y aportar para comprendernos entre todos\u201d.<\/p>\n<p>\u201cTodos ansiamos un mundo m\u00e1s justo, que no quiere decir otra cosa que un mundo arm\u00f3nico, equitativo, ordenado y en paz\u201d, destac\u00f3 el magistrado.<\/p>\n<p>En su discurso, y con la presencia de consejeros de la Judicatura del Distrito Federal, jueces y funcionarios del Poder Judicial capitalino, el magistrado El\u00edas Azar record\u00f3 a Fajed que M\u00e9xico se encuentra inmerso, en un periodo de transici\u00f3n en el tema de la justicia, para implementar un modelo m\u00e1s acorde, innovador y revolucionario, y que va con los nuevos tiempos.<\/p>\n<p>\u201cNuestra funci\u00f3n principal es juzgar los conflictos de intereses entre las personas, y lo hacemos con la ciencia, que no es otra que el derecho mismo\u2026 Nos presentamos ante la sociedad a la que servimos como garantes de las libertades plasmadas en la Constituci\u00f3n. En M\u00e9xico las cosas de la justicia marchan como deben marchar\u201d, enfatiz\u00f3.<\/p>\n<p>A su vez, el presidente de la Suprema Corte de Justicia del L\u00edbano, Jean Fajed, a quien en la sesi\u00f3n se le entreg\u00f3 un reconocimiento, destac\u00f3 que los sistemas de justicia del mundo no pueden ser ajenos a la globalizaci\u00f3n del planeta, ya que una gran cantidad de cr\u00edmenes traspasan las fronteras de los pa\u00edses y \u00e9stos enfrentan los mismos retos.<\/p>\n<p>Subray\u00f3 que M\u00e9xico y L\u00edbano tienen sistemas de justicia\u00a0comunes, ambos de orden tradicional, de los cuales el derecho internacional tiene mucho que aprender; sin embargo, plante\u00f3, los sistemas de justicia tradicionales tienen que ser actualizados.<\/p>\n<p>Se\u00f1al\u00f3 que los dos pa\u00edses enfrentan desaf\u00edos comunes, tales como el tr\u00e1fico de personas o drogas, y, de la misma manera, sus sistemas de justicia tienen tambi\u00e9n retos similares que superar.<\/p>\n","protected":false},"excerpt":{"rendered":"<p>Ante el presidente del Consejo General del Poder Judicial de L\u00edbano, Jean Fajed, el presidente del Tribunal Superior de Justicia del Distrito Federal, magistrado Edgar El\u00edas Azar, plante\u00f3 la necesidad de universalizar valores, y llevar a todos los rincones una \u00e9tica de la humanidad.<\/p>\n","protected":false},"author":3,"featured_media":173591,"comment_status":"open","ping_status":"open","sticky":false,"template":"","format":"standard","meta":{"_monsterinsights_skip_tracking":false,"_monsterinsights_sitenote_active":false,"_monsterinsights_sitenote_note":"","_monsterinsights_sitenote_category":0,"footnotes":""},"categories":[17,6],"tags":[204,1925,16029,2942],"class_list":["post-173562","post","type-post","status-publish","format-standard","has-post-thumbnail","hentry","category-especiales","category-cd-de-mexico","tag-ciudad-de-mexico","tag-edgar-elias-azar","tag-libano","tag-tribunal-superior-de-justicia-del-distrito-federal"],"_links":{"self":[{"href":"https:\/\/www.diarioimagen.net\/index.php?rest_route=\/wp\/v2\/posts\/173562","targetHints":{"allow":["GET"]}}],"collection":[{"href":"https:\/\/www.diarioimagen.net\/index.php?rest_route=\/wp\/v2\/posts"}],"about":[{"href":"https:\/\/www.diarioimagen.net\/index.php?rest_route=\/wp\/v2\/types\/post"}],"author":[{"embeddable":true,"href":"https:\/\/www.diarioimagen.net\/index.php?rest_route=\/wp\/v2\/users\/3"}],"replies":[{"embeddable":true,"href":"https:\/\/www.diarioimagen.net\/index.php?rest_route=%2Fwp%2Fv2%2Fcomments&post=173562"}],"version-history":[{"count":0,"href":"https:\/\/www.diarioimagen.net\/index.php?rest_route=\/wp\/v2\/posts\/173562\/revisions"}],"wp:featuredmedia":[{"embeddable":true,"href":"https:\/\/www.diarioimagen.net\/index.php?rest_route=\/wp\/v2\/media\/173591"}],"wp:attachment":[{"href":"https:\/\/www.diarioimagen.net\/index.php?rest_route=%2Fwp%2Fv2%2Fmedia&parent=173562"}],"wp:term":[{"taxonomy":"category","embeddable":true,"href":"https:\/\/www.diarioimagen.net\/index.php?rest_route=%2Fwp%2Fv2%2Fcategories&post=173562"},{"taxonomy":"post_tag","embeddable":true,"href":"https:\/\/www.diarioimagen.net\/index.php?rest_route=%2Fwp%2Fv2%2Ftags&post=173562"}],"curies":[{"name":"wp","href":"https:\/\/api.w.org\/{rel}","templated":true}]}}