{"id":173752,"date":"2014-05-12T00:10:16","date_gmt":"2014-05-12T05:10:16","guid":{"rendered":"http:\/\/www.diarioimagen.net\/?p=173752"},"modified":"2014-05-12T03:33:22","modified_gmt":"2014-05-12T08:33:22","slug":"cfe-aumenta-tarifas-a-media-y-baja-tension","status":"publish","type":"post","link":"https:\/\/www.diarioimagen.net\/?p=173752","title":{"rendered":"CFE aumenta tarifas a media y baja tensi\u00f3n"},"content":{"rendered":"<ul>\n<li><em><b>Reduce las de uso industrial<\/b><\/em><\/li>\n<\/ul>\n<p style=\"color: #343436;\">\n<div id=\"attachment_173753\" style=\"width: 250px\" class=\"wp-caption alignleft\"><a href=\"http:\/\/www.diarioimagen.net\/wp-content\/uploads\/2014\/05\/CFE-2353.jpg\"><img loading=\"lazy\" decoding=\"async\" aria-describedby=\"caption-attachment-173753\" class=\"size-medium wp-image-173753\" src=\"http:\/\/www.diarioimagen.net\/wp-content\/uploads\/2014\/05\/CFE-2353-240x135.jpg\" alt=\"La Comisi\u00f3n Federal de Electricidad dio a conocer\u00a0 los ajustes a las tarifas de consumo el\u00e9ctrico, donde las \u00fanicas que bajan son las de uso industrial.\" width=\"240\" height=\"135\" srcset=\"https:\/\/www.diarioimagen.net\/wp-content\/uploads\/2014\/05\/CFE-2353-240x135.jpg 240w, https:\/\/www.diarioimagen.net\/wp-content\/uploads\/2014\/05\/CFE-2353-420x236.jpg 420w, https:\/\/www.diarioimagen.net\/wp-content\/uploads\/2014\/05\/CFE-2353-235x132.jpg 235w, https:\/\/www.diarioimagen.net\/wp-content\/uploads\/2014\/05\/CFE-2353-202x114.jpg 202w, https:\/\/www.diarioimagen.net\/wp-content\/uploads\/2014\/05\/CFE-2353-350x196.jpg 350w, https:\/\/www.diarioimagen.net\/wp-content\/uploads\/2014\/05\/CFE-2353-220x123.jpg 220w, https:\/\/www.diarioimagen.net\/wp-content\/uploads\/2014\/05\/CFE-2353-237x132.jpg 237w, https:\/\/www.diarioimagen.net\/wp-content\/uploads\/2014\/05\/CFE-2353.jpg 480w\" sizes=\"auto, (max-width: 240px) 100vw, 240px\" \/><\/a><p id=\"caption-attachment-173753\" class=\"wp-caption-text\">La Comisi\u00f3n Federal de Electricidad dio a conocer\u00a0 los ajustes a las tarifas de consumo el\u00e9ctrico, donde las \u00fanicas que bajan son las de uso industrial.<\/p><\/div>\n<p style=\"color: #343436;\">La Comisi\u00f3n Federal de Electricidad (CFE) inform\u00f3 que en mayo de 2014 se reduce la tarifa el\u00e9ctrica industrial de alta tensi\u00f3n, mientras que las de media y baja tensi\u00f3n se incrementan respecto a igual mes del a\u00f1o pasado.<\/p>\n<p style=\"color: #343436;\">La empresa el\u00e9ctrica se\u00f1al\u00f3 que gracias a las pol\u00edticas p\u00fablicas adoptadas por el gobierno de la Rep\u00fablica durante este a\u00f1o, se tuvieron econom\u00edas en el sector el\u00e9ctrico que se reflejan en la f\u00f3rmula de ajuste autom\u00e1tico aplicada a las tarifas de mayo de 2013 a mayo de 2014.<\/p>\n<p style=\"color: #343436;\">De acuerdo con un comunicado de la CFE, esto se logr\u00f3 con m\u00e1s eficiencia en la generaci\u00f3n de energ\u00eda el\u00e9ctrica y con el mayor uso de gas natural, que sustituye a combustibles de m\u00e1s costo como el diesel y el combust\u00f3leo.<\/p>\n<p style=\"color: #343436;\">Apunt\u00f3 que de mayo 2013 a mayo 2014, la tasa anual de la tarifa para el usuario t\u00edpico de alta tensi\u00f3n, que son industriales de mayor consumo, se reduce en 0.1 por ciento.<\/p>\n<p style=\"color: #343436;\">Para un usuario t\u00edpico de media tensi\u00f3n, donde se encuentran las peque\u00f1as y medianas empresas (Pymes) y los grandes comercios, la tasa se incrementa en 0.2 por ciento, refiri\u00f3 la CFE.<\/p>\n<p style=\"color: #343436;\">Por lo que respecta al usuario comercial t\u00edpico de baja tensi\u00f3n, comercios y consumidores dom\u00e9sticos de alto consumo (DAC), indic\u00f3 que el aumento en la tarifa en el mismo periodo anualizado, es de 1.0 por ciento.<\/p>\n<p style=\"color: #343436;\">Record\u00f3 que en mayo de cada a\u00f1o se actualiza la f\u00f3rmula para las tarifas de alta, media y baja tensiones, a fin de considerar el costo del consumo de combustibles que se utilizan en la generaci\u00f3n de electricidad durante el a\u00f1o inmediato anterior.<\/p>\n<p style=\"color: #343436;\">En los siguientes meses, agreg\u00f3, se estima que la CFE no podr\u00e1 aumentar sustancialmente su consumo de gas natural, considerando las condiciones actuales de producci\u00f3n y transporte de este combustible en nuestro pa\u00eds.<\/p>\n<p style=\"color: #343436;\">Sin embargo, resalt\u00f3, la reforma energ\u00e9tica ofrece oportunidades para incrementar considerablemente tanto la producci\u00f3n nacional, como la capacidad de transporte por gasoducto de este importante hidrocarburo.<\/p>\n<p style=\"color: #343436;\">A fin de mantener la tendencia favorable para reducir el costo de la generaci\u00f3n de energ\u00eda el\u00e9ctrica, la reforma energ\u00e9tica permitir\u00e1 que existan m\u00faltiples productores de gas natural en M\u00e9xico, concluy\u00f3.<\/p>\n","protected":false},"excerpt":{"rendered":"<p>La Comisi\u00f3n Federal de Electricidad (CFE) inform\u00f3 que en mayo de 2014 se reduce la tarifa el\u00e9ctrica industrial de alta tensi\u00f3n, mientras que las de media y baja tensi\u00f3n se incrementan respecto a igual mes del a\u00f1o pasado.<\/p>\n","protected":false},"author":1,"featured_media":173753,"comment_status":"open","ping_status":"open","sticky":false,"template":"","format":"standard","meta":{"_monsterinsights_skip_tracking":false,"_monsterinsights_sitenote_active":false,"_monsterinsights_sitenote_note":"","_monsterinsights_sitenote_category":0,"footnotes":""},"categories":[3],"tags":[139,43673],"class_list":["post-173752","post","type-post","status-publish","format-standard","has-post-thumbnail","hentry","category-nacional","tag-cfe","tag-nacional"],"_links":{"self":[{"href":"https:\/\/www.diarioimagen.net\/index.php?rest_route=\/wp\/v2\/posts\/173752","targetHints":{"allow":["GET"]}}],"collection":[{"href":"https:\/\/www.diarioimagen.net\/index.php?rest_route=\/wp\/v2\/posts"}],"about":[{"href":"https:\/\/www.diarioimagen.net\/index.php?rest_route=\/wp\/v2\/types\/post"}],"author":[{"embeddable":true,"href":"https:\/\/www.diarioimagen.net\/index.php?rest_route=\/wp\/v2\/users\/1"}],"replies":[{"embeddable":true,"href":"https:\/\/www.diarioimagen.net\/index.php?rest_route=%2Fwp%2Fv2%2Fcomments&post=173752"}],"version-history":[{"count":0,"href":"https:\/\/www.diarioimagen.net\/index.php?rest_route=\/wp\/v2\/posts\/173752\/revisions"}],"wp:featuredmedia":[{"embeddable":true,"href":"https:\/\/www.diarioimagen.net\/index.php?rest_route=\/wp\/v2\/media\/173753"}],"wp:attachment":[{"href":"https:\/\/www.diarioimagen.net\/index.php?rest_route=%2Fwp%2Fv2%2Fmedia&parent=173752"}],"wp:term":[{"taxonomy":"category","embeddable":true,"href":"https:\/\/www.diarioimagen.net\/index.php?rest_route=%2Fwp%2Fv2%2Fcategories&post=173752"},{"taxonomy":"post_tag","embeddable":true,"href":"https:\/\/www.diarioimagen.net\/index.php?rest_route=%2Fwp%2Fv2%2Ftags&post=173752"}],"curies":[{"name":"wp","href":"https:\/\/api.w.org\/{rel}","templated":true}]}}