{"id":174334,"date":"2014-05-16T00:09:21","date_gmt":"2014-05-16T05:09:21","guid":{"rendered":"http:\/\/www.diarioimagen.net\/?p=174334"},"modified":"2014-05-20T02:01:51","modified_gmt":"2014-05-20T07:01:51","slug":"si-ocurre-reconocere-la-derrota-madero","status":"publish","type":"post","link":"https:\/\/www.diarioimagen.net\/?p=174334","title":{"rendered":"\u201cSi ocurre, reconocer\u00e9 la derrota\u201d: Madero"},"content":{"rendered":"<h2>Tras la puerta del poder<\/h2>\n<h5>Roberto Vizca\u00edno<\/h5>\n<p>&nbsp;<\/p>\n<ul>\n<li><strong><em>Le pide a Cordero estar el domingo en el PAN, y ah\u00ed -juntos- esperar el resultado<\/em><\/strong><\/li>\n<li><strong><em>Si Ernesto gana, Gustavo no tendr\u00eda la menor posibilidad de seguir dentro del PAN<\/em><\/strong><\/li>\n<li><strong><em>Al final, Mancera negoci\u00f3 y conjur\u00f3 la violencia que amenazaba con desatar la CNTE<\/em><\/strong><\/li>\n<\/ul>\n<div id=\"attachment_174377\" style=\"width: 250px\" class=\"wp-caption alignleft\"><a href=\"http:\/\/www.diarioimagen.net\/wp-content\/uploads\/2014\/05\/luz-y-sombra-MARAL-2357.jpg\"><img loading=\"lazy\" decoding=\"async\" aria-describedby=\"caption-attachment-174377\" class=\"size-medium wp-image-174377\" src=\"http:\/\/www.diarioimagen.net\/wp-content\/uploads\/2014\/05\/luz-y-sombra-MARAL-2357-240x163.jpg\" alt=\"Luz y sombra... | Maral\" width=\"240\" height=\"163\" srcset=\"https:\/\/www.diarioimagen.net\/wp-content\/uploads\/2014\/05\/luz-y-sombra-MARAL-2357-240x163.jpg 240w, https:\/\/www.diarioimagen.net\/wp-content\/uploads\/2014\/05\/luz-y-sombra-MARAL-2357-420x286.jpg 420w, https:\/\/www.diarioimagen.net\/wp-content\/uploads\/2014\/05\/luz-y-sombra-MARAL-2357.jpg 700w\" sizes=\"auto, (max-width: 240px) 100vw, 240px\" \/><\/a><p id=\"caption-attachment-174377\" class=\"wp-caption-text\">Luz y sombra&#8230; | Maral<\/p><\/div>\n<p>No hay plazo que no se cumpla y hoy, a 2 d\u00edas de la primera elecci\u00f3n de dirigente nacional abierta a militantes en los 75 a\u00f1os de PAN, todos los sondeos aunados a las percepciones de analistas y expertos en los asuntos del blanquiazul, sus dirigencias y militantes, advierten un triunfo de <strong>Gustavo Madero<\/strong> el pr\u00f3ximo domingo.<\/p>\n<p>Los integrantes del equipo del chihuahuense, y miembros prominentes del CEN panista, coinciden en que <strong>Ernesto Cordero<\/strong> y su grupo han preparado ya todo el escenario para desconocer, impugnar y judicializar el proceso.<\/p>\n<p>Acciones como el de obligar a <strong>Luis H. \u00c1lvarez<\/strong> a hacer p\u00fablica una carta de apoyo a <strong>Cordero<\/strong> hace un par de d\u00edas, son asumidas por analistas y por el equipo de <strong>Madero <\/strong>como un reconocimiento de una derrota a priori por parte del ex secretario de Hacienda.<\/p>\n<p>Esta percepci\u00f3n se refuerza con el art\u00edculo editorial publicado por <strong>El Universal<\/strong> el lunes pasado en que <strong>Margarita Zavala<\/strong>, esposa del expresidente <strong>Felipe Calder\u00f3n<\/strong>, dice que su voto ser\u00e1 para <strong>Cordero<\/strong>.<\/p>\n<p>Para nadie escapa que esto \u00faltimo no es una novedad. No pod\u00eda ser de otra forma, dicen. El ex presidente <strong>Calder\u00f3n<\/strong> y su esposa han estado en contra de Madero desde la contienda interna de 2010 en que <strong>Roberto Gil Zuarth<\/strong> renunci\u00f3 a la secretar\u00eda particular del entonces Presidente de la Rep\u00fablica para ir a competirle al chihuahuense la dirigencia nacional del PAN.<\/p>\n<p>La obviedad indica que <strong>Gil Zuarth<\/strong> fue enviado por <strong>Calder\u00f3n<\/strong> para atajar a Madero. No lo logr\u00f3. <strong>Madero<\/strong> le gan\u00f3 a <strong>Gil Zuarth<\/strong>\u2026 y a <strong>Calder\u00f3n<\/strong>.<\/p>\n<p>El triunfo de Madero en 2010 fue asumido como un hartazgo del grueso del panismo hacia la injerencia de Calder\u00f3n en el PAN. Y es que desde que lleg\u00f3 a la Presidencia de la Rep\u00fablica, el michoacano hizo exactamente lo que hac\u00edan los mandatarios pri\u00edstas: designar a los dirigentes de su partido.<\/p>\n<p>Calder\u00f3n puso as\u00ed en la presidencia del PAN a <strong>Germ\u00e1n Mart\u00ednez<\/strong> a la salida de Manuel Espino y luego cambi\u00f3 a \u00e9ste por <strong>C\u00e9sar Nava<\/strong>.<\/p>\n<p>Hoy esta misma percepci\u00f3n se tiene respecto de la candidatura de Cordero. En su mayor\u00eda la clase pol\u00edtica, los panistas y los analistas, consideran que Cordero intentar\u00e1 arrebatarle la presidencia del PAN a Madero para desquitarse de la derrota de hace tres a\u00f1os, y para resguardar as\u00ed los intereses de Felipe Calder\u00f3n desde la c\u00fapula del blanquiazul.<\/p>\n<p>Uno de los objetivos que tendr\u00eda <strong>Calder\u00f3n <\/strong>es que <strong>Cordero<\/strong>, desde la presidencia del PAN, pusiera en primer lugar de las listas de candidatos plurinominales a diputados de Acci\u00f3n Nacional en las elecciones de 2015, a su esposa <strong>Margarita Zavala<\/strong>.<\/p>\n<p>De esta forma, <strong>Margarita<\/strong> tendr\u00eda asegurada su estancia en San L\u00e1zaro de 20015 a 2018 para luego hacerla coordinadora de la bancada del PAN, y desde ah\u00ed construir su candidatura para la contienda presidencial de 2018.<\/p>\n<p>El ex presidente no oculta su deseo de que su esposa pueda ser la primera presidenta de M\u00e9xico.<\/p>\n<p>Con la posible llegada de Cordero a la dirigencia nacional del PAN, Calder\u00f3n tendr\u00eda adem\u00e1s garantizada la colocaci\u00f3n de decenas de los suyos en las candidaturas a gobernadores, otros muchos diputados federales, cientos de diputados locales y otros tantos alcaldes.<\/p>\n<p>S\u00f3lo entre 2015 y 2016 habr\u00e1 renovaci\u00f3n de gobernadores en 22 estados.<\/p>\n<p style=\"text-align: center;\"><strong>PERO\u2026<\/strong><\/p>\n<p>Sin embargo hay fuertes indicios de que Calder\u00f3n volver\u00e1 a ser derrotado por Madero.<\/p>\n<p>Sondeos internos dicen que de los 220 mil militantes panistas debidamente registrados, el domingo saldr\u00e1 a votar el 80 por ciento, es decir unos 176 mil de los cuales un 60 o 70 por ciento sufragar\u00e1 a favor de Madero.<\/p>\n<p>Con estos datos en su mano, el chihuahuense ha salido a decir que de no ser ciertos, y de enfrentarse a una derrota frente a Cordero, \u00e9l saldr\u00eda a levantarle la mano al ex secretario de Hacienda y le dar\u00eda todo su apoyo sin resentimientos.<\/p>\n<p>Propuso que el domingo \u00e9l y Cordero se concentren en la sede nacional del PAN y ah\u00ed juntos esperen el resultado para que el perdedor le levante la mano al ganador y as\u00ed alejar posibilidades de ruptura o judicializaci\u00f3n del proceso.<\/p>\n<p>Evidentemente que <strong>Madero<\/strong> dice eso <strong>confiado <\/strong>en <strong>que el derrotado ser\u00e1 Cordero<\/strong>.<\/p>\n<p style=\"text-align: center;\"><strong>PROYECCIONES<\/strong><\/p>\n<p>De darse la reelecci\u00f3n de <strong>Gustavo Madero<\/strong> al frente del PAN, se estar\u00eda consolidando una fuerte corriente interna blanquiazul que considera que el chihuahuense ha impulsado y hecho realidad grandes aspiraciones panistas que deben continuarse en los a\u00f1os siguientes.<\/p>\n<p>Estos panistas, entre quienes se encuentra por ejemplo Germ\u00e1n Mart\u00ednez \u2013un excalderonista profundo&#8211;, dicen que Madero tendr\u00eda todo el aval para ir a una nueva alianza con el gobierno de <strong>Enrique Pe\u00f1a Nieto<\/strong> y as\u00ed crear las bases de una transformaci\u00f3n del Pacto por M\u00e9xico en una mesa ampliada de negociaci\u00f3n de otras reformas.<\/p>\n<p>Madero estar\u00eda as\u00ed en espera del resultado de la elecci\u00f3n interna en el PRD, en la que todo apunta a que ganar\u00e1 <strong>Carlos Navarrete,<\/strong> representante de la corriente Nueva Izquierda, o Los Chuchos, con la que Madero estableci\u00f3 alianzas electorales en los a\u00f1os anteriores, y con la cual particip\u00f3 en el Pacto por M\u00e9xico.<\/p>\n<p>De darse este escenario, el PAN y el PRD estar\u00edan impulsando otras alianzas electorales importantes en 2015 y 2016 para enfrentar a un PRI fortalecido y encabezado por <strong>Enrique Pe\u00f1a Nieto<\/strong>, quien entonces se espera sea un presidente de la Rep\u00fablica muy consolidado debido a los efectos de las reformas.<\/p>\n<p>En este contexto Ernesto Cordero Arroyo regresar\u00eda al Senado para encabezar la separaci\u00f3n de su grupo de la fracci\u00f3n del PAN, para junto con sus 24 legisladores aliados (en su mayor\u00eda ex colaboradores y familiares del expresidente Felipe Calder\u00f3n), formar una bancada independiente.<\/p>\n<p>Aqu\u00ed habr\u00eda que recordar que Calder\u00f3n ha dicho que si Madero logra su reelecci\u00f3n \u00e9l buscar\u00eda incluso formar otro partido antes que reconocerlo como l\u00edder del PAN.<\/p>\n<p style=\"text-align: center;\"><strong>EN EL OTRO CASO<\/strong><\/p>\n<p>En caso de que nada de lo dicho anteriormente resulte cierto y el ganador del domingo sea <strong>Cordero<\/strong>, y junto con \u00e9l <strong>Calder\u00f3n<\/strong>, entonces <strong>Madero<\/strong> y sus seguidores &#8211;al menos los cercanos&#8211;, no tendr\u00edan mayor futuro dentro de Acci\u00f3n Nacional.<\/p>\n<p>Madero correr\u00eda muy probablemente el destino de <strong>Manuel Espino<\/strong>: el de la expulsi\u00f3n del PAN.<\/p>\n<p>Aun cuando <strong>Cordero<\/strong> ha dicho que desde la dirigencia del PAN buscar\u00eda mantener di\u00e1logo abierto y acuerdos con el PRI y la Presidencia de Pe\u00f1a Nieto, en ambas estructuras no creen nada de eso y ya tienen previsto una reorientaci\u00f3n de sus relaciones a fin de garantizar la aprobaci\u00f3n de otras reformas y procesos legislativos.<\/p>\n<p>Se buscar\u00eda obtener una mayor\u00eda determinante en la C\u00e1mara de Diputados en las elecciones de diputados federales del 2015, a fin de garantizar el contrapeso con un Senado donde el grupo de Cordero tendr\u00eda su mayor fortaleza.<\/p>\n<p>Ni qu\u00e9 decir que <strong>Margarita<\/strong> llegar\u00eda a San L\u00e1zaro y que comenzar\u00eda a preparar su lanzamiento para competir por la Presidencia de la Rep\u00fablica en 2018.<\/p>\n<p>Y es muy posible que <strong>Calder\u00f3n <\/strong>regresara a la pol\u00edtica mexicana con alg\u00fan cargo dentro de la nueva dirigencia panista.<\/p>\n<p style=\"text-align: center;\"><strong>TEJIDO FINO<\/strong><\/p>\n<p>No pocos capitalinos huyeron ayer del Paseo de la Reforma y del centro de la ciudad. Las amenazas de la CNTE no eran para menos: marchas y manifestaciones que volver\u00edan a ahogar y violentar al DF.<\/p>\n<p>Desde temprano vino el movimiento, los maestros quienes fueron de un lado a otro y amenazaron con irse al Z\u00f3calo. Pero como ya aprendi\u00f3, Miguel \u00c1ngel Mancera, jefe de gobierno, habl\u00f3 con los dirigentes, teji\u00f3 fino, despresuriz\u00f3 la tensi\u00f3n y conjur\u00f3 la confrontaci\u00f3n. Los maestros apenas llegaron al Hemiciclo a Ju\u00e1rez y de ah\u00ed, debidamente resguardados por un contingente de polic\u00edas, se diluyeron entre otros ciudadanos.<\/p>\n<p>Al final, quedaron todos contentos.<\/p>\n<p><em><a href=\"mailto:rvizcainoa@gmail.com\">rvizcainoa@gmail.com<\/a><\/em><\/p>\n","protected":false},"excerpt":{"rendered":"<p><span style=\"color: #005497;\"><strong>Roberto Vizca\u00edno<\/strong><\/span><br \/>\n<br \/>\nNo hay plazo que no se cumpla y hoy, a 2 d\u00edas de la primera elecci\u00f3n de dirigente nacional abierta a militantes en los 75 a\u00f1os de PAN, todos los sondeos aunados a las percepciones de analistas y expertos en los asuntos del blanquiazul, sus dirigencias y militantes, advierten un triunfo de <strong>Gustavo Madero<\/strong> el pr\u00f3ximo domingo.<\/p>\n","protected":false},"author":3,"featured_media":174377,"comment_status":"open","ping_status":"open","sticky":false,"template":"","format":"standard","meta":{"_monsterinsights_skip_tracking":false,"_monsterinsights_sitenote_active":false,"_monsterinsights_sitenote_note":"","_monsterinsights_sitenote_category":0,"footnotes":""},"categories":[136],"tags":[10227,43674,91,93,94],"class_list":["post-174334","post","type-post","status-publish","format-standard","has-post-thumbnail","hentry","category-roberto-vizcaino-opinion","tag-gustavo-madero-munoz","tag-opinion","tag-pan","tag-roberto-vizcaino","tag-tras-la-puerta-del-poder"],"_links":{"self":[{"href":"https:\/\/www.diarioimagen.net\/index.php?rest_route=\/wp\/v2\/posts\/174334","targetHints":{"allow":["GET"]}}],"collection":[{"href":"https:\/\/www.diarioimagen.net\/index.php?rest_route=\/wp\/v2\/posts"}],"about":[{"href":"https:\/\/www.diarioimagen.net\/index.php?rest_route=\/wp\/v2\/types\/post"}],"author":[{"embeddable":true,"href":"https:\/\/www.diarioimagen.net\/index.php?rest_route=\/wp\/v2\/users\/3"}],"replies":[{"embeddable":true,"href":"https:\/\/www.diarioimagen.net\/index.php?rest_route=%2Fwp%2Fv2%2Fcomments&post=174334"}],"version-history":[{"count":0,"href":"https:\/\/www.diarioimagen.net\/index.php?rest_route=\/wp\/v2\/posts\/174334\/revisions"}],"wp:featuredmedia":[{"embeddable":true,"href":"https:\/\/www.diarioimagen.net\/index.php?rest_route=\/wp\/v2\/media\/174377"}],"wp:attachment":[{"href":"https:\/\/www.diarioimagen.net\/index.php?rest_route=%2Fwp%2Fv2%2Fmedia&parent=174334"}],"wp:term":[{"taxonomy":"category","embeddable":true,"href":"https:\/\/www.diarioimagen.net\/index.php?rest_route=%2Fwp%2Fv2%2Fcategories&post=174334"},{"taxonomy":"post_tag","embeddable":true,"href":"https:\/\/www.diarioimagen.net\/index.php?rest_route=%2Fwp%2Fv2%2Ftags&post=174334"}],"curies":[{"name":"wp","href":"https:\/\/api.w.org\/{rel}","templated":true}]}}