{"id":174344,"date":"2014-05-16T00:04:10","date_gmt":"2014-05-16T05:04:10","guid":{"rendered":"http:\/\/www.diarioimagen.net\/?p=174344"},"modified":"2014-05-19T03:10:26","modified_gmt":"2014-05-19T08:10:26","slug":"la-riqueza-de-los-narcos","status":"publish","type":"post","link":"https:\/\/www.diarioimagen.net\/?p=174344","title":{"rendered":"La riqueza de los narcos"},"content":{"rendered":"<h2>Punto por punto<\/h2>\n<h5>Augusto Corro<\/h5>\n<p>&nbsp;<\/p>\n<p>En Michoac\u00e1n la justicia ir\u00e1 contra los delincuentes de cuello blanco que sirvieron de prestanombres o participaron en el<em> lavado <\/em>de dinero il\u00edcito. Anunci\u00f3 lo anterior Alfredo Castillo Cervantes, comisionado para la Seguridad y el Desarrollo Integral de Michoac\u00e1n.<\/p>\n<p>De lo anterior se desprende que en la lucha contra la delincuencia organizada en la mencionada entidad no quedar\u00e1 ning\u00fan cabo suelto. Se empez\u00f3 con la captura de funcionarios p\u00fablicos y pol\u00edticos vinculados con \u201cLos Caballeros Templarios\u201d y en las redes de la justicia cay\u00f3 el ex gobernador interino de ese estado, Jes\u00fas Reyna Garc\u00eda y varios presidentes municipales. Falta por detener a m\u00e1s funcionarios p\u00fablicos y polic\u00edas que protegieron a los elementos de la narcodelincuencia.<\/p>\n<p>Es fundamental investigar las riquezas que se formaron a ra\u00edz del auge de las organizaciones criminales que invadieron renglones de la econom\u00eda para obtener ganancias millonarias. Ah\u00ed est\u00e1n por ejemplo el control del las cosechas del aguacate y el lim\u00f3n. O las exportaciones de miles de toneladas de productos minerales.<\/p>\n<p>Esas operaciones comerciales multimillonarias dejaron utilidades cuantiosas que necesariamente tuvieron que manejarse a trav\u00e9s de operaciones financieras.<\/p>\n<p>Ni modo que esas fortunas fueran guardadas en los colchones.<\/p>\n<p>Sin embargo, la corrupci\u00f3n en la que participaban funcionarios, polic\u00edas, pol\u00edticos y narcos impidi\u00f3 que se tocara a los delincuentes de cuello blanco.<\/p>\n<p>El comisionado federal manifest\u00f3 que se investiga a m\u00e1s personas relacionadas con actividades financieras il\u00edcitas, a aquellos sujetos que se fueron por el camino incorrecto. Desde luego llegar a las finanzas de la delincuencia organizada y de sus operadores y encubridores era un paso muy importante.<\/p>\n<p>De nada serv\u00eda menguar la fuerza b\u00e9lica de la narcodelincuencia si sus fortunas segu\u00edan intactas. Uno de los ejemplos m\u00e1s escandalosos lo representa \u201cEl Chapo\u201d Guzm\u00e1n, cuya riqueza multimillonaria en d\u00f3lares lo llev\u00f3 a integrar la lista de los hombres m\u00e1s ricos del mundo, seg\u00fan la revista \u201cForbes\u201d. Los c\u00e1rteles han contado con los medios econ\u00f3micos suficientes para abastecerse de armas y comprar conciencias de polic\u00edas y pol\u00edticos. De acuerdo con las estad\u00edsticas, en el sexenio de Calder\u00f3n, muy poco se toc\u00f3 el rengl\u00f3n de los <em>lavadores<\/em> de dinero. En el presente, el gobierno federal cuenta con leyes reformadas que son m\u00e1s severas contra los delincuentes de cuello blanco.<\/p>\n<p>\u00bfD\u00f3nde se encuentran las fortunas de los narcos? \u00bfEn qu\u00e9 empresas se manejan sus dineros? Sin duda, estas preguntas tendr\u00e1n una respuesta conforme avancen las investigaciones contra aquellos delincuentes que prestaron sus servicios a los c\u00e1rteles para la realizaci\u00f3n de operaciones financieras il\u00edcitas. \u00bfY la riqueza de \u201cLa Tuta\u201d? \u00bfConoceremos alg\u00fan d\u00eda cual es su fortuna amasada con el dolor, el terror, las muertes, y el narcotr\u00e1fico?<\/p>\n<p style=\"text-align: center;\"><strong>INVESTIGAR EL ASESINATO<\/strong><\/p>\n<p>Caus\u00f3 indignaci\u00f3n la muerte de la activista Sandra Luz Hern\u00e1ndez, quien buscaba a su hijo desa\u00adparecido en Sinaloa.<\/p>\n<p>Comentamos que Sandra fue asesinada de 15 balazos en la cabeza por un sicario que huy\u00f3.<\/p>\n<p>Organizaciones defensoras de derechos humanos manifestaron su repudio a esa acci\u00f3n criminal.<\/p>\n<p>Sandra investigaba la desaparici\u00f3n de su hijo Edgar Garc\u00eda. El joven fue levantado por varios sujetos cuando se encontraba en su casa. El hecho se registr\u00f3 el 12 de febrero del 2012. Desde entonces, su madre se dedic\u00f3 a buscarlo personalmente, ante la inacci\u00f3n de las auoridades. El lunes pasado, en el centro de Culiac\u00e1n, Sandra fue acribillada a tiros. Los defensores de derechos humanos exigen justicia y demandan la captura del o los delincuentes que privaron de la vida a la activista.<\/p>\n<p style=\"text-align: center;\"><strong>V\u00cdCTIMA DE LA POLIC\u00cdA<\/strong><\/p>\n<p>Karen Guadalupe Alonso J\u00e1uregui, de 18 a\u00f1os, estudiante de enfermer\u00eda es la joven golpeada por polic\u00edas en Aguascalientes.<\/p>\n<p>La joven presenta las siguientes lesiones: esguince cervical, hemorragia vaginal y heridas en la nuca. Esto, derivado de la golpiza que le propinaron los polic\u00edas porque ella intent\u00f3 defender a su hermano que iba a ser detenido por los uniformados al confundirlo con un sujeto que escandalizaba cerca de las instalaciones de la Feria de San Marcos.<\/p>\n<p>Ella hab\u00eda ido a la mencionada feria a festejar sus cumplea\u00f1os. Los polic\u00edas agresores son protegidos por el titular de Seguridad P\u00fablica de Aguascalientes. No es nuevo el hecho que los cavern\u00edcolas disfrazados de polic\u00edas act\u00faen impunemente.<\/p>\n<p style=\"text-align: center;\"><strong>LARGAS A LA EXPULSI\u00d3N DE CUAHT\u00c9MOC<\/strong><\/p>\n<p>El ex l\u00edder del PRI-DF ten\u00eda que presentarse hoy viernes ante la Comisi\u00f3n Nacional de Justicia del tricolor. No ocurrir\u00e1 tal. Se cambi\u00f3 la fecha de la comparecencia del ex dirigente.<\/p>\n<p>La reuni\u00f3n se llevar\u00e1 a cabo el d\u00eda 30 del presente mes.<\/p>\n<p>El caso de la expulsi\u00f3n del PRI de Guti\u00e9rrez de la Torre es complejo, porque el llamado \u201cPr\u00edncipe de la Basura\u201d representa una fuerza electoral importante en el Distrito Federal.<\/p>\n<p>Del trato que reciba en el PRI depender\u00e1n sus acciones futuras. M\u00e1s de un partido pol\u00edtico lo recibir\u00eda sin mayor problema, a pesar de la acusaci\u00f3n que hay en su contra. Guti\u00e9rrez de la Torre fue se\u00f1alado como cabeza de una red de prostituci\u00f3n al interior del PRI-DF. Es investigado por las autoridades capitalinas.<\/p>\n<p style=\"text-align: right;\"><em>Feliz fin de semana.<\/em><\/p>\n<p><em><a href=\"mailto:aco2742@hotmail.com\" target=\"_blank\">aco2742@hotmail.com<\/a><\/em><\/p>\n","protected":false},"excerpt":{"rendered":"<p><span style=\"color: #005497;\"><strong>Augusto Corro<\/strong><\/span><\/p>\n","protected":false},"author":3,"featured_media":0,"comment_status":"open","ping_status":"open","sticky":false,"template":"","format":"standard","meta":{"_monsterinsights_skip_tracking":false,"_monsterinsights_sitenote_active":false,"_monsterinsights_sitenote_note":"","_monsterinsights_sitenote_category":0,"footnotes":""},"categories":[157],"tags":[43686,803,43674,11515],"class_list":["post-174344","post","type-post","status-publish","format-standard","hentry","category-augusto-corro","tag-augusto-corro","tag-michoacan","tag-opinion","tag-punto-por-punto"],"_links":{"self":[{"href":"https:\/\/www.diarioimagen.net\/index.php?rest_route=\/wp\/v2\/posts\/174344","targetHints":{"allow":["GET"]}}],"collection":[{"href":"https:\/\/www.diarioimagen.net\/index.php?rest_route=\/wp\/v2\/posts"}],"about":[{"href":"https:\/\/www.diarioimagen.net\/index.php?rest_route=\/wp\/v2\/types\/post"}],"author":[{"embeddable":true,"href":"https:\/\/www.diarioimagen.net\/index.php?rest_route=\/wp\/v2\/users\/3"}],"replies":[{"embeddable":true,"href":"https:\/\/www.diarioimagen.net\/index.php?rest_route=%2Fwp%2Fv2%2Fcomments&post=174344"}],"version-history":[{"count":0,"href":"https:\/\/www.diarioimagen.net\/index.php?rest_route=\/wp\/v2\/posts\/174344\/revisions"}],"wp:attachment":[{"href":"https:\/\/www.diarioimagen.net\/index.php?rest_route=%2Fwp%2Fv2%2Fmedia&parent=174344"}],"wp:term":[{"taxonomy":"category","embeddable":true,"href":"https:\/\/www.diarioimagen.net\/index.php?rest_route=%2Fwp%2Fv2%2Fcategories&post=174344"},{"taxonomy":"post_tag","embeddable":true,"href":"https:\/\/www.diarioimagen.net\/index.php?rest_route=%2Fwp%2Fv2%2Ftags&post=174344"}],"curies":[{"name":"wp","href":"https:\/\/api.w.org\/{rel}","templated":true}]}}