{"id":174395,"date":"2014-05-16T00:08:35","date_gmt":"2014-05-16T05:08:35","guid":{"rendered":"http:\/\/www.diarioimagen.net\/?p=174395"},"modified":"2014-05-16T04:23:02","modified_gmt":"2014-05-16T09:23:02","slug":"secundarias-haran-bajar-las-tarifas-de-electricidad","status":"publish","type":"post","link":"https:\/\/www.diarioimagen.net\/?p=174395","title":{"rendered":"Secundarias har\u00e1n bajar las tarifas de electricidad"},"content":{"rendered":"<ul>\n<li><strong><em>Afirma CFE<\/em><\/strong><\/li>\n<\/ul>\n<div id=\"attachment_174409\" style=\"width: 250px\" class=\"wp-caption alignleft\"><a href=\"http:\/\/www.diarioimagen.net\/wp-content\/uploads\/2014\/05\/ELECTRICIDAD-2357.jpg\"><img loading=\"lazy\" decoding=\"async\" aria-describedby=\"caption-attachment-174409\" class=\"size-medium wp-image-174409\" src=\"http:\/\/www.diarioimagen.net\/wp-content\/uploads\/2014\/05\/ELECTRICIDAD-2357-240x135.jpg\" alt=\"Con la aprobaci\u00f3n de las leyes secundarias iniciar\u00e1 la baja en las tarifas el\u00e9ctricas, asegura subsecretario de la Sener.\" width=\"240\" height=\"135\" srcset=\"https:\/\/www.diarioimagen.net\/wp-content\/uploads\/2014\/05\/ELECTRICIDAD-2357-240x135.jpg 240w, https:\/\/www.diarioimagen.net\/wp-content\/uploads\/2014\/05\/ELECTRICIDAD-2357-420x236.jpg 420w, https:\/\/www.diarioimagen.net\/wp-content\/uploads\/2014\/05\/ELECTRICIDAD-2357-235x132.jpg 235w, https:\/\/www.diarioimagen.net\/wp-content\/uploads\/2014\/05\/ELECTRICIDAD-2357-202x114.jpg 202w, https:\/\/www.diarioimagen.net\/wp-content\/uploads\/2014\/05\/ELECTRICIDAD-2357-350x196.jpg 350w, https:\/\/www.diarioimagen.net\/wp-content\/uploads\/2014\/05\/ELECTRICIDAD-2357-220x123.jpg 220w, https:\/\/www.diarioimagen.net\/wp-content\/uploads\/2014\/05\/ELECTRICIDAD-2357-237x132.jpg 237w, https:\/\/www.diarioimagen.net\/wp-content\/uploads\/2014\/05\/ELECTRICIDAD-2357.jpg 480w\" sizes=\"auto, (max-width: 240px) 100vw, 240px\" \/><\/a><p id=\"caption-attachment-174409\" class=\"wp-caption-text\">Con la aprobaci\u00f3n de las leyes secundarias iniciar\u00e1 la baja en las tarifas el\u00e9ctricas, asegura subsecretario de la Sener.<\/p><\/div>\n<p>Las leyes secundarias en materia energ\u00e9tica son necesarias para dar el siguiente paso y trabajar en la reglas del mercado el\u00e9ctrico y de la Comisi\u00f3n Federal de Electricidad (CFE), lo que ayudar\u00e1 a la reducci\u00f3n de las tarifas, asegur\u00f3 el subsecretario de Electricidad de la Sener, C\u00e9sar Emiliano Hern\u00e1ndez Ochoa.<\/p>\n<p>De acuerdo con el funcionario de la Secretar\u00eda de Energ\u00eda (Sener), la aprobaci\u00f3n de la legislaci\u00f3n debe hacerse lo m\u00e1s pronto posible, a fin desviarse lo menos posible del mandato constitucional e implementar en M\u00e9xico los sistemas que se utilizan en mayor parte de los pa\u00edses del mundo y congruentes con una econom\u00eda moderna.<\/p>\n<p>\u201cLas necesitamos -las leyes secundarias- porque estamos llegando tarde, son buenos sistemas para atraer la inversi\u00f3n al pa\u00eds y para el sector el\u00e9ctrico generar eficiencias, condiciones que son muy necesarias para bajar las tarifas de la luz y del gas\u201d , afirm\u00f3 Hern\u00e1ndez Ochoa en entrevista con Notimex.<\/p>\n<p>Y es que, explic\u00f3, la iniciativa busca crear un sistema donde haya un mercado el\u00e9ctrico, libertad de los participantes de generar y comercializar energ\u00eda, un despachador independiente que garantice que el sistema tenga un piso parejo, un \u00e1rbitro imparcial, adem\u00e1s de que impulse la eficiencia y productividad.<\/p>\n<p>\u201cEs un sistema que usa competencia, regulaci\u00f3n y libre participaci\u00f3n privada y p\u00fablica, en una mezcla que hace que todos se fuercen por producir m\u00e1s electricidad, usando de una manera m\u00e1s eficiente los recursos\u201d .<\/p>\n<p>Por lo que una vez aprobadas las leyes secundaras, coment\u00f3, habr\u00e1 la necesidad de expedir las leyes del mercado el\u00e9ctrico para definir c\u00f3mo van operar los participantes, as\u00ed como los decretos que permitan la organizaci\u00f3n interna de la CFE para operar en el nuevo mercado el\u00e9ctrico y el decreto del Cenace .<\/p>\n<p>Hern\u00e1ndez Ochoa coment\u00f3 que a la par de la discusi\u00f3n en el Congreso, la dependencia ha trabajado en el tercer paso: las piezas regulatorias con las cuales se van a implementar los cambio de la industria energ\u00e9tica de M\u00e9xico.<\/p>\n<p>\u201cLa reforma constitucional tard\u00f3 en gestarse un a\u00f1o entero, en el cual se discutieron mucho los contenidos, lo debemos seguir haciendo intensamente&#8230; lo importante es que no eternicemos los debates, sino que ya los podamos concretar y los pongamos en pr\u00e1ctica\u201d.<\/p>\n<p>Asimismo, el subsecretario indic\u00f3 que en el caso del sector el\u00e9ctrico y de la CFE, el paquete de reformas de la legislaci\u00f3n secundaria incluye por primera vez una ley de la Comisi\u00f3n, la cual le da mucha m\u00e1s flexibilidad para actuar como empresa y darle tambi\u00e9n m\u00e1s posibilidades para hacer negocios.<\/p>\n<p>De hecho, resalt\u00f3 que la ley permite a la CFE no s\u00f3lo se aboque al negocio de la electricidad, sino tambi\u00e9n al del gas, de la ingenier\u00eda, telecomunicaciones, ampl\u00eda su misi\u00f3n; por lo que sistema nacional de gasoductos va a crecer de manera muy importante gracias al papel de la Comisi\u00f3n. \u201cLa nueva ley de la industria el\u00e9ctrica y de la CFE son instrumentos clave para cumplir con la promesa de reducir las tarifas, de una manera realista y sostenible, basada en una herramienta de eficiencia\u201d.<\/p>\n","protected":false},"excerpt":{"rendered":"<p>Las leyes secundarias en materia energ\u00e9tica son necesarias para dar el siguiente paso y trabajar en la reglas del mercado el\u00e9ctrico y de la Comisi\u00f3n Federal de Electricidad (CFE), lo que ayudar\u00e1 a la reducci\u00f3n de las tarifas, asegur\u00f3 el subsecretario de Electricidad de la Sener, C\u00e9sar Emiliano Hern\u00e1ndez Ochoa.<\/p>\n","protected":false},"author":3,"featured_media":174409,"comment_status":"open","ping_status":"open","sticky":false,"template":"","format":"standard","meta":{"_monsterinsights_skip_tracking":false,"_monsterinsights_sitenote_active":false,"_monsterinsights_sitenote_note":"","_monsterinsights_sitenote_category":0,"footnotes":""},"categories":[3],"tags":[139,29720,43673,26447],"class_list":["post-174395","post","type-post","status-publish","format-standard","has-post-thumbnail","hentry","category-nacional","tag-cfe","tag-leyes-secundarias","tag-nacional","tag-reforma-energetica"],"_links":{"self":[{"href":"https:\/\/www.diarioimagen.net\/index.php?rest_route=\/wp\/v2\/posts\/174395","targetHints":{"allow":["GET"]}}],"collection":[{"href":"https:\/\/www.diarioimagen.net\/index.php?rest_route=\/wp\/v2\/posts"}],"about":[{"href":"https:\/\/www.diarioimagen.net\/index.php?rest_route=\/wp\/v2\/types\/post"}],"author":[{"embeddable":true,"href":"https:\/\/www.diarioimagen.net\/index.php?rest_route=\/wp\/v2\/users\/3"}],"replies":[{"embeddable":true,"href":"https:\/\/www.diarioimagen.net\/index.php?rest_route=%2Fwp%2Fv2%2Fcomments&post=174395"}],"version-history":[{"count":0,"href":"https:\/\/www.diarioimagen.net\/index.php?rest_route=\/wp\/v2\/posts\/174395\/revisions"}],"wp:featuredmedia":[{"embeddable":true,"href":"https:\/\/www.diarioimagen.net\/index.php?rest_route=\/wp\/v2\/media\/174409"}],"wp:attachment":[{"href":"https:\/\/www.diarioimagen.net\/index.php?rest_route=%2Fwp%2Fv2%2Fmedia&parent=174395"}],"wp:term":[{"taxonomy":"category","embeddable":true,"href":"https:\/\/www.diarioimagen.net\/index.php?rest_route=%2Fwp%2Fv2%2Fcategories&post=174395"},{"taxonomy":"post_tag","embeddable":true,"href":"https:\/\/www.diarioimagen.net\/index.php?rest_route=%2Fwp%2Fv2%2Ftags&post=174395"}],"curies":[{"name":"wp","href":"https:\/\/api.w.org\/{rel}","templated":true}]}}