{"id":174465,"date":"2014-05-18T12:18:33","date_gmt":"2014-05-18T17:18:33","guid":{"rendered":"http:\/\/www.diarioimagen.net\/?p=174465"},"modified":"2014-05-19T06:27:00","modified_gmt":"2014-05-19T11:27:00","slug":"policias-de-veracruz-abaten-a-cinco-presuntos-delincuentes","status":"publish","type":"post","link":"https:\/\/www.diarioimagen.net\/?p=174465","title":{"rendered":"Polic\u00edas de Veracruz abaten a cinco presuntos delincuentes"},"content":{"rendered":"<ul>\n<li><em><strong>Con esos hechos fue desarticulada una banda delictiva se\u00f1alada de cometer diversos il\u00edcitos en la regi\u00f3n de Alto Lucero<\/strong><\/em><\/li>\n<\/ul>\n<div id=\"attachment_174466\" style=\"width: 250px\" class=\"wp-caption alignleft\"><img loading=\"lazy\" decoding=\"async\" aria-describedby=\"caption-attachment-174466\" class=\"size-medium wp-image-174466\" src=\"http:\/\/www.diarioimagen.net\/wp-content\/uploads\/2014\/05\/POLICIAS-portal-240x135.jpg\" alt=\"Hace una semana, el gobernador Javier Duarte anunci\u00f3 la puesta en marcha del operativo \u201cBlindaje Norte 5\u201d, que abarca precisamente carreteras y caminos de esa regi\u00f3n veracruzana.\" width=\"240\" height=\"135\" srcset=\"https:\/\/www.diarioimagen.net\/wp-content\/uploads\/2014\/05\/POLICIAS-portal-240x135.jpg 240w, https:\/\/www.diarioimagen.net\/wp-content\/uploads\/2014\/05\/POLICIAS-portal-420x236.jpg 420w, https:\/\/www.diarioimagen.net\/wp-content\/uploads\/2014\/05\/POLICIAS-portal-235x132.jpg 235w, https:\/\/www.diarioimagen.net\/wp-content\/uploads\/2014\/05\/POLICIAS-portal-202x114.jpg 202w, https:\/\/www.diarioimagen.net\/wp-content\/uploads\/2014\/05\/POLICIAS-portal-350x196.jpg 350w, https:\/\/www.diarioimagen.net\/wp-content\/uploads\/2014\/05\/POLICIAS-portal-220x123.jpg 220w, https:\/\/www.diarioimagen.net\/wp-content\/uploads\/2014\/05\/POLICIAS-portal-237x132.jpg 237w, https:\/\/www.diarioimagen.net\/wp-content\/uploads\/2014\/05\/POLICIAS-portal.jpg 480w\" sizes=\"auto, (max-width: 240px) 100vw, 240px\" \/><p id=\"caption-attachment-174466\" class=\"wp-caption-text\">Hace una semana, el gobernador Javier Duarte anunci\u00f3 la puesta en marcha del operativo \u201cBlindaje Norte 5\u201d, que abarca precisamente carreteras y caminos de esa regi\u00f3n veracruzana.<\/p><\/div>\n<p>XALAPA.- Un enfrentamiento entre polic\u00edas de la Secretar\u00eda de Seguridad P\u00fablica de Veracruz y presuntos miembros de la delincuencia organizada dej\u00f3 un saldo de cinco sospechosos abatidos, entre ellos una mujer, con lo que fue desarticulada una banda delictiva se\u00f1alada de cometer diversos il\u00edcitos en la regi\u00f3n de Alto Lucero.<\/p>\n<p>Los hechos ocurrieron en la comunidad El Viej\u00f3n, en los l\u00edmites de los municipios de Actopan y Alto Lucero, muy cerca de la entrada a la Central Nucleoel\u00e9ctrica de Laguna Verde, donde se implement\u00f3 un operativo por parte de elementos de la Secretar\u00eda de Seguridad P\u00fablica del estado, gracias a una denuncia ciudadana en la que se reportaron personas armadas.<\/p>\n<p>Al llegar a la zona del poblado de \u201cEl Viej\u00f3n\u201d, del municipio de Alto Lucero, los civiles armados agredieron a las unidades de la SSP que acud\u00edan a atender la citada llamada, por lo que los elementos del orden respondieron, mencion\u00f3 en un comunicado la Coordinaci\u00f3n General de Comunicaci\u00f3n Social del Estado de Veracruz.<\/p>\n<p>El ataque fue repelido y durante varios minutos se registr\u00f3 una balacera, que culmin\u00f3 con el saldo referido.<\/p>\n<p>Algunos reportes se\u00f1alaban que otro n\u00famero no determinado de sospechosos huy\u00f3 del lugar, versi\u00f3n que fue ratificada m\u00e1s tarde en la comunicaci\u00f3n oficial, que mencion\u00f3 que se reforz\u00f3 la vigilancia en la zona y se instalaron puntos de revisi\u00f3n, con el fin de encontrar a otros probables miembros de dicha banda.<\/p>\n<p>Hacia la tarde-noche, la Secretar\u00eda de Seguridad P\u00fablica instal\u00f3 retenes como parte de un operativo de b\u00fasqueda de los atacantes, sin que se conozca hasta el momento de detenciones.<\/p>\n","protected":false},"excerpt":{"rendered":"<p>Un enfrentamiento entre polic\u00edas de la Secretar\u00eda de Seguridad P\u00fablica de Veracruz y presuntos miembros de la delincuencia organizada dej\u00f3 un saldo de cinco sospechosos abatidos, entre ellos una mujer, con lo que fue desarticulada una banda delictiva se\u00f1alada de cometer diversos il\u00edcitos en la regi\u00f3n de Alto Lucero.<\/p>\n","protected":false},"author":5,"featured_media":174466,"comment_status":"open","ping_status":"open","sticky":false,"template":"","format":"standard","meta":{"_monsterinsights_skip_tracking":false,"_monsterinsights_sitenote_active":false,"_monsterinsights_sitenote_note":"","_monsterinsights_sitenote_category":0,"footnotes":""},"categories":[17,7],"tags":[52],"class_list":["post-174465","post","type-post","status-publish","format-standard","has-post-thumbnail","hentry","category-especiales","category-seguridad","tag-veracruz"],"_links":{"self":[{"href":"https:\/\/www.diarioimagen.net\/index.php?rest_route=\/wp\/v2\/posts\/174465","targetHints":{"allow":["GET"]}}],"collection":[{"href":"https:\/\/www.diarioimagen.net\/index.php?rest_route=\/wp\/v2\/posts"}],"about":[{"href":"https:\/\/www.diarioimagen.net\/index.php?rest_route=\/wp\/v2\/types\/post"}],"author":[{"embeddable":true,"href":"https:\/\/www.diarioimagen.net\/index.php?rest_route=\/wp\/v2\/users\/5"}],"replies":[{"embeddable":true,"href":"https:\/\/www.diarioimagen.net\/index.php?rest_route=%2Fwp%2Fv2%2Fcomments&post=174465"}],"version-history":[{"count":0,"href":"https:\/\/www.diarioimagen.net\/index.php?rest_route=\/wp\/v2\/posts\/174465\/revisions"}],"wp:featuredmedia":[{"embeddable":true,"href":"https:\/\/www.diarioimagen.net\/index.php?rest_route=\/wp\/v2\/media\/174466"}],"wp:attachment":[{"href":"https:\/\/www.diarioimagen.net\/index.php?rest_route=%2Fwp%2Fv2%2Fmedia&parent=174465"}],"wp:term":[{"taxonomy":"category","embeddable":true,"href":"https:\/\/www.diarioimagen.net\/index.php?rest_route=%2Fwp%2Fv2%2Fcategories&post=174465"},{"taxonomy":"post_tag","embeddable":true,"href":"https:\/\/www.diarioimagen.net\/index.php?rest_route=%2Fwp%2Fv2%2Ftags&post=174465"}],"curies":[{"name":"wp","href":"https:\/\/api.w.org\/{rel}","templated":true}]}}