{"id":175086,"date":"2014-05-22T00:04:24","date_gmt":"2014-05-22T05:04:24","guid":{"rendered":"http:\/\/www.diarioimagen.net\/?p=175086"},"modified":"2014-05-22T03:59:00","modified_gmt":"2014-05-22T08:59:00","slug":"desalojo-deja-71-heridos-15-son-policias-y-56-civiles","status":"publish","type":"post","link":"https:\/\/www.diarioimagen.net\/?p=175086","title":{"rendered":"Desalojo deja 71 heridos; 15 son polic\u00edas y 56 civiles"},"content":{"rendered":"<ul>\n<li><strong><em>Se oponen a obras hidr\u00e1ulicas<\/em><\/strong><\/li>\n<\/ul>\n<div id=\"attachment_175108\" style=\"width: 250px\" class=\"wp-caption alignleft\"><a href=\"http:\/\/www.diarioimagen.net\/wp-content\/uploads\/2014\/05\/DESALOJO-2361.jpg\"><img loading=\"lazy\" decoding=\"async\" aria-describedby=\"caption-attachment-175108\" class=\"size-medium wp-image-175108\" src=\"http:\/\/www.diarioimagen.net\/wp-content\/uploads\/2014\/05\/DESALOJO-2361-240x160.jpg\" alt=\"Granaderos de la Secretar\u00eda de Seguridad P\u00fablica del Distrito Federal se enfrentaron a vecinos del San Bartolo Ameyalco, en la delegaci\u00f3n \u00c1lvaro Obreg\u00f3n.\" width=\"240\" height=\"160\" srcset=\"https:\/\/www.diarioimagen.net\/wp-content\/uploads\/2014\/05\/DESALOJO-2361-240x160.jpg 240w, https:\/\/www.diarioimagen.net\/wp-content\/uploads\/2014\/05\/DESALOJO-2361-420x280.jpg 420w, https:\/\/www.diarioimagen.net\/wp-content\/uploads\/2014\/05\/DESALOJO-2361.jpg 700w\" sizes=\"auto, (max-width: 240px) 100vw, 240px\" \/><\/a><p id=\"caption-attachment-175108\" class=\"wp-caption-text\">Granaderos de la Secretar\u00eda de Seguridad P\u00fablica del Distrito Federal se enfrentaron a vecinos del San Bartolo Ameyalco, en la delegaci\u00f3n \u00c1lvaro Obreg\u00f3n.<\/p><\/div>\n<p>El desalojo de un predio en San Bartolo Ameyalco, en la delegaci\u00f3n \u00c1lvaro Obreg\u00f3n, termin\u00f3 en enfrentamiento entre polic\u00edas capitalinos y pobladores, que dej\u00f3 un saldo de 15 uniformados y 56 civiles heridos, as\u00ed como nueve personas detenidas.<\/p>\n<p>El secretario de Seguridad P\u00fablica del DF, Jes\u00fas Rodr\u00edguez Almeida, sobrevol\u00f3 el lugar en un helic\u00f3ptero para observar la labor de cerca de mil 500 granaderos que restablecieron el orden despu\u00e9s de cinco horas de tensi\u00f3n.<\/p>\n<p>Elementos de la SSPDF resguardaban a trabajadores delegacionales que pretend\u00edan reiniciar labores de una red hidr\u00e1ulica. Personal del Sistema de Aguas de la Ciudad de M\u00e9xico (SACM) lleg\u00f3 al poblado ubicado en la parte alta de \u00c1lvaro Obreg\u00f3n, para retomar las obras de ampliaci\u00f3n del Sistema Cutzamala. Sin embargo, a golpes, pedradas y petardazos los pobladores manifestaron su rechazo a estas acciones.<\/p>\n<p>Los colonos destrozaron una patrulla que pertenece a la Polic\u00eda Metropolitana (granaderos) y causaron lesiones a 15 uniformados, dos de los cuales fueron trasladados graves al Hospital Mocel.<\/p>\n","protected":false},"excerpt":{"rendered":"<p>El desalojo de un predio en San Bartolo Ameyalco, en la delegaci\u00f3n \u00c1lvaro Obreg\u00f3n, termin\u00f3 en enfrentamiento entre polic\u00edas capitalinos y pobladores, que dej\u00f3 un saldo de 15 uniformados y 56 civiles heridos, as\u00ed como nueve personas detenidas.<\/p>\n","protected":false},"author":3,"featured_media":175108,"comment_status":"open","ping_status":"open","sticky":false,"template":"","format":"standard","meta":{"_monsterinsights_skip_tracking":false,"_monsterinsights_sitenote_active":false,"_monsterinsights_sitenote_note":"","_monsterinsights_sitenote_category":0,"footnotes":""},"categories":[7],"tags":[32824,27076,43677],"class_list":["post-175086","post","type-post","status-publish","format-standard","has-post-thumbnail","hentry","category-seguridad","tag-civiles","tag-desalojo","tag-seguridad"],"_links":{"self":[{"href":"https:\/\/www.diarioimagen.net\/index.php?rest_route=\/wp\/v2\/posts\/175086","targetHints":{"allow":["GET"]}}],"collection":[{"href":"https:\/\/www.diarioimagen.net\/index.php?rest_route=\/wp\/v2\/posts"}],"about":[{"href":"https:\/\/www.diarioimagen.net\/index.php?rest_route=\/wp\/v2\/types\/post"}],"author":[{"embeddable":true,"href":"https:\/\/www.diarioimagen.net\/index.php?rest_route=\/wp\/v2\/users\/3"}],"replies":[{"embeddable":true,"href":"https:\/\/www.diarioimagen.net\/index.php?rest_route=%2Fwp%2Fv2%2Fcomments&post=175086"}],"version-history":[{"count":0,"href":"https:\/\/www.diarioimagen.net\/index.php?rest_route=\/wp\/v2\/posts\/175086\/revisions"}],"wp:featuredmedia":[{"embeddable":true,"href":"https:\/\/www.diarioimagen.net\/index.php?rest_route=\/wp\/v2\/media\/175108"}],"wp:attachment":[{"href":"https:\/\/www.diarioimagen.net\/index.php?rest_route=%2Fwp%2Fv2%2Fmedia&parent=175086"}],"wp:term":[{"taxonomy":"category","embeddable":true,"href":"https:\/\/www.diarioimagen.net\/index.php?rest_route=%2Fwp%2Fv2%2Fcategories&post=175086"},{"taxonomy":"post_tag","embeddable":true,"href":"https:\/\/www.diarioimagen.net\/index.php?rest_route=%2Fwp%2Fv2%2Ftags&post=175086"}],"curies":[{"name":"wp","href":"https:\/\/api.w.org\/{rel}","templated":true}]}}