{"id":175119,"date":"2014-05-22T12:21:19","date_gmt":"2014-05-22T17:21:19","guid":{"rendered":"http:\/\/www.diarioimagen.net\/?p=175119"},"modified":"2014-05-26T06:22:27","modified_gmt":"2014-05-26T11:22:27","slug":"concluye-visita-oficial-a-mexico-el-secretario-de-estado-john-kerry","status":"publish","type":"post","link":"https:\/\/www.diarioimagen.net\/?p=175119","title":{"rendered":"Concluye visita oficial a M\u00e9xico el secretario de Estado, John Kerry"},"content":{"rendered":"<ul>\n<li><em><strong>Esta visita permiti\u00f3 fortalecer los v\u00ednculos bilaterales y dar seguimiento a la amplia agenda entre las dos naciones<\/strong><\/em><\/li>\n<\/ul>\n<div id=\"attachment_175120\" style=\"width: 250px\" class=\"wp-caption alignleft\"><img loading=\"lazy\" decoding=\"async\" aria-describedby=\"caption-attachment-175120\" class=\"size-medium wp-image-175120\" src=\"http:\/\/www.diarioimagen.net\/wp-content\/uploads\/2014\/05\/CONCLUYE-portal-240x135.jpg\" alt=\"Esta visita permiti\u00f3 fortalecer los v\u00ednculos bilaterales y dar seguimiento a la amplia agenda entre las dos naciones.\" width=\"240\" height=\"135\" srcset=\"https:\/\/www.diarioimagen.net\/wp-content\/uploads\/2014\/05\/CONCLUYE-portal-240x135.jpg 240w, https:\/\/www.diarioimagen.net\/wp-content\/uploads\/2014\/05\/CONCLUYE-portal-420x236.jpg 420w, https:\/\/www.diarioimagen.net\/wp-content\/uploads\/2014\/05\/CONCLUYE-portal-235x132.jpg 235w, https:\/\/www.diarioimagen.net\/wp-content\/uploads\/2014\/05\/CONCLUYE-portal-202x114.jpg 202w, https:\/\/www.diarioimagen.net\/wp-content\/uploads\/2014\/05\/CONCLUYE-portal-350x196.jpg 350w, https:\/\/www.diarioimagen.net\/wp-content\/uploads\/2014\/05\/CONCLUYE-portal-220x123.jpg 220w, https:\/\/www.diarioimagen.net\/wp-content\/uploads\/2014\/05\/CONCLUYE-portal-237x132.jpg 237w, https:\/\/www.diarioimagen.net\/wp-content\/uploads\/2014\/05\/CONCLUYE-portal.jpg 480w\" sizes=\"auto, (max-width: 240px) 100vw, 240px\" \/><p id=\"caption-attachment-175120\" class=\"wp-caption-text\">Esta visita permiti\u00f3 fortalecer los v\u00ednculos bilaterales y dar seguimiento a la amplia agenda entre las dos naciones.<\/p><\/div>\n<p>El secretario de Estado de Estados Unidos, John Kerry, concluy\u00f3 ayer su visita oficial a M\u00e9xico y fue despedido en el Aeropuerto Internacional de la Ciudad de M\u00e9xico por el canciller Jos\u00e9 Antonio Meade Kuribre\u00f1a.<\/p>\n<p>En la sede de la Secretar\u00eda de Relaciones Exteriores, Kerry y Meade encabezaron la ceremonia de lanzamiento del Foro Bilateral sobre Educaci\u00f3n Superior, Innovaci\u00f3n e Investigaci\u00f3n (FOBESII), mecanismo que refleja el consenso de los sectores acad\u00e9mico, privado y civil de ambos pa\u00edses para invertir en la competitividad futura de Am\u00e9rica del Norte, al impulsar la movilidad de los estudiantes, consolidar los v\u00ednculos entre investigadores y desarrollar proyectos de investigaci\u00f3n e innovaci\u00f3n.<\/p>\n<p>Como parte de su agenda en M\u00e9xico, el secretario de Estado se reuni\u00f3 con el presidente Enrique Pe\u00f1a Nieto en la residencia oficial de Los Pinos y, adem\u00e1s, visit\u00f3 el Palacio Nacional, la Feria de las Culturas Amigas en la Plaza de la Constituci\u00f3n y asisti\u00f3 a una cena de honor en el Museo Nacional de Arte.<\/p>\n","protected":false},"excerpt":{"rendered":"<p>El secretario de Estado de Estados Unidos, John Kerry, concluy\u00f3 ayer su visita oficial a M\u00e9xico y fue despedido en el Aeropuerto Internacional de la Ciudad de M\u00e9xico por el canciller Jos\u00e9 Antonio Meade Kuribre\u00f1a.<\/p>\n","protected":false},"author":5,"featured_media":175120,"comment_status":"open","ping_status":"open","sticky":false,"template":"","format":"standard","meta":{"_monsterinsights_skip_tracking":false,"_monsterinsights_sitenote_active":false,"_monsterinsights_sitenote_note":"","_monsterinsights_sitenote_category":0,"footnotes":""},"categories":[17],"tags":[7858,18,26595],"class_list":["post-175119","post","type-post","status-publish","format-standard","has-post-thumbnail","hentry","category-especiales","tag-educacion-superior","tag-enrique-pena-nieto","tag-john-kerry"],"_links":{"self":[{"href":"https:\/\/www.diarioimagen.net\/index.php?rest_route=\/wp\/v2\/posts\/175119","targetHints":{"allow":["GET"]}}],"collection":[{"href":"https:\/\/www.diarioimagen.net\/index.php?rest_route=\/wp\/v2\/posts"}],"about":[{"href":"https:\/\/www.diarioimagen.net\/index.php?rest_route=\/wp\/v2\/types\/post"}],"author":[{"embeddable":true,"href":"https:\/\/www.diarioimagen.net\/index.php?rest_route=\/wp\/v2\/users\/5"}],"replies":[{"embeddable":true,"href":"https:\/\/www.diarioimagen.net\/index.php?rest_route=%2Fwp%2Fv2%2Fcomments&post=175119"}],"version-history":[{"count":0,"href":"https:\/\/www.diarioimagen.net\/index.php?rest_route=\/wp\/v2\/posts\/175119\/revisions"}],"wp:featuredmedia":[{"embeddable":true,"href":"https:\/\/www.diarioimagen.net\/index.php?rest_route=\/wp\/v2\/media\/175120"}],"wp:attachment":[{"href":"https:\/\/www.diarioimagen.net\/index.php?rest_route=%2Fwp%2Fv2%2Fmedia&parent=175119"}],"wp:term":[{"taxonomy":"category","embeddable":true,"href":"https:\/\/www.diarioimagen.net\/index.php?rest_route=%2Fwp%2Fv2%2Fcategories&post=175119"},{"taxonomy":"post_tag","embeddable":true,"href":"https:\/\/www.diarioimagen.net\/index.php?rest_route=%2Fwp%2Fv2%2Ftags&post=175119"}],"curies":[{"name":"wp","href":"https:\/\/api.w.org\/{rel}","templated":true}]}}