{"id":175134,"date":"2014-05-23T00:03:34","date_gmt":"2014-05-23T05:03:34","guid":{"rendered":"http:\/\/www.diarioimagen.net\/?p=175134"},"modified":"2014-05-26T06:23:34","modified_gmt":"2014-05-26T11:23:34","slug":"reconoce-cervantes-que-aun-es-posible-pension-vitalicia","status":"publish","type":"post","link":"https:\/\/www.diarioimagen.net\/?p=175134","title":{"rendered":"Reconoce Cervantes que a\u00fan es posible pensi\u00f3n vitalicia"},"content":{"rendered":"<ul>\n<li><em><strong>El pri\u00edsta dice que haber de retiro debi\u00f3 de haberse acotado para evitar una mala interpretaci\u00f3n<\/strong><\/em><\/li>\n<\/ul>\n<div id=\"attachment_175135\" style=\"width: 250px\" class=\"wp-caption alignleft\"><img loading=\"lazy\" decoding=\"async\" aria-describedby=\"caption-attachment-175135\" class=\"wp-image-175135 size-medium\" src=\"http:\/\/www.diarioimagen.net\/wp-content\/uploads\/2014\/05\/raul-portal-240x135.jpg\" alt=\"Cervantes inform\u00f3 que entregar\u00e1 un informe detallado y transparente a los legisladores de la votaci\u00f3n del haber de retiro aprobado en la Ley Org\u00e1nica del poder Judicial de la Federaci\u00f3n.\" width=\"240\" height=\"135\" srcset=\"https:\/\/www.diarioimagen.net\/wp-content\/uploads\/2014\/05\/raul-portal-240x135.jpg 240w, https:\/\/www.diarioimagen.net\/wp-content\/uploads\/2014\/05\/raul-portal-420x236.jpg 420w, https:\/\/www.diarioimagen.net\/wp-content\/uploads\/2014\/05\/raul-portal-235x132.jpg 235w, https:\/\/www.diarioimagen.net\/wp-content\/uploads\/2014\/05\/raul-portal-202x114.jpg 202w, https:\/\/www.diarioimagen.net\/wp-content\/uploads\/2014\/05\/raul-portal-350x196.jpg 350w, https:\/\/www.diarioimagen.net\/wp-content\/uploads\/2014\/05\/raul-portal-220x123.jpg 220w, https:\/\/www.diarioimagen.net\/wp-content\/uploads\/2014\/05\/raul-portal-237x132.jpg 237w, https:\/\/www.diarioimagen.net\/wp-content\/uploads\/2014\/05\/raul-portal.jpg 480w\" sizes=\"auto, (max-width: 240px) 100vw, 240px\" \/><p id=\"caption-attachment-175135\" class=\"wp-caption-text\">Ra\u00fal Cervantes, presidente del Senado, reconoci\u00f3 que el problema de las pensiones a los magistrados electorales fue un asunto de comunicaci\u00f3n que no se supo plantear a medios.<\/p><\/div>\n<p>El presidente del Senado, Ra\u00fal Cervantes, reconoci\u00f3 que se dej\u00f3 abierta la posibilidad de aplicar una pensi\u00f3n vitalicia, la cual, dijo, debi\u00f3 haberse acotado. Sin embargo, rechaz\u00f3 que hayan existido irregularidades en el proceso legislativo para aprobar el haber de retiro para los magistrados del Tribunal Electoral del Poder Judicial de la Federaci\u00f3n y expres\u00f3: \u201cYo estoy convencido de que la percepci\u00f3n de los ciudadanos es que esa facultad debi\u00f3 haber sido acotada, reglada y no dejar abierta la posibilidad de que pudieran llevarlo hasta el tema de ser vitalicio\u201d.<\/p>\n<p>\u201cY ni dice la palabra vitalicio, pero pudiera llegar a ser vitalicio\u201d.<\/p>\n<p>El pri\u00edsta afirm\u00f3 que todos los senadores tuvieron conocimiento de esa modificaci\u00f3n del art\u00edculo 290 de la Ley Org\u00e1nica del Poder Judicial de la Federaci\u00f3n y que inclusive se someti\u00f3 a votaci\u00f3n del pleno modificar esa redacci\u00f3n, pero la mayor\u00eda rechaz\u00f3 discutirla.<\/p>\n<p>\u201cClaro que fue le\u00eddo por el vicepresidente Luis S\u00e1nchez, del PRD, tanto en tribuna como la secretaria le dio lectura y fue desechada en su discusi\u00f3n la modificaci\u00f3n de esa fracci\u00f3n por lo cual les afirmo no hay ninguna violaci\u00f3n del proceso legislativo, fue tratado, fue mencionado no m\u00e1s no fue aceptada la modificaci\u00f3n\u201d, coment\u00f3.<\/p>\n<p>Cervantes inform\u00f3 que entregar\u00e1 un informe detallado y transparente a los legisladores de la votaci\u00f3n del haber de retiro aprobado en la Ley Org\u00e1nica del poder Judicial de la Federaci\u00f3n.<\/p>\n<p>Por su parte, la fracci\u00f3n del PRD en la C\u00e1mara de Diputados calific\u00f3 la renuncia de los magistrados electorales a su haber de retiro como una actitud de chantaje e insensibilidad ante el reclamo social por las millonarias prestaciones para esos funcionarios.<\/p>\n<p>El vicecoordinador perredista Miguel Alonso Raya, coment\u00f3 que, sin embargo, \u201cla decisi\u00f3n de renunciar a la pensi\u00f3n lleva impl\u00edcito el reconocimiento de que fue un grave error la pretensi\u00f3n de sacar un haber de retiro en el marco de la reforma electoral y meterlo de contrabando\u201d.<\/p>\n<p>Alonso Raya agreg\u00f3 que \u201chay una actitud francamente de chantaje, que muestra una gran insensibilidad de parte de los magistrados, que no se acerca ni m\u00ednimamente a un ejercicio de autocr\u00edtica o a un m\u00ednimo de sensibilidad frente al reclamo social\u201d.<\/p>\n","protected":false},"excerpt":{"rendered":"<p>El presidente del Senado, Ra\u00fal Cervantes, reconoci\u00f3 que se dej\u00f3 abierta la posibilidad de aplicar una pensi\u00f3n vitalicia, la cual, dijo, debi\u00f3 haberse acotado. Sin embargo, rechaz\u00f3 que hayan existido irregularidades en el proceso legislativo para aprobar el haber de retiro para los magistrados del Tribunal Electoral del Poder Judicial de la Federaci\u00f3n y expres\u00f3: \u201cYo estoy convencido de que la percepci\u00f3n de los ciudadanos es que esa facultad debi\u00f3 haber sido acotada, reglada y no dejar abierta la posibilidad de que pudieran llevarlo hasta el tema de ser vitalicio\u201d.<\/p>\n","protected":false},"author":5,"featured_media":175135,"comment_status":"open","ping_status":"open","sticky":false,"template":"","format":"standard","meta":{"_monsterinsights_skip_tracking":false,"_monsterinsights_sitenote_active":false,"_monsterinsights_sitenote_note":"","_monsterinsights_sitenote_category":0,"footnotes":""},"categories":[17,3],"tags":[28175,43673,32830,10328],"class_list":["post-175134","post","type-post","status-publish","format-standard","has-post-thumbnail","hentry","category-especiales","category-nacional","tag-luis-sanchez","tag-nacional","tag-raul-cervantes","tag-tribunal-electoral-del-poder-judicial-de-la-federacion"],"_links":{"self":[{"href":"https:\/\/www.diarioimagen.net\/index.php?rest_route=\/wp\/v2\/posts\/175134","targetHints":{"allow":["GET"]}}],"collection":[{"href":"https:\/\/www.diarioimagen.net\/index.php?rest_route=\/wp\/v2\/posts"}],"about":[{"href":"https:\/\/www.diarioimagen.net\/index.php?rest_route=\/wp\/v2\/types\/post"}],"author":[{"embeddable":true,"href":"https:\/\/www.diarioimagen.net\/index.php?rest_route=\/wp\/v2\/users\/5"}],"replies":[{"embeddable":true,"href":"https:\/\/www.diarioimagen.net\/index.php?rest_route=%2Fwp%2Fv2%2Fcomments&post=175134"}],"version-history":[{"count":0,"href":"https:\/\/www.diarioimagen.net\/index.php?rest_route=\/wp\/v2\/posts\/175134\/revisions"}],"wp:featuredmedia":[{"embeddable":true,"href":"https:\/\/www.diarioimagen.net\/index.php?rest_route=\/wp\/v2\/media\/175135"}],"wp:attachment":[{"href":"https:\/\/www.diarioimagen.net\/index.php?rest_route=%2Fwp%2Fv2%2Fmedia&parent=175134"}],"wp:term":[{"taxonomy":"category","embeddable":true,"href":"https:\/\/www.diarioimagen.net\/index.php?rest_route=%2Fwp%2Fv2%2Fcategories&post=175134"},{"taxonomy":"post_tag","embeddable":true,"href":"https:\/\/www.diarioimagen.net\/index.php?rest_route=%2Fwp%2Fv2%2Ftags&post=175134"}],"curies":[{"name":"wp","href":"https:\/\/api.w.org\/{rel}","templated":true}]}}