{"id":175150,"date":"2014-05-22T21:03:48","date_gmt":"2014-05-23T02:03:48","guid":{"rendered":"http:\/\/www.diarioimagen.net\/?p=175150"},"modified":"2014-05-26T06:22:43","modified_gmt":"2014-05-26T11:22:43","slug":"eduardo-gazanini-presenta-sus-sombras-del-pasado","status":"publish","type":"post","link":"https:\/\/www.diarioimagen.net\/?p=175150","title":{"rendered":"Eduardo Gazanini presenta sus \u201cSombras del pasado\u201d"},"content":{"rendered":"<ul>\n<li><strong><em>El joven ha obtenido un \u00e9xito rotundo con su \u00e1lbum debut<\/em><\/strong><\/li>\n<\/ul>\n<h5><strong>Texto: Arturo Arellano<\/strong><\/h5>\n<div id=\"attachment_175151\" style=\"width: 250px\" class=\"wp-caption alignleft\"><img loading=\"lazy\" decoding=\"async\" aria-describedby=\"caption-attachment-175151\" class=\"size-medium wp-image-175151\" src=\"http:\/\/www.diarioimagen.net\/wp-content\/uploads\/2014\/05\/eduardo-gazanini-PORTAL-240x135.jpg\" alt=\"El disco de Eduardo Gazanini ya esta disponible ala venta en tiendas digitales y f\u00edsico por medio de las redes sociales y presentaciones en vivo. (Foto: Arturo Arellano)\" width=\"240\" height=\"135\" srcset=\"https:\/\/www.diarioimagen.net\/wp-content\/uploads\/2014\/05\/eduardo-gazanini-PORTAL-240x135.jpg 240w, https:\/\/www.diarioimagen.net\/wp-content\/uploads\/2014\/05\/eduardo-gazanini-PORTAL-420x236.jpg 420w, https:\/\/www.diarioimagen.net\/wp-content\/uploads\/2014\/05\/eduardo-gazanini-PORTAL-235x132.jpg 235w, https:\/\/www.diarioimagen.net\/wp-content\/uploads\/2014\/05\/eduardo-gazanini-PORTAL-202x114.jpg 202w, https:\/\/www.diarioimagen.net\/wp-content\/uploads\/2014\/05\/eduardo-gazanini-PORTAL-350x196.jpg 350w, https:\/\/www.diarioimagen.net\/wp-content\/uploads\/2014\/05\/eduardo-gazanini-PORTAL-220x123.jpg 220w, https:\/\/www.diarioimagen.net\/wp-content\/uploads\/2014\/05\/eduardo-gazanini-PORTAL-237x132.jpg 237w, https:\/\/www.diarioimagen.net\/wp-content\/uploads\/2014\/05\/eduardo-gazanini-PORTAL.jpg 480w\" sizes=\"auto, (max-width: 240px) 100vw, 240px\" \/><p id=\"caption-attachment-175151\" class=\"wp-caption-text\">El disco de Eduardo Gazanini ya esta disponible ala venta en tiendas digitales y f\u00edsico por medio de las redes sociales y presentaciones en vivo. (Foto: Arturo Arellano)<\/p><\/div>\n<p>Reci\u00e9n el joven cantante Eduardo Gazanini, lanz\u00f3 su \u00e1lbum debut y hom\u00f3nimo al mercado, obteniendo una respuesta impresionante de parte de sus seguidores en las redes sociales, quienes en seguida empezaron a lanzar comentarios positivos con respecto a los temas de los cuales platico en entrevista para DIARIO IMAGEN, durante su visita a nuestra redacci\u00f3n, especialmente de su segundo sencillo \u201cSombras del pasado\u201d.<\/p>\n<p>Con una industria musical revolucionada Gazanini platic\u00f3, \u201cla gente se ha identificado muy bien con cada tema del disco, eso me emociona mucho, el video tuvo gran aceptaci\u00f3n lo grabamos en el lunario del Auditorio Nacional en vivo y hoy estoy en b\u00fasqueda de colocar mi segundo sencillo, la gente ya lo conoce pero me gustar\u00eda llevarlo mas lejos\u201d.<\/p>\n<p>Cabe destacar que todas las letras del disco fueron escritas por el maestro Willy Guti\u00e9rrez, quien personalmente cedi\u00f3 los temas a su alumno Gazanini, \u201clas letras son muy intensas, tiene la capacidad de hablar del amor a lo que sea y del desamor al odio, por ejemplo este segundo sencillo \u2018Sombras del pasado\u2019 tiene un fragmento en el que dice \u2018por eso vivo sin amargura, feliz y libre de tu basura\u2019 es bastante buena, disfruto mucho cantar sus letras del maestro Guti\u00e9rrez\u201d, se\u00f1al\u00f3, no descartando la posibilidad a futuro de lanzar temas de su propia autor\u00eda, \u201cTengo algunas composiciones m\u00edas, pero no me animo a sacarlas aun, cuando llegue su momento espero que la gente las reciba igual de bien, pero antes me estoy preparando para ofrecer temas de calidad\u201d.<\/p>\n<p>Aseguro haber ganado mucha experiencia al compartir el escenario con grandes m\u00fasicos, \u201cTanto para el disco, como para las presentaciones en vivo, he tenido la suerte de compartir con m\u00fasicos profesionales, que han trabajado con Alejandro Fern\u00e1ndez por ejemplo y que ya tiene un gran recorrido en la m\u00fasica, esto ha sido una experiencia inolvidable y que me ha servido demasiado, me llena de energ\u00eda estar entre la energ\u00eda del publico y de la banda\u201d, puntualiz\u00f3.<\/p>\n<p>En constante crecimiento se dijo con ganas de que la gente guste de su esfuerzo y trabajo, \u201cEs complicado trabajar con gente tan profesional, pero eso me ha servido demasiado, me exigen bastante y crezco mucho por ello, a la vez sigo estudiando en la academia del maestro Willy, pretendo ser un profesional siempre esperando que la gente acepte mi esfuerzo, quiero que la gente se olvide de todo con mi m\u00fasica, que se sienta alegre cuando me escuchen\u201d.<\/p>\n<p>C\u00f3modo en el genero que interpreta lo describi\u00f3 como \u201cPop funk y balada, es el genero que me acomoda y que me hace sentir bien, lo hemos ido trabajando con ejercicios en la academia donde se me permite experimentar con varios g\u00e9neros y me siento capaz de cantar otros estilos, pero aqu\u00ed es donde me siento mas contento, es lo que quiero proyectar\u201d, asegur\u00f3.<\/p>\n","protected":false},"excerpt":{"rendered":"<p>Reci\u00e9n el joven cantante Eduardo Gazanini, lanz\u00f3 su \u00e1lbum debut y hom\u00f3nimo al mercado, obteniendo una respuesta impresionante de parte de sus seguidores en las redes sociales, quienes en seguida empezaron a lanzar comentarios positivos con respecto a los temas de los cuales platico en entrevista para DIARIO IMAGEN, durante su visita a nuestra redacci\u00f3n, especialmente de su segundo sencillo \u201cSombras del pasado\u201d.<\/p>\n","protected":false},"author":5,"featured_media":175151,"comment_status":"open","ping_status":"open","sticky":false,"template":"","format":"standard","meta":{"_monsterinsights_skip_tracking":false,"_monsterinsights_sitenote_active":false,"_monsterinsights_sitenote_note":"","_monsterinsights_sitenote_category":0,"footnotes":""},"categories":[17],"tags":[43682],"class_list":["post-175150","post","type-post","status-publish","format-standard","has-post-thumbnail","hentry","category-especiales","tag-espectaculos"],"_links":{"self":[{"href":"https:\/\/www.diarioimagen.net\/index.php?rest_route=\/wp\/v2\/posts\/175150","targetHints":{"allow":["GET"]}}],"collection":[{"href":"https:\/\/www.diarioimagen.net\/index.php?rest_route=\/wp\/v2\/posts"}],"about":[{"href":"https:\/\/www.diarioimagen.net\/index.php?rest_route=\/wp\/v2\/types\/post"}],"author":[{"embeddable":true,"href":"https:\/\/www.diarioimagen.net\/index.php?rest_route=\/wp\/v2\/users\/5"}],"replies":[{"embeddable":true,"href":"https:\/\/www.diarioimagen.net\/index.php?rest_route=%2Fwp%2Fv2%2Fcomments&post=175150"}],"version-history":[{"count":0,"href":"https:\/\/www.diarioimagen.net\/index.php?rest_route=\/wp\/v2\/posts\/175150\/revisions"}],"wp:featuredmedia":[{"embeddable":true,"href":"https:\/\/www.diarioimagen.net\/index.php?rest_route=\/wp\/v2\/media\/175151"}],"wp:attachment":[{"href":"https:\/\/www.diarioimagen.net\/index.php?rest_route=%2Fwp%2Fv2%2Fmedia&parent=175150"}],"wp:term":[{"taxonomy":"category","embeddable":true,"href":"https:\/\/www.diarioimagen.net\/index.php?rest_route=%2Fwp%2Fv2%2Fcategories&post=175150"},{"taxonomy":"post_tag","embeddable":true,"href":"https:\/\/www.diarioimagen.net\/index.php?rest_route=%2Fwp%2Fv2%2Ftags&post=175150"}],"curies":[{"name":"wp","href":"https:\/\/api.w.org\/{rel}","templated":true}]}}