{"id":175294,"date":"2014-05-25T12:29:06","date_gmt":"2014-05-25T17:29:06","guid":{"rendered":"http:\/\/www.diarioimagen.net\/?p=175294"},"modified":"2014-05-26T06:23:59","modified_gmt":"2014-05-26T11:23:59","slug":"pri-anuncia-debate-publico-en-junio-sobre-leyes-energeticas","status":"publish","type":"post","link":"https:\/\/www.diarioimagen.net\/?p=175294","title":{"rendered":"PRI anuncia debate p\u00fablico en junio sobre leyes energ\u00e9ticas"},"content":{"rendered":"<ul>\n<li><em><strong>Del 29 de mayo al 19 de junio, las comisiones dictaminadoras en la C\u00e1mara de Diputados realizar\u00e1n sesiones p\u00fablicas y transparentes: Beltrones<\/strong><\/em><\/li>\n<\/ul>\n<div id=\"attachment_175295\" style=\"width: 250px\" class=\"wp-caption alignleft\"><img loading=\"lazy\" decoding=\"async\" aria-describedby=\"caption-attachment-175295\" class=\"size-medium wp-image-175295\" src=\"http:\/\/www.diarioimagen.net\/wp-content\/uploads\/2014\/05\/DEBATE-PORTAL-240x135.jpg\" alt=\"Sostuvo que el decreto que crea el Fondo Mexicano del Petr\u00f3leo para la Estabilizaci\u00f3n y el Desarrollo tiene el prop\u00f3sito de asegurar que los ingresos petroleros se destinen a mantener la estabilidad de las finanzas p\u00fablicas.\" width=\"240\" height=\"135\" srcset=\"https:\/\/www.diarioimagen.net\/wp-content\/uploads\/2014\/05\/DEBATE-PORTAL-240x135.jpg 240w, https:\/\/www.diarioimagen.net\/wp-content\/uploads\/2014\/05\/DEBATE-PORTAL-420x236.jpg 420w, https:\/\/www.diarioimagen.net\/wp-content\/uploads\/2014\/05\/DEBATE-PORTAL-235x132.jpg 235w, https:\/\/www.diarioimagen.net\/wp-content\/uploads\/2014\/05\/DEBATE-PORTAL-202x114.jpg 202w, https:\/\/www.diarioimagen.net\/wp-content\/uploads\/2014\/05\/DEBATE-PORTAL-350x196.jpg 350w, https:\/\/www.diarioimagen.net\/wp-content\/uploads\/2014\/05\/DEBATE-PORTAL-220x123.jpg 220w, https:\/\/www.diarioimagen.net\/wp-content\/uploads\/2014\/05\/DEBATE-PORTAL-237x132.jpg 237w, https:\/\/www.diarioimagen.net\/wp-content\/uploads\/2014\/05\/DEBATE-PORTAL.jpg 480w\" sizes=\"auto, (max-width: 240px) 100vw, 240px\" \/><p id=\"caption-attachment-175295\" class=\"wp-caption-text\">Sostuvo que el decreto que crea el Fondo Mexicano del Petr\u00f3leo para la Estabilizaci\u00f3n y el Desarrollo tiene el prop\u00f3sito de asegurar que los ingresos petroleros se destinen a mantener la estabilidad de las finanzas p\u00fablicas.<\/p><\/div>\n<p>El coordinador de la diputaci\u00f3n del PRI, Manlio Fabio Beltrones, sostuvo que se ha establecido una ruta de trabajo para procesar las leyes reglamentarias en materia de energ\u00eda, que incluyen un amplio debate que ser\u00e1 p\u00fablico y transparente y que servir\u00e1 para elaborar los dict\u00e1menes correspondientes como paso previo a su discusi\u00f3n y aprobaci\u00f3n, antes de finalizar el mes de junio, por las comisiones legislativas y el pleno de la C\u00e1mara de Diputados.<\/p>\n<p>Por acuerdo de la Junta de Coordinaci\u00f3n Pol\u00edtica, a partir del 29 de mayo y hasta el 19 de junio, las comisiones de Hacienda y Cr\u00e9dito P\u00fablico, de Energ\u00eda, de Presupuesto y Cuenta P\u00fablica tendr\u00e1n sesiones p\u00fablicas para analizar las tres iniciativas de ley presentadas por el Ejecutivo federal que reglamentan la reforma constitucional de diciembre pasado en los aspectos que son facultad exclusiva de la C\u00e1mara de Diputados\u201d, expres\u00f3.<\/p>\n<p>Beltrones Rivera dijo que la Ley de Ingresos sobre Hidrocarburos establece el r\u00e9gimen fiscal que regir\u00e1 a la iniciativa privada y Pemex a partir de sus ingresos por contratos y asignaciones, la Ley Federal de Presupuesto y Responsabilidad Hacendaria, que tambi\u00e9n incluye reformas a la Ley General de Deuda P\u00fablica, regula el destino de los ingresos petroleros y el r\u00e9gimen presupuestario de las empresas productivas del Estado, Pemex y Comisi\u00f3n Federal de Electricidad.<\/p>\n","protected":false},"excerpt":{"rendered":"<p>El coordinador de la diputaci\u00f3n del PRI, Manlio Fabio Beltrones, sostuvo que se ha establecido una ruta de trabajo para procesar las leyes reglamentarias en materia de energ\u00eda, que incluyen un amplio debate que ser\u00e1 p\u00fablico y transparente y que servir\u00e1 para elaborar los dict\u00e1menes correspondientes como paso previo a su discusi\u00f3n y aprobaci\u00f3n, antes de finalizar el mes de junio, por las comisiones legislativas y el pleno de la C\u00e1mara de Diputados.<\/p>\n","protected":false},"author":5,"featured_media":175295,"comment_status":"open","ping_status":"open","sticky":false,"template":"","format":"standard","meta":{"_monsterinsights_skip_tracking":false,"_monsterinsights_sitenote_active":false,"_monsterinsights_sitenote_note":"","_monsterinsights_sitenote_category":0,"footnotes":""},"categories":[17],"tags":[32855,362],"class_list":["post-175294","post","type-post","status-publish","format-standard","has-post-thumbnail","hentry","category-especiales","tag-leyes-energeticas","tag-pri"],"_links":{"self":[{"href":"https:\/\/www.diarioimagen.net\/index.php?rest_route=\/wp\/v2\/posts\/175294","targetHints":{"allow":["GET"]}}],"collection":[{"href":"https:\/\/www.diarioimagen.net\/index.php?rest_route=\/wp\/v2\/posts"}],"about":[{"href":"https:\/\/www.diarioimagen.net\/index.php?rest_route=\/wp\/v2\/types\/post"}],"author":[{"embeddable":true,"href":"https:\/\/www.diarioimagen.net\/index.php?rest_route=\/wp\/v2\/users\/5"}],"replies":[{"embeddable":true,"href":"https:\/\/www.diarioimagen.net\/index.php?rest_route=%2Fwp%2Fv2%2Fcomments&post=175294"}],"version-history":[{"count":0,"href":"https:\/\/www.diarioimagen.net\/index.php?rest_route=\/wp\/v2\/posts\/175294\/revisions"}],"wp:featuredmedia":[{"embeddable":true,"href":"https:\/\/www.diarioimagen.net\/index.php?rest_route=\/wp\/v2\/media\/175295"}],"wp:attachment":[{"href":"https:\/\/www.diarioimagen.net\/index.php?rest_route=%2Fwp%2Fv2%2Fmedia&parent=175294"}],"wp:term":[{"taxonomy":"category","embeddable":true,"href":"https:\/\/www.diarioimagen.net\/index.php?rest_route=%2Fwp%2Fv2%2Fcategories&post=175294"},{"taxonomy":"post_tag","embeddable":true,"href":"https:\/\/www.diarioimagen.net\/index.php?rest_route=%2Fwp%2Fv2%2Ftags&post=175294"}],"curies":[{"name":"wp","href":"https:\/\/api.w.org\/{rel}","templated":true}]}}